{"id":16989,"date":"2026-03-30T10:17:15","date_gmt":"2026-03-30T08:17:15","guid":{"rendered":"https:\/\/azlp.mk\/pjesemarrja-e-drejtorit-te-amdhp-se-ne-kongresin-e-v-te-nderkombetar-te-avokateve-ne-bled\/"},"modified":"2026-04-06T10:17:15","modified_gmt":"2026-04-06T08:17:15","slug":"pjesemarrja-e-drejtorit-te-amdhp-se-ne-kongresin-e-v-te-nderkombetar-te-avokateve-ne-bled","status":"publish","type":"post","link":"https:\/\/azlp.mk\/sq\/pjesemarrja-e-drejtorit-te-amdhp-se-ne-kongresin-e-v-te-nderkombetar-te-avokateve-ne-bled\/","title":{"rendered":"Pjes\u00ebmarrja e Drejtorit t\u00eb AMDhP-s\u00eb n\u00eb Kongresin e V-t\u00eb Nd\u00ebrkomb\u00ebtar t\u00eb Avokat\u00ebve n\u00eb Bled"},"content":{"rendered":"<p>Drejtori i Agjencis\u00eb p\u00ebr Mbrojtjen e t\u00eb Dh\u00ebnave Personale z. Nakil Fetai, mori pjes\u00eb n\u00eb Kongresin e V-t\u00eb Nd\u00ebrkomb\u00ebtar t\u00eb Avokat\u00ebve, i cili u mbajt n\u00eb Bled, Slloveni, n\u00eb organizim t\u00eb KEC Group, nga 25 deri m\u00eb 28 mars 2026.<br \/>\nKongresi grumbulloi ekspert\u00eb kryesor\u00eb n\u00eb fush\u00ebn e mbrojtjes s\u00eb t\u00eb dh\u00ebnave personale dhe teknologjive ligjore, me fokus n\u00eb sfidat aktuale lidhur me zbatimin e GDPR-s\u00eb dhe zhvillimin e inteligjenc\u00ebs artificiale.<br \/>\nDrejtori Fetai ishte pjes\u00eb e panelit diskutues me tem\u00eb \u201eInteligjenca Artificiale \u2013 \u00e7far\u00eb na pret?\u201c, ku s\u00eb bashku me ekspert\u00eb rajonal\u00eb dhe evropian\u00eb u diskutua p\u00ebr kuadrin ligjor dhe aspektet praktike t\u00eb zbatimit t\u00eb inteligjenc\u00ebs artificiale.<br \/>\nPaneli ofroi shk\u00ebmbim p\u00ebrvojash dhe praktika t\u00eb mira, me nj\u00eb fokus t\u00eb ve\u00e7ant\u00eb n\u00eb harmonizimin e legjislacionit n\u00eb rajon dhe rolin e institucioneve n\u00eb sigurimin e mbrojtjes s\u00eb t\u00eb dh\u00ebnave personale n\u00eb epok\u00ebn e AI.<\/p>\n<p><img decoding=\"async\" class=\"alignnone wp-image-16982\" src=\"https:\/\/azlp.mk\/wp-content\/uploads\/2026\/04\/thumb_show-1024x683.jpg\" alt=\"\" width=\"490\" height=\"327\" srcset=\"https:\/\/azlp.mk\/wp-content\/uploads\/2026\/04\/thumb_show-200x133.jpg 200w, https:\/\/azlp.mk\/wp-content\/uploads\/2026\/04\/thumb_show-300x200.jpg 300w, https:\/\/azlp.mk\/wp-content\/uploads\/2026\/04\/thumb_show-400x267.jpg 400w, https:\/\/azlp.mk\/wp-content\/uploads\/2026\/04\/thumb_show-600x400.jpg 600w, https:\/\/azlp.mk\/wp-content\/uploads\/2026\/04\/thumb_show-768x512.jpg 768w, https:\/\/azlp.mk\/wp-content\/uploads\/2026\/04\/thumb_show-800x533.jpg 800w, https:\/\/azlp.mk\/wp-content\/uploads\/2026\/04\/thumb_show-1024x683.jpg 1024w, https:\/\/azlp.mk\/wp-content\/uploads\/2026\/04\/thumb_show-1200x800.jpg 1200w, https:\/\/azlp.mk\/wp-content\/uploads\/2026\/04\/thumb_show.jpg 1500w\" sizes=\"(max-width: 490px) 100vw, 490px\" \/> <img decoding=\"async\" class=\"alignnone wp-image-16979\" src=\"https:\/\/azlp.mk\/wp-content\/uploads\/2026\/04\/thumb_show-1-1024x683.jpg\" alt=\"\" width=\"487\" height=\"325\" srcset=\"https:\/\/azlp.mk\/wp-content\/uploads\/2026\/04\/thumb_show-1-200x133.jpg 200w, https:\/\/azlp.mk\/wp-content\/uploads\/2026\/04\/thumb_show-1-300x200.jpg 300w, https:\/\/azlp.mk\/wp-content\/uploads\/2026\/04\/thumb_show-1-400x267.jpg 400w, https:\/\/azlp.mk\/wp-content\/uploads\/2026\/04\/thumb_show-1-600x400.jpg 600w, https:\/\/azlp.mk\/wp-content\/uploads\/2026\/04\/thumb_show-1-768x512.jpg 768w, https:\/\/azlp.mk\/wp-content\/uploads\/2026\/04\/thumb_show-1-800x533.jpg 800w, https:\/\/azlp.mk\/wp-content\/uploads\/2026\/04\/thumb_show-1-1024x683.jpg 1024w, https:\/\/azlp.mk\/wp-content\/uploads\/2026\/04\/thumb_show-1-1200x800.jpg 1200w, https:\/\/azlp.mk\/wp-content\/uploads\/2026\/04\/thumb_show-1.jpg 1500w\" sizes=\"(max-width: 487px) 100vw, 487px\" \/><\/p>\n","protected":false},"excerpt":{"rendered":"<p>Drejtori i Agjencis\u00eb p\u00ebr Mbrojtjen e t\u00eb Dh\u00ebnave Personale z. [&hellip;]<\/p>\n","protected":false},"author":6,"featured_media":16986,"comment_status":"closed","ping_status":"closed","sticky":false,"template":"","format":"standard","meta":{"footnotes":""},"categories":[80,228],"tags":[],"yoast_head":"<!-- This site is optimized with the Yoast SEO plugin v19.9 - https:\/\/yoast.com\/wordpress\/plugins\/seo\/ -->\n<title>Pjes\u00ebmarrja e Drejtorit t\u00eb AMDhP-s\u00eb n\u00eb Kongresin e V-t\u00eb Nd\u00ebrkomb\u00ebtar t\u00eb Avokat\u00ebve n\u00eb Bled - \u0410\u0433\u0435\u043d\u0446\u0438\u0458\u0430 \u0437\u0430 \u0437\u0430\u0448\u0442\u0438\u0442\u0430 \u043d\u0430 \u043b\u0438\u0447\u043d\u0438\u0442\u0435 \u043f\u043e\u0434\u0430\u0442\u043e\u0446\u0438<\/title>\n<meta name=\"robots\" content=\"index, follow, max-snippet:-1, max-image-preview:large, max-video-preview:-1\" \/>\n<link rel=\"canonical\" href=\"https:\/\/azlp.mk\/sq\/pjesemarrja-e-drejtorit-te-amdhp-se-ne-kongresin-e-v-te-nderkombetar-te-avokateve-ne-bled\/\" \/>\n<meta property=\"og:locale\" content=\"sq_AL\" \/>\n<meta property=\"og:type\" content=\"article\" \/>\n<meta property=\"og:title\" content=\"Pjes\u00ebmarrja e Drejtorit t\u00eb AMDhP-s\u00eb n\u00eb Kongresin e V-t\u00eb Nd\u00ebrkomb\u00ebtar t\u00eb Avokat\u00ebve n\u00eb Bled - \u0410\u0433\u0435\u043d\u0446\u0438\u0458\u0430 \u0437\u0430 \u0437\u0430\u0448\u0442\u0438\u0442\u0430 \u043d\u0430 \u043b\u0438\u0447\u043d\u0438\u0442\u0435 \u043f\u043e\u0434\u0430\u0442\u043e\u0446\u0438\" \/>\n<meta property=\"og:description\" content=\"Drejtori i Agjencis\u00eb p\u00ebr Mbrojtjen e t\u00eb Dh\u00ebnave Personale z. [&hellip;]\" \/>\n<meta property=\"og:url\" content=\"https:\/\/azlp.mk\/sq\/pjesemarrja-e-drejtorit-te-amdhp-se-ne-kongresin-e-v-te-nderkombetar-te-avokateve-ne-bled\/\" \/>\n<meta property=\"og:site_name\" content=\"\u0410\u0433\u0435\u043d\u0446\u0438\u0458\u0430 \u0437\u0430 \u0437\u0430\u0448\u0442\u0438\u0442\u0430 \u043d\u0430 \u043b\u0438\u0447\u043d\u0438\u0442\u0435 \u043f\u043e\u0434\u0430\u0442\u043e\u0446\u0438\" \/>\n<meta property=\"article:published_time\" content=\"2026-03-30T08:17:15+00:00\" \/>\n<meta property=\"article:modified_time\" content=\"2026-04-06T08:17:15+00:00\" \/>\n<meta property=\"og:image\" content=\"https:\/\/azlp.mk\/wp-content\/uploads\/2026\/04\/thumb_show-2.jpg\" \/>\n\t<meta property=\"og:image:width\" content=\"1500\" \/>\n\t<meta property=\"og:image:height\" content=\"1000\" \/>\n\t<meta property=\"og:image:type\" content=\"image\/jpeg\" \/>\n<meta name=\"author\" content=\"\u0421\u043b\u043e\u0431\u043e\u0434\u0430\u043d\u043a\u0430 \u0421\u043b\u0430\u0432\u043a\u043e\u0432\u0441\u043a\u0430\" \/>\n<meta name=\"twitter:card\" content=\"summary_large_image\" \/>\n<meta name=\"twitter:label1\" content=\"Written by\" \/>\n\t<meta name=\"twitter:data1\" content=\"\u0421\u043b\u043e\u0431\u043e\u0434\u0430\u043d\u043a\u0430 \u0421\u043b\u0430\u0432\u043a\u043e\u0432\u0441\u043a\u0430\" \/>\n\t<meta name=\"twitter:label2\" content=\"Est. reading time\" \/>\n\t<meta name=\"twitter:data2\" content=\"1 minute\" \/>\n<script type=\"application\/ld+json\" class=\"yoast-schema-graph\">{\"@context\":\"https:\/\/schema.org\",\"@graph\":[{\"@type\":\"WebPage\",\"@id\":\"https:\/\/azlp.mk\/sq\/pjesemarrja-e-drejtorit-te-amdhp-se-ne-kongresin-e-v-te-nderkombetar-te-avokateve-ne-bled\/\",\"url\":\"https:\/\/azlp.mk\/sq\/pjesemarrja-e-drejtorit-te-amdhp-se-ne-kongresin-e-v-te-nderkombetar-te-avokateve-ne-bled\/\",\"name\":\"Pjes\u00ebmarrja e Drejtorit t\u00eb AMDhP-s\u00eb n\u00eb Kongresin e V-t\u00eb Nd\u00ebrkomb\u00ebtar t\u00eb Avokat\u00ebve n\u00eb Bled - \u0410\u0433\u0435\u043d\u0446\u0438\u0458\u0430 \u0437\u0430 \u0437\u0430\u0448\u0442\u0438\u0442\u0430 \u043d\u0430 \u043b\u0438\u0447\u043d\u0438\u0442\u0435 \u043f\u043e\u0434\u0430\u0442\u043e\u0446\u0438\",\"isPartOf\":{\"@id\":\"https:\/\/azlp.mk\/#website\"},\"datePublished\":\"2026-03-30T08:17:15+00:00\",\"dateModified\":\"2026-04-06T08:17:15+00:00\",\"author\":{\"@id\":\"https:\/\/azlp.mk\/#\/schema\/person\/ce9320961c1b4baefce70d27ca3dbffe\"},\"breadcrumb\":{\"@id\":\"https:\/\/azlp.mk\/sq\/pjesemarrja-e-drejtorit-te-amdhp-se-ne-kongresin-e-v-te-nderkombetar-te-avokateve-ne-bled\/#breadcrumb\"},\"inLanguage\":\"sq-AL\",\"potentialAction\":[{\"@type\":\"ReadAction\",\"target\":[\"https:\/\/azlp.mk\/sq\/pjesemarrja-e-drejtorit-te-amdhp-se-ne-kongresin-e-v-te-nderkombetar-te-avokateve-ne-bled\/\"]}]},{\"@type\":\"BreadcrumbList\",\"@id\":\"https:\/\/azlp.mk\/sq\/pjesemarrja-e-drejtorit-te-amdhp-se-ne-kongresin-e-v-te-nderkombetar-te-avokateve-ne-bled\/#breadcrumb\",\"itemListElement\":[{\"@type\":\"ListItem\",\"position\":1,\"name\":\"Ballina\",\"item\":\"https:\/\/azlp.mk\/sq\/\"},{\"@type\":\"ListItem\",\"position\":2,\"name\":\"Pjes\u00ebmarrja e Drejtorit t\u00eb AMDhP-s\u00eb n\u00eb Kongresin e V-t\u00eb Nd\u00ebrkomb\u00ebtar t\u00eb Avokat\u00ebve n\u00eb Bled\"}]},{\"@type\":\"WebSite\",\"@id\":\"https:\/\/azlp.mk\/#website\",\"url\":\"https:\/\/azlp.mk\/\",\"name\":\"\u0410\u0433\u0435\u043d\u0446\u0438\u0458\u0430 \u0437\u0430 \u0437\u0430\u0448\u0442\u0438\u0442\u0430 \u043d\u0430 \u043b\u0438\u0447\u043d\u0438\u0442\u0435 \u043f\u043e\u0434\u0430\u0442\u043e\u0446\u0438\",\"description\":\"\",\"potentialAction\":[{\"@type\":\"SearchAction\",\"target\":{\"@type\":\"EntryPoint\",\"urlTemplate\":\"https:\/\/azlp.mk\/?s={search_term_string}\"},\"query-input\":\"required name=search_term_string\"}],\"inLanguage\":\"sq-AL\"},{\"@type\":\"Person\",\"@id\":\"https:\/\/azlp.mk\/#\/schema\/person\/ce9320961c1b4baefce70d27ca3dbffe\",\"name\":\"\u0421\u043b\u043e\u0431\u043e\u0434\u0430\u043d\u043a\u0430 \u0421\u043b\u0430\u0432\u043a\u043e\u0432\u0441\u043a\u0430\",\"image\":{\"@type\":\"ImageObject\",\"inLanguage\":\"sq-AL\",\"@id\":\"https:\/\/azlp.mk\/#\/schema\/person\/image\/\",\"url\":\"https:\/\/secure.gravatar.com\/avatar\/2ec57d2f4a0c24feecf5a7d8219d2c34?s=96&d=mm&r=g\",\"contentUrl\":\"https:\/\/secure.gravatar.com\/avatar\/2ec57d2f4a0c24feecf5a7d8219d2c34?s=96&d=mm&r=g\",\"caption\":\"\u0421\u043b\u043e\u0431\u043e\u0434\u0430\u043d\u043a\u0430 \u0421\u043b\u0430\u0432\u043a\u043e\u0432\u0441\u043a\u0430\"},\"sameAs\":[\"https:\/\/www.azlp.mk\"],\"url\":\"https:\/\/azlp.mk\/sq\/author\/slobodanka_sdkhjdashjkr47\/\"}]}<\/script>\n<!-- \/ Yoast SEO plugin. -->","yoast_head_json":{"title":"Pjes\u00ebmarrja e Drejtorit t\u00eb AMDhP-s\u00eb n\u00eb Kongresin e V-t\u00eb Nd\u00ebrkomb\u00ebtar t\u00eb Avokat\u00ebve n\u00eb Bled - \u0410\u0433\u0435\u043d\u0446\u0438\u0458\u0430 \u0437\u0430 \u0437\u0430\u0448\u0442\u0438\u0442\u0430 \u043d\u0430 \u043b\u0438\u0447\u043d\u0438\u0442\u0435 \u043f\u043e\u0434\u0430\u0442\u043e\u0446\u0438","robots":{"index":"index","follow":"follow","max-snippet":"max-snippet:-1","max-image-preview":"max-image-preview:large","max-video-preview":"max-video-preview:-1"},"canonical":"https:\/\/azlp.mk\/sq\/pjesemarrja-e-drejtorit-te-amdhp-se-ne-kongresin-e-v-te-nderkombetar-te-avokateve-ne-bled\/","og_locale":"sq_AL","og_type":"article","og_title":"Pjes\u00ebmarrja e Drejtorit t\u00eb AMDhP-s\u00eb n\u00eb Kongresin e V-t\u00eb Nd\u00ebrkomb\u00ebtar t\u00eb Avokat\u00ebve n\u00eb Bled - \u0410\u0433\u0435\u043d\u0446\u0438\u0458\u0430 \u0437\u0430 \u0437\u0430\u0448\u0442\u0438\u0442\u0430 \u043d\u0430 \u043b\u0438\u0447\u043d\u0438\u0442\u0435 \u043f\u043e\u0434\u0430\u0442\u043e\u0446\u0438","og_description":"Drejtori i Agjencis\u00eb p\u00ebr Mbrojtjen e t\u00eb Dh\u00ebnave Personale z. [&hellip;]","og_url":"https:\/\/azlp.mk\/sq\/pjesemarrja-e-drejtorit-te-amdhp-se-ne-kongresin-e-v-te-nderkombetar-te-avokateve-ne-bled\/","og_site_name":"\u0410\u0433\u0435\u043d\u0446\u0438\u0458\u0430 \u0437\u0430 \u0437\u0430\u0448\u0442\u0438\u0442\u0430 \u043d\u0430 \u043b\u0438\u0447\u043d\u0438\u0442\u0435 \u043f\u043e\u0434\u0430\u0442\u043e\u0446\u0438","article_published_time":"2026-03-30T08:17:15+00:00","article_modified_time":"2026-04-06T08:17:15+00:00","og_image":[{"width":1500,"height":1000,"url":"https:\/\/azlp.mk\/wp-content\/uploads\/2026\/04\/thumb_show-2.jpg","type":"image\/jpeg"}],"author":"\u0421\u043b\u043e\u0431\u043e\u0434\u0430\u043d\u043a\u0430 \u0421\u043b\u0430\u0432\u043a\u043e\u0432\u0441\u043a\u0430","twitter_card":"summary_large_image","twitter_misc":{"Written by":"\u0421\u043b\u043e\u0431\u043e\u0434\u0430\u043d\u043a\u0430 \u0421\u043b\u0430\u0432\u043a\u043e\u0432\u0441\u043a\u0430","Est. reading time":"1 minute"},"schema":{"@context":"https:\/\/schema.org","@graph":[{"@type":"WebPage","@id":"https:\/\/azlp.mk\/sq\/pjesemarrja-e-drejtorit-te-amdhp-se-ne-kongresin-e-v-te-nderkombetar-te-avokateve-ne-bled\/","url":"https:\/\/azlp.mk\/sq\/pjesemarrja-e-drejtorit-te-amdhp-se-ne-kongresin-e-v-te-nderkombetar-te-avokateve-ne-bled\/","name":"Pjes\u00ebmarrja e Drejtorit t\u00eb AMDhP-s\u00eb n\u00eb Kongresin e V-t\u00eb Nd\u00ebrkomb\u00ebtar t\u00eb Avokat\u00ebve n\u00eb Bled - \u0410\u0433\u0435\u043d\u0446\u0438\u0458\u0430 \u0437\u0430 \u0437\u0430\u0448\u0442\u0438\u0442\u0430 \u043d\u0430 \u043b\u0438\u0447\u043d\u0438\u0442\u0435 \u043f\u043e\u0434\u0430\u0442\u043e\u0446\u0438","isPartOf":{"@id":"https:\/\/azlp.mk\/#website"},"datePublished":"2026-03-30T08:17:15+00:00","dateModified":"2026-04-06T08:17:15+00:00","author":{"@id":"https:\/\/azlp.mk\/#\/schema\/person\/ce9320961c1b4baefce70d27ca3dbffe"},"breadcrumb":{"@id":"https:\/\/azlp.mk\/sq\/pjesemarrja-e-drejtorit-te-amdhp-se-ne-kongresin-e-v-te-nderkombetar-te-avokateve-ne-bled\/#breadcrumb"},"inLanguage":"sq-AL","potentialAction":[{"@type":"ReadAction","target":["https:\/\/azlp.mk\/sq\/pjesemarrja-e-drejtorit-te-amdhp-se-ne-kongresin-e-v-te-nderkombetar-te-avokateve-ne-bled\/"]}]},{"@type":"BreadcrumbList","@id":"https:\/\/azlp.mk\/sq\/pjesemarrja-e-drejtorit-te-amdhp-se-ne-kongresin-e-v-te-nderkombetar-te-avokateve-ne-bled\/#breadcrumb","itemListElement":[{"@type":"ListItem","position":1,"name":"Ballina","item":"https:\/\/azlp.mk\/sq\/"},{"@type":"ListItem","position":2,"name":"Pjes\u00ebmarrja e Drejtorit t\u00eb AMDhP-s\u00eb n\u00eb Kongresin e V-t\u00eb Nd\u00ebrkomb\u00ebtar t\u00eb Avokat\u00ebve n\u00eb Bled"}]},{"@type":"WebSite","@id":"https:\/\/azlp.mk\/#website","url":"https:\/\/azlp.mk\/","name":"\u0410\u0433\u0435\u043d\u0446\u0438\u0458\u0430 \u0437\u0430 \u0437\u0430\u0448\u0442\u0438\u0442\u0430 \u043d\u0430 \u043b\u0438\u0447\u043d\u0438\u0442\u0435 \u043f\u043e\u0434\u0430\u0442\u043e\u0446\u0438","description":"","potentialAction":[{"@type":"SearchAction","target":{"@type":"EntryPoint","urlTemplate":"https:\/\/azlp.mk\/?s={search_term_string}"},"query-input":"required name=search_term_string"}],"inLanguage":"sq-AL"},{"@type":"Person","@id":"https:\/\/azlp.mk\/#\/schema\/person\/ce9320961c1b4baefce70d27ca3dbffe","name":"\u0421\u043b\u043e\u0431\u043e\u0434\u0430\u043d\u043a\u0430 \u0421\u043b\u0430\u0432\u043a\u043e\u0432\u0441\u043a\u0430","image":{"@type":"ImageObject","inLanguage":"sq-AL","@id":"https:\/\/azlp.mk\/#\/schema\/person\/image\/","url":"https:\/\/secure.gravatar.com\/avatar\/2ec57d2f4a0c24feecf5a7d8219d2c34?s=96&d=mm&r=g","contentUrl":"https:\/\/secure.gravatar.com\/avatar\/2ec57d2f4a0c24feecf5a7d8219d2c34?s=96&d=mm&r=g","caption":"\u0421\u043b\u043e\u0431\u043e\u0434\u0430\u043d\u043a\u0430 \u0421\u043b\u0430\u0432\u043a\u043e\u0432\u0441\u043a\u0430"},"sameAs":["https:\/\/www.azlp.mk"],"url":"https:\/\/azlp.mk\/sq\/author\/slobodanka_sdkhjdashjkr47\/"}]}},"_links":{"self":[{"href":"https:\/\/azlp.mk\/sq\/wp-json\/wp\/v2\/posts\/16989"}],"collection":[{"href":"https:\/\/azlp.mk\/sq\/wp-json\/wp\/v2\/posts"}],"about":[{"href":"https:\/\/azlp.mk\/sq\/wp-json\/wp\/v2\/types\/post"}],"author":[{"embeddable":true,"href":"https:\/\/azlp.mk\/sq\/wp-json\/wp\/v2\/users\/6"}],"replies":[{"embeddable":true,"href":"https:\/\/azlp.mk\/sq\/wp-json\/wp\/v2\/comments?post=16989"}],"version-history":[{"count":0,"href":"https:\/\/azlp.mk\/sq\/wp-json\/wp\/v2\/posts\/16989\/revisions"}],"wp:featuredmedia":[{"embeddable":true,"href":"https:\/\/azlp.mk\/sq\/wp-json\/wp\/v2\/media\/16986"}],"wp:attachment":[{"href":"https:\/\/azlp.mk\/sq\/wp-json\/wp\/v2\/media?parent=16989"}],"wp:term":[{"taxonomy":"category","embeddable":true,"href":"https:\/\/azlp.mk\/sq\/wp-json\/wp\/v2\/categories?post=16989"},{"taxonomy":"post_tag","embeddable":true,"href":"https:\/\/azlp.mk\/sq\/wp-json\/wp\/v2\/tags?post=16989"}],"curies":[{"name":"wp","href":"https:\/\/api.w.org\/{rel}","templated":true}]}}