{"id":16943,"date":"2026-03-03T10:01:27","date_gmt":"2026-03-03T08:01:27","guid":{"rendered":"https:\/\/azlp.mk\/takimi-rajonal-i-organeve-mbikeqyrese-per-mbrojtjen-e-te-dhenave-personale-nga-ballkani-perendimor-privacy4balkans\/"},"modified":"2026-03-03T10:01:27","modified_gmt":"2026-03-03T08:01:27","slug":"takimi-rajonal-i-organeve-mbikeqyrese-per-mbrojtjen-e-te-dhenave-personale-nga-ballkani-perendimor-privacy4balkans","status":"publish","type":"post","link":"https:\/\/azlp.mk\/sq\/takimi-rajonal-i-organeve-mbikeqyrese-per-mbrojtjen-e-te-dhenave-personale-nga-ballkani-perendimor-privacy4balkans\/","title":{"rendered":"Takimi rajonal i organeve mbik\u00ebqyr\u00ebse p\u00ebr mbrojtjen e t\u00eb dh\u00ebnave personale nga Ballkani Per\u00ebndimor \u2013 Privacy4Balkans"},"content":{"rendered":"<p>Agjencia p\u00ebr Mbrojtjen e t\u00eb Dh\u00ebnave Personale e Republika e Maqedonis\u00eb s\u00eb Veriut mori pjes\u00eb n\u00eb takimin e kat\u00ebrt rajonal t\u00eb organeve t\u00eb pavarura mbik\u00ebqyr\u00ebse p\u00ebr mbrojtjen e t\u00eb dh\u00ebnave personale nga vendet e Ballkanit Per\u00ebndimor, i cili u mbajt m\u00eb 25 shkurt 2026 n\u00eb Sarajev\u00eb, Bosnje dhe Hercegovin\u00eb, n\u00eb kuad\u00ebr t\u00eb iniciativ\u00ebs Privacy4Balkans.<\/p>\n<p>Nga Republika e Maqedonis\u00eb s\u00eb Veriut n\u00eb takim mor\u00ebn pjes\u00eb drejtori i Agjencis\u00eb, Nakil Fetai, z\u00ebvend\u00ebsdrejtoresha Elena Vellanovska dhe k\u00ebshilltari shtet\u00ebror Valentin Fetaxhokoski, t\u00eb cil\u00ebt kontribuuan n\u00eb m\u00ebnyr\u00eb aktive n\u00eb diskutime dhe n\u00eb shk\u00ebmbimin e p\u00ebrvojave me koleg\u00ebt nga rajoni.<\/p>\n<p>N\u00eb takim mor\u00ebn pjes\u00eb edhe p\u00ebrfaq\u00ebsues nga Republika e Serbis\u00eb dhe Mali i Zi, nd\u00ebrsa nikoqir ishte Agjencia p\u00ebr Mbrojtjen e t\u00eb Dh\u00ebnave Personale e Bosnj\u00ebs dhe Hercegovin\u00ebs.<\/p>\n<p>Arsyeja kryesore p\u00ebr mbajtjen e takimeve t\u00eb rregullta nd\u00ebrmjet organeve mbik\u00ebqyr\u00ebse jan\u00eb ndryshimet n\u00eb politikat e privat\u00ebsis\u00eb t\u00eb kompanis\u00eb Meta Platforms dhe platform\u00ebs X, lidhur me p\u00ebrdorimin e t\u00eb dh\u00ebnave personale p\u00ebr zhvillimin e inteligjenc\u00ebs artificiale, pa informim t\u00eb duhur dhe n\u00eb koh\u00eb t\u00eb p\u00ebrdoruesve n\u00eb vendet e rajonit q\u00eb nuk jan\u00eb an\u00ebtare t\u00eb Bashkimi Evropian.<\/p>\n<p>Me q\u00ebllim t\u00eb avancimit t\u00eb mbrojtjes s\u00eb t\u00eb drejtave t\u00eb qytetar\u00ebve, p\u00ebrfaq\u00ebsuesit e institucioneve u dakorduan q\u00eb t\u00eb veprojn\u00eb n\u00eb m\u00ebnyr\u00eb t\u00eb p\u00ebrbashk\u00ebt dhe t\u00eb koordinuar ndaj k\u00ebtyre kompanive, p\u00ebrmes shk\u00ebmbimit t\u00eb informatave dhe harmonizimit t\u00eb aktiviteteve q\u00eb nd\u00ebrmerren n\u00eb raste t\u00eb tilla. Gjithashtu, u theksua nevoja p\u00ebr forcimin e m\u00ebtejm\u00eb t\u00eb bashk\u00ebpunimit rajonal n\u00eb zbatimin e standardeve evropiane p\u00ebr mbrojtjen e t\u00eb dh\u00ebnave personale, ve\u00e7an\u00ebrisht n\u00eb kontekstin e p\u00ebrdorimit gjithnj\u00eb e m\u00eb t\u00eb madh t\u00eb teknologjive moderne digjitale dhe inteligjenc\u00ebs artificiale. <\/p>\n<p>V\u00ebmendje e ve\u00e7ant\u00eb iu kushtua ndikimit q\u00eb k\u00ebto teknologji kan\u00eb mbi privat\u00ebsin\u00eb, zakonet dhe jet\u00ebn e p\u00ebrditshme t\u00eb qytetar\u00ebve, duke theksuar r\u00ebnd\u00ebsin\u00eb e nj\u00eb qasjeje t\u00eb p\u00ebrbashk\u00ebt dhe t\u00eb harmonizuar n\u00eb mbrojtjen e t\u00eb drejtave themelore t\u00eb njeriut.<\/p>\n","protected":false},"excerpt":{"rendered":"<p>Agjencia p\u00ebr Mbrojtjen e t\u00eb Dh\u00ebnave Personale e Republika e [&hellip;]<\/p>\n","protected":false},"author":6,"featured_media":16940,"comment_status":"closed","ping_status":"open","sticky":false,"template":"","format":"standard","meta":{"footnotes":""},"categories":[80,228],"tags":[],"yoast_head":"<!-- This site is optimized with the Yoast SEO plugin v19.9 - https:\/\/yoast.com\/wordpress\/plugins\/seo\/ -->\n<title>Takimi rajonal i organeve mbik\u00ebqyr\u00ebse p\u00ebr mbrojtjen e t\u00eb dh\u00ebnave personale nga Ballkani Per\u00ebndimor \u2013 Privacy4Balkans - \u0410\u0433\u0435\u043d\u0446\u0438\u0458\u0430 \u0437\u0430 \u0437\u0430\u0448\u0442\u0438\u0442\u0430 \u043d\u0430 \u043b\u0438\u0447\u043d\u0438\u0442\u0435 \u043f\u043e\u0434\u0430\u0442\u043e\u0446\u0438<\/title>\n<meta name=\"robots\" content=\"index, follow, max-snippet:-1, max-image-preview:large, max-video-preview:-1\" \/>\n<link rel=\"canonical\" href=\"https:\/\/azlp.mk\/sq\/takimi-rajonal-i-organeve-mbikeqyrese-per-mbrojtjen-e-te-dhenave-personale-nga-ballkani-perendimor-privacy4balkans\/\" \/>\n<meta property=\"og:locale\" content=\"sq_AL\" \/>\n<meta property=\"og:type\" content=\"article\" \/>\n<meta property=\"og:title\" content=\"Takimi rajonal i organeve mbik\u00ebqyr\u00ebse p\u00ebr mbrojtjen e t\u00eb dh\u00ebnave personale nga Ballkani Per\u00ebndimor \u2013 Privacy4Balkans - \u0410\u0433\u0435\u043d\u0446\u0438\u0458\u0430 \u0437\u0430 \u0437\u0430\u0448\u0442\u0438\u0442\u0430 \u043d\u0430 \u043b\u0438\u0447\u043d\u0438\u0442\u0435 \u043f\u043e\u0434\u0430\u0442\u043e\u0446\u0438\" \/>\n<meta property=\"og:description\" content=\"Agjencia p\u00ebr Mbrojtjen e t\u00eb Dh\u00ebnave Personale e Republika e [&hellip;]\" \/>\n<meta property=\"og:url\" content=\"https:\/\/azlp.mk\/sq\/takimi-rajonal-i-organeve-mbikeqyrese-per-mbrojtjen-e-te-dhenave-personale-nga-ballkani-perendimor-privacy4balkans\/\" \/>\n<meta property=\"og:site_name\" content=\"\u0410\u0433\u0435\u043d\u0446\u0438\u0458\u0430 \u0437\u0430 \u0437\u0430\u0448\u0442\u0438\u0442\u0430 \u043d\u0430 \u043b\u0438\u0447\u043d\u0438\u0442\u0435 \u043f\u043e\u0434\u0430\u0442\u043e\u0446\u0438\" \/>\n<meta property=\"article:published_time\" content=\"2026-03-03T08:01:27+00:00\" \/>\n<meta property=\"og:image\" content=\"https:\/\/azlp.mk\/wp-content\/uploads\/2026\/03\/20260225_143126.jpg\" \/>\n\t<meta property=\"og:image:width\" content=\"1600\" \/>\n\t<meta property=\"og:image:height\" content=\"739\" \/>\n\t<meta property=\"og:image:type\" content=\"image\/jpeg\" \/>\n<meta name=\"author\" content=\"\u0421\u043b\u043e\u0431\u043e\u0434\u0430\u043d\u043a\u0430 \u0421\u043b\u0430\u0432\u043a\u043e\u0432\u0441\u043a\u0430\" \/>\n<meta name=\"twitter:card\" content=\"summary_large_image\" \/>\n<meta name=\"twitter:label1\" content=\"Written by\" \/>\n\t<meta name=\"twitter:data1\" content=\"\u0421\u043b\u043e\u0431\u043e\u0434\u0430\u043d\u043a\u0430 \u0421\u043b\u0430\u0432\u043a\u043e\u0432\u0441\u043a\u0430\" \/>\n\t<meta name=\"twitter:label2\" content=\"Est. reading time\" \/>\n\t<meta name=\"twitter:data2\" content=\"2 minutes\" \/>\n<script type=\"application\/ld+json\" class=\"yoast-schema-graph\">{\"@context\":\"https:\/\/schema.org\",\"@graph\":[{\"@type\":\"WebPage\",\"@id\":\"https:\/\/azlp.mk\/sq\/takimi-rajonal-i-organeve-mbikeqyrese-per-mbrojtjen-e-te-dhenave-personale-nga-ballkani-perendimor-privacy4balkans\/\",\"url\":\"https:\/\/azlp.mk\/sq\/takimi-rajonal-i-organeve-mbikeqyrese-per-mbrojtjen-e-te-dhenave-personale-nga-ballkani-perendimor-privacy4balkans\/\",\"name\":\"Takimi rajonal i organeve mbik\u00ebqyr\u00ebse p\u00ebr mbrojtjen e t\u00eb dh\u00ebnave personale nga Ballkani Per\u00ebndimor \u2013 Privacy4Balkans - \u0410\u0433\u0435\u043d\u0446\u0438\u0458\u0430 \u0437\u0430 \u0437\u0430\u0448\u0442\u0438\u0442\u0430 \u043d\u0430 \u043b\u0438\u0447\u043d\u0438\u0442\u0435 \u043f\u043e\u0434\u0430\u0442\u043e\u0446\u0438\",\"isPartOf\":{\"@id\":\"https:\/\/azlp.mk\/#website\"},\"datePublished\":\"2026-03-03T08:01:27+00:00\",\"dateModified\":\"2026-03-03T08:01:27+00:00\",\"author\":{\"@id\":\"https:\/\/azlp.mk\/#\/schema\/person\/ce9320961c1b4baefce70d27ca3dbffe\"},\"breadcrumb\":{\"@id\":\"https:\/\/azlp.mk\/sq\/takimi-rajonal-i-organeve-mbikeqyrese-per-mbrojtjen-e-te-dhenave-personale-nga-ballkani-perendimor-privacy4balkans\/#breadcrumb\"},\"inLanguage\":\"sq-AL\",\"potentialAction\":[{\"@type\":\"ReadAction\",\"target\":[\"https:\/\/azlp.mk\/sq\/takimi-rajonal-i-organeve-mbikeqyrese-per-mbrojtjen-e-te-dhenave-personale-nga-ballkani-perendimor-privacy4balkans\/\"]}]},{\"@type\":\"BreadcrumbList\",\"@id\":\"https:\/\/azlp.mk\/sq\/takimi-rajonal-i-organeve-mbikeqyrese-per-mbrojtjen-e-te-dhenave-personale-nga-ballkani-perendimor-privacy4balkans\/#breadcrumb\",\"itemListElement\":[{\"@type\":\"ListItem\",\"position\":1,\"name\":\"Ballina\",\"item\":\"https:\/\/azlp.mk\/sq\/\"},{\"@type\":\"ListItem\",\"position\":2,\"name\":\"Takimi rajonal i organeve mbik\u00ebqyr\u00ebse p\u00ebr mbrojtjen e t\u00eb dh\u00ebnave personale nga Ballkani Per\u00ebndimor \u2013 Privacy4Balkans\"}]},{\"@type\":\"WebSite\",\"@id\":\"https:\/\/azlp.mk\/#website\",\"url\":\"https:\/\/azlp.mk\/\",\"name\":\"\u0410\u0433\u0435\u043d\u0446\u0438\u0458\u0430 \u0437\u0430 \u0437\u0430\u0448\u0442\u0438\u0442\u0430 \u043d\u0430 \u043b\u0438\u0447\u043d\u0438\u0442\u0435 \u043f\u043e\u0434\u0430\u0442\u043e\u0446\u0438\",\"description\":\"\",\"potentialAction\":[{\"@type\":\"SearchAction\",\"target\":{\"@type\":\"EntryPoint\",\"urlTemplate\":\"https:\/\/azlp.mk\/?s={search_term_string}\"},\"query-input\":\"required name=search_term_string\"}],\"inLanguage\":\"sq-AL\"},{\"@type\":\"Person\",\"@id\":\"https:\/\/azlp.mk\/#\/schema\/person\/ce9320961c1b4baefce70d27ca3dbffe\",\"name\":\"\u0421\u043b\u043e\u0431\u043e\u0434\u0430\u043d\u043a\u0430 \u0421\u043b\u0430\u0432\u043a\u043e\u0432\u0441\u043a\u0430\",\"image\":{\"@type\":\"ImageObject\",\"inLanguage\":\"sq-AL\",\"@id\":\"https:\/\/azlp.mk\/#\/schema\/person\/image\/\",\"url\":\"https:\/\/secure.gravatar.com\/avatar\/2ec57d2f4a0c24feecf5a7d8219d2c34?s=96&d=mm&r=g\",\"contentUrl\":\"https:\/\/secure.gravatar.com\/avatar\/2ec57d2f4a0c24feecf5a7d8219d2c34?s=96&d=mm&r=g\",\"caption\":\"\u0421\u043b\u043e\u0431\u043e\u0434\u0430\u043d\u043a\u0430 \u0421\u043b\u0430\u0432\u043a\u043e\u0432\u0441\u043a\u0430\"},\"sameAs\":[\"https:\/\/www.azlp.mk\"],\"url\":\"https:\/\/azlp.mk\/sq\/author\/slobodanka_sdkhjdashjkr47\/\"}]}<\/script>\n<!-- \/ Yoast SEO plugin. -->","yoast_head_json":{"title":"Takimi rajonal i organeve mbik\u00ebqyr\u00ebse p\u00ebr mbrojtjen e t\u00eb dh\u00ebnave personale nga Ballkani Per\u00ebndimor \u2013 Privacy4Balkans - \u0410\u0433\u0435\u043d\u0446\u0438\u0458\u0430 \u0437\u0430 \u0437\u0430\u0448\u0442\u0438\u0442\u0430 \u043d\u0430 \u043b\u0438\u0447\u043d\u0438\u0442\u0435 \u043f\u043e\u0434\u0430\u0442\u043e\u0446\u0438","robots":{"index":"index","follow":"follow","max-snippet":"max-snippet:-1","max-image-preview":"max-image-preview:large","max-video-preview":"max-video-preview:-1"},"canonical":"https:\/\/azlp.mk\/sq\/takimi-rajonal-i-organeve-mbikeqyrese-per-mbrojtjen-e-te-dhenave-personale-nga-ballkani-perendimor-privacy4balkans\/","og_locale":"sq_AL","og_type":"article","og_title":"Takimi rajonal i organeve mbik\u00ebqyr\u00ebse p\u00ebr mbrojtjen e t\u00eb dh\u00ebnave personale nga Ballkani Per\u00ebndimor \u2013 Privacy4Balkans - \u0410\u0433\u0435\u043d\u0446\u0438\u0458\u0430 \u0437\u0430 \u0437\u0430\u0448\u0442\u0438\u0442\u0430 \u043d\u0430 \u043b\u0438\u0447\u043d\u0438\u0442\u0435 \u043f\u043e\u0434\u0430\u0442\u043e\u0446\u0438","og_description":"Agjencia p\u00ebr Mbrojtjen e t\u00eb Dh\u00ebnave Personale e Republika e [&hellip;]","og_url":"https:\/\/azlp.mk\/sq\/takimi-rajonal-i-organeve-mbikeqyrese-per-mbrojtjen-e-te-dhenave-personale-nga-ballkani-perendimor-privacy4balkans\/","og_site_name":"\u0410\u0433\u0435\u043d\u0446\u0438\u0458\u0430 \u0437\u0430 \u0437\u0430\u0448\u0442\u0438\u0442\u0430 \u043d\u0430 \u043b\u0438\u0447\u043d\u0438\u0442\u0435 \u043f\u043e\u0434\u0430\u0442\u043e\u0446\u0438","article_published_time":"2026-03-03T08:01:27+00:00","og_image":[{"width":1600,"height":739,"url":"https:\/\/azlp.mk\/wp-content\/uploads\/2026\/03\/20260225_143126.jpg","type":"image\/jpeg"}],"author":"\u0421\u043b\u043e\u0431\u043e\u0434\u0430\u043d\u043a\u0430 \u0421\u043b\u0430\u0432\u043a\u043e\u0432\u0441\u043a\u0430","twitter_card":"summary_large_image","twitter_misc":{"Written by":"\u0421\u043b\u043e\u0431\u043e\u0434\u0430\u043d\u043a\u0430 \u0421\u043b\u0430\u0432\u043a\u043e\u0432\u0441\u043a\u0430","Est. reading time":"2 minutes"},"schema":{"@context":"https:\/\/schema.org","@graph":[{"@type":"WebPage","@id":"https:\/\/azlp.mk\/sq\/takimi-rajonal-i-organeve-mbikeqyrese-per-mbrojtjen-e-te-dhenave-personale-nga-ballkani-perendimor-privacy4balkans\/","url":"https:\/\/azlp.mk\/sq\/takimi-rajonal-i-organeve-mbikeqyrese-per-mbrojtjen-e-te-dhenave-personale-nga-ballkani-perendimor-privacy4balkans\/","name":"Takimi rajonal i organeve mbik\u00ebqyr\u00ebse p\u00ebr mbrojtjen e t\u00eb dh\u00ebnave personale nga Ballkani Per\u00ebndimor \u2013 Privacy4Balkans - \u0410\u0433\u0435\u043d\u0446\u0438\u0458\u0430 \u0437\u0430 \u0437\u0430\u0448\u0442\u0438\u0442\u0430 \u043d\u0430 \u043b\u0438\u0447\u043d\u0438\u0442\u0435 \u043f\u043e\u0434\u0430\u0442\u043e\u0446\u0438","isPartOf":{"@id":"https:\/\/azlp.mk\/#website"},"datePublished":"2026-03-03T08:01:27+00:00","dateModified":"2026-03-03T08:01:27+00:00","author":{"@id":"https:\/\/azlp.mk\/#\/schema\/person\/ce9320961c1b4baefce70d27ca3dbffe"},"breadcrumb":{"@id":"https:\/\/azlp.mk\/sq\/takimi-rajonal-i-organeve-mbikeqyrese-per-mbrojtjen-e-te-dhenave-personale-nga-ballkani-perendimor-privacy4balkans\/#breadcrumb"},"inLanguage":"sq-AL","potentialAction":[{"@type":"ReadAction","target":["https:\/\/azlp.mk\/sq\/takimi-rajonal-i-organeve-mbikeqyrese-per-mbrojtjen-e-te-dhenave-personale-nga-ballkani-perendimor-privacy4balkans\/"]}]},{"@type":"BreadcrumbList","@id":"https:\/\/azlp.mk\/sq\/takimi-rajonal-i-organeve-mbikeqyrese-per-mbrojtjen-e-te-dhenave-personale-nga-ballkani-perendimor-privacy4balkans\/#breadcrumb","itemListElement":[{"@type":"ListItem","position":1,"name":"Ballina","item":"https:\/\/azlp.mk\/sq\/"},{"@type":"ListItem","position":2,"name":"Takimi rajonal i organeve mbik\u00ebqyr\u00ebse p\u00ebr mbrojtjen e t\u00eb dh\u00ebnave personale nga Ballkani Per\u00ebndimor \u2013 Privacy4Balkans"}]},{"@type":"WebSite","@id":"https:\/\/azlp.mk\/#website","url":"https:\/\/azlp.mk\/","name":"\u0410\u0433\u0435\u043d\u0446\u0438\u0458\u0430 \u0437\u0430 \u0437\u0430\u0448\u0442\u0438\u0442\u0430 \u043d\u0430 \u043b\u0438\u0447\u043d\u0438\u0442\u0435 \u043f\u043e\u0434\u0430\u0442\u043e\u0446\u0438","description":"","potentialAction":[{"@type":"SearchAction","target":{"@type":"EntryPoint","urlTemplate":"https:\/\/azlp.mk\/?s={search_term_string}"},"query-input":"required name=search_term_string"}],"inLanguage":"sq-AL"},{"@type":"Person","@id":"https:\/\/azlp.mk\/#\/schema\/person\/ce9320961c1b4baefce70d27ca3dbffe","name":"\u0421\u043b\u043e\u0431\u043e\u0434\u0430\u043d\u043a\u0430 \u0421\u043b\u0430\u0432\u043a\u043e\u0432\u0441\u043a\u0430","image":{"@type":"ImageObject","inLanguage":"sq-AL","@id":"https:\/\/azlp.mk\/#\/schema\/person\/image\/","url":"https:\/\/secure.gravatar.com\/avatar\/2ec57d2f4a0c24feecf5a7d8219d2c34?s=96&d=mm&r=g","contentUrl":"https:\/\/secure.gravatar.com\/avatar\/2ec57d2f4a0c24feecf5a7d8219d2c34?s=96&d=mm&r=g","caption":"\u0421\u043b\u043e\u0431\u043e\u0434\u0430\u043d\u043a\u0430 \u0421\u043b\u0430\u0432\u043a\u043e\u0432\u0441\u043a\u0430"},"sameAs":["https:\/\/www.azlp.mk"],"url":"https:\/\/azlp.mk\/sq\/author\/slobodanka_sdkhjdashjkr47\/"}]}},"_links":{"self":[{"href":"https:\/\/azlp.mk\/sq\/wp-json\/wp\/v2\/posts\/16943"}],"collection":[{"href":"https:\/\/azlp.mk\/sq\/wp-json\/wp\/v2\/posts"}],"about":[{"href":"https:\/\/azlp.mk\/sq\/wp-json\/wp\/v2\/types\/post"}],"author":[{"embeddable":true,"href":"https:\/\/azlp.mk\/sq\/wp-json\/wp\/v2\/users\/6"}],"replies":[{"embeddable":true,"href":"https:\/\/azlp.mk\/sq\/wp-json\/wp\/v2\/comments?post=16943"}],"version-history":[{"count":0,"href":"https:\/\/azlp.mk\/sq\/wp-json\/wp\/v2\/posts\/16943\/revisions"}],"wp:featuredmedia":[{"embeddable":true,"href":"https:\/\/azlp.mk\/sq\/wp-json\/wp\/v2\/media\/16940"}],"wp:attachment":[{"href":"https:\/\/azlp.mk\/sq\/wp-json\/wp\/v2\/media?parent=16943"}],"wp:term":[{"taxonomy":"category","embeddable":true,"href":"https:\/\/azlp.mk\/sq\/wp-json\/wp\/v2\/categories?post=16943"},{"taxonomy":"post_tag","embeddable":true,"href":"https:\/\/azlp.mk\/sq\/wp-json\/wp\/v2\/tags?post=16943"}],"curies":[{"name":"wp","href":"https:\/\/api.w.org\/{rel}","templated":true}]}}