{"id":16821,"date":"2025-12-11T11:35:36","date_gmt":"2025-12-11T09:35:36","guid":{"rendered":"https:\/\/azlp.mk\/mbajtja-e-seances-se-112-te-plenare-te-bordit-evropian-per-mbrojtjen-e-te-dhenave-personale-ne-bruksel\/"},"modified":"2025-12-11T11:35:36","modified_gmt":"2025-12-11T09:35:36","slug":"mbajtja-e-seances-se-112-te-plenare-te-bordit-evropian-per-mbrojtjen-e-te-dhenave-personale-ne-bruksel","status":"publish","type":"post","link":"https:\/\/azlp.mk\/sq\/mbajtja-e-seances-se-112-te-plenare-te-bordit-evropian-per-mbrojtjen-e-te-dhenave-personale-ne-bruksel\/","title":{"rendered":"Mbajtja e Seanc\u00ebs s\u00eb 112-t\u00eb Plenare t\u00eb Bordit Evropian p\u00ebr Mbrojtjen e t\u00eb Dh\u00ebnave Personale n\u00eb Bruksel"},"content":{"rendered":"<p>M\u00eb 2\u20133 dhjetor 2025, Agjencia mori pjes\u00eb n\u00eb Seanc\u00ebn e 112-t\u00eb Plenare t\u00eb Bordit Evropian p\u00ebr Mbrojtjen e t\u00eb Dh\u00ebnave Personale (BEMDhP) q\u00eb u mbajt n\u00eb Bruksel, Belgjik\u00eb. Gjat\u00eb seanc\u00ebs s\u00eb fundit plenare, Bordi miratoi rekomandime q\u00eb lidhen me baz\u00ebn juridike p\u00ebr k\u00ebrkes\u00ebn e krijimit t\u00eb llogarive t\u00eb p\u00ebrdoruesve n\u00eb faqet e internetit p\u00ebr tregtin\u00eb elektronike. P\u00ebrve\u00e7 k\u00ebsaj, Bordi zhvilloi nj\u00eb diskutim paraprak mbi propozimin p\u00ebr Digital Omnibus dhe em\u00ebroi z\u00ebvend\u00ebskryetarin e ri t\u00eb Bordit Evropian.  <\/p>\n<p>Gjat\u00eb dy dit\u00ebve t\u00eb mbledhjes, Bordi miratoi rekomandime q\u00eb p\u00ebrcaktojn\u00eb m\u00eb qart\u00eb raste kur faqet e e-tregtis\u00eb mund t\u2019u k\u00ebrkojn\u00eb p\u00ebrdoruesve t\u00eb krijojn\u00eb llogari. Rekomandimet theksojn\u00eb p\u00ebrpjekjet e Bordit p\u00ebr t\u00eb promovuar praktika pragmatike, t\u00eb lehta p\u00ebr t\u2019u p\u00ebrdorur dhe q\u00eb mbrojn\u00eb privat\u00ebsin\u00eb n\u00eb sektorin e e-tregtis\u00eb. Dokumenti do t\u2019i n\u00ebnshtrohet konsultimit publik, duke u mund\u00ebsuar pal\u00ebve t\u00eb interesuara t\u00eb komentojn\u00eb dhe t\u00eb japin v\u00ebrejtjet e tyre.  <\/p>\n<p>Bordi zhvilloi gjithashtu nj\u00eb diskutim paraprak p\u00ebr propozimin Digital Omnibus, p\u00ebr t\u00eb cilin BEMDhP dhe Mbik\u00ebqyr\u00ebsi Evropian p\u00ebr Mbrojtjen e t\u00eb Dh\u00ebnave Personale (EDPS) do t\u00eb publikojn\u00eb nj\u00eb opinion t\u00eb p\u00ebrbashk\u00ebt. N\u00eb Deklarat\u00ebn e Helsinkit t\u00eb korrikut 2025, BEMDhP kishte paraqitur propozime p\u00ebr t\u00eb arritur m\u00eb shum\u00eb qart\u00ebsi, mb\u00ebshtetje dhe p\u00ebrfshirje n\u00eb drejtim t\u00eb rregullimit efektiv digjital dhe mbetet i p\u00ebrkushtuar ndaj gjetjes s\u00eb zgjidhjeve q\u00eb leht\u00ebsojn\u00eb p\u00ebrputhjen me Rregulloren e P\u00ebrgjithshme p\u00ebr Mbrojtjen e t\u00eb Dh\u00ebnave (GDPR), ve\u00e7an\u00ebrisht p\u00ebr organizatat e vogla. Bordi dhe EDPS do t\u00eb fokusohen n\u00eb vler\u00ebsimin e ndikimit t\u00eb propozimit t\u00eb Komisionit Evropian mbi t\u00eb drejtat themelore t\u00eb individ\u00ebve dhe n\u00ebse ai do t\u00eb sjell\u00eb thjeshtim p\u00ebr organizatat dhe m\u00eb shum\u00eb siguri juridike.  <\/p>\n<p>Gjat\u00eb seanc\u00ebs plenare, an\u00ebtar\u00ebt e BEMDhP votuan p\u00ebr em\u00ebrimin e Jelena Virant Burnik, Komisionere p\u00ebr Informim e Republik\u00ebs s\u00eb Sllovenis\u00eb, si z\u00ebvend\u00ebskryetare e re e Bordit. N\u00eb vitet n\u00eb vijim, ajo do t\u00eb bashk\u00ebpunoj\u00eb ngusht\u00eb me kryetaren e BEMDhP, Anu Talus, dhe z\u00ebvend\u00ebskryetarin Zdravko Vukiq, p\u00ebr t\u00eb siguruar zbatimin e q\u00ebndruesh\u00ebm t\u00eb rregullave t\u00eb BE-s\u00eb p\u00ebr mbrojtjen e t\u00eb dh\u00ebnave dhe p\u00ebr t\u00eb promovuar bashk\u00ebpunim efektiv nd\u00ebrmjet autoriteteve t\u00eb mbrojtjes s\u00eb t\u00eb dh\u00ebnave n\u00eb t\u00eb gjith\u00eb Evrop\u00ebn. <\/p>\n","protected":false},"excerpt":{"rendered":"<p>M\u00eb 2\u20133 dhjetor 2025, Agjencia mori pjes\u00eb n\u00eb Seanc\u00ebn e [&hellip;]<\/p>\n","protected":false},"author":6,"featured_media":16818,"comment_status":"closed","ping_status":"open","sticky":false,"template":"","format":"standard","meta":{"footnotes":""},"categories":[80,228],"tags":[],"yoast_head":"<!-- This site is optimized with the Yoast SEO plugin v19.9 - https:\/\/yoast.com\/wordpress\/plugins\/seo\/ -->\n<title>Mbajtja e Seanc\u00ebs s\u00eb 112-t\u00eb Plenare t\u00eb Bordit Evropian p\u00ebr Mbrojtjen e t\u00eb Dh\u00ebnave Personale n\u00eb Bruksel - \u0410\u0433\u0435\u043d\u0446\u0438\u0458\u0430 \u0437\u0430 \u0437\u0430\u0448\u0442\u0438\u0442\u0430 \u043d\u0430 \u043b\u0438\u0447\u043d\u0438\u0442\u0435 \u043f\u043e\u0434\u0430\u0442\u043e\u0446\u0438<\/title>\n<meta name=\"robots\" content=\"index, follow, max-snippet:-1, max-image-preview:large, max-video-preview:-1\" \/>\n<link rel=\"canonical\" href=\"https:\/\/azlp.mk\/sq\/mbajtja-e-seances-se-112-te-plenare-te-bordit-evropian-per-mbrojtjen-e-te-dhenave-personale-ne-bruksel\/\" \/>\n<meta property=\"og:locale\" content=\"sq_AL\" \/>\n<meta property=\"og:type\" content=\"article\" \/>\n<meta property=\"og:title\" content=\"Mbajtja e Seanc\u00ebs s\u00eb 112-t\u00eb Plenare t\u00eb Bordit Evropian p\u00ebr Mbrojtjen e t\u00eb Dh\u00ebnave Personale n\u00eb Bruksel - \u0410\u0433\u0435\u043d\u0446\u0438\u0458\u0430 \u0437\u0430 \u0437\u0430\u0448\u0442\u0438\u0442\u0430 \u043d\u0430 \u043b\u0438\u0447\u043d\u0438\u0442\u0435 \u043f\u043e\u0434\u0430\u0442\u043e\u0446\u0438\" \/>\n<meta property=\"og:description\" content=\"M\u00eb 2\u20133 dhjetor 2025, Agjencia mori pjes\u00eb n\u00eb Seanc\u00ebn e [&hellip;]\" \/>\n<meta property=\"og:url\" content=\"https:\/\/azlp.mk\/sq\/mbajtja-e-seances-se-112-te-plenare-te-bordit-evropian-per-mbrojtjen-e-te-dhenave-personale-ne-bruksel\/\" \/>\n<meta property=\"og:site_name\" content=\"\u0410\u0433\u0435\u043d\u0446\u0438\u0458\u0430 \u0437\u0430 \u0437\u0430\u0448\u0442\u0438\u0442\u0430 \u043d\u0430 \u043b\u0438\u0447\u043d\u0438\u0442\u0435 \u043f\u043e\u0434\u0430\u0442\u043e\u0446\u0438\" \/>\n<meta property=\"article:published_time\" content=\"2025-12-11T09:35:36+00:00\" \/>\n<meta property=\"og:image\" content=\"https:\/\/azlp.mk\/wp-content\/uploads\/2025\/12\/image_2025-12-09.jpg\" \/>\n\t<meta property=\"og:image:width\" content=\"1205\" \/>\n\t<meta property=\"og:image:height\" content=\"1601\" \/>\n\t<meta property=\"og:image:type\" content=\"image\/jpeg\" \/>\n<meta name=\"author\" content=\"\u0421\u043b\u043e\u0431\u043e\u0434\u0430\u043d\u043a\u0430 \u0421\u043b\u0430\u0432\u043a\u043e\u0432\u0441\u043a\u0430\" \/>\n<meta name=\"twitter:card\" content=\"summary_large_image\" \/>\n<meta name=\"twitter:label1\" content=\"Written by\" \/>\n\t<meta name=\"twitter:data1\" content=\"\u0421\u043b\u043e\u0431\u043e\u0434\u0430\u043d\u043a\u0430 \u0421\u043b\u0430\u0432\u043a\u043e\u0432\u0441\u043a\u0430\" \/>\n\t<meta name=\"twitter:label2\" content=\"Est. reading time\" \/>\n\t<meta name=\"twitter:data2\" content=\"2 minutes\" \/>\n<script type=\"application\/ld+json\" class=\"yoast-schema-graph\">{\"@context\":\"https:\/\/schema.org\",\"@graph\":[{\"@type\":\"WebPage\",\"@id\":\"https:\/\/azlp.mk\/sq\/mbajtja-e-seances-se-112-te-plenare-te-bordit-evropian-per-mbrojtjen-e-te-dhenave-personale-ne-bruksel\/\",\"url\":\"https:\/\/azlp.mk\/sq\/mbajtja-e-seances-se-112-te-plenare-te-bordit-evropian-per-mbrojtjen-e-te-dhenave-personale-ne-bruksel\/\",\"name\":\"Mbajtja e Seanc\u00ebs s\u00eb 112-t\u00eb Plenare t\u00eb Bordit Evropian p\u00ebr Mbrojtjen e t\u00eb Dh\u00ebnave Personale n\u00eb Bruksel - \u0410\u0433\u0435\u043d\u0446\u0438\u0458\u0430 \u0437\u0430 \u0437\u0430\u0448\u0442\u0438\u0442\u0430 \u043d\u0430 \u043b\u0438\u0447\u043d\u0438\u0442\u0435 \u043f\u043e\u0434\u0430\u0442\u043e\u0446\u0438\",\"isPartOf\":{\"@id\":\"https:\/\/azlp.mk\/#website\"},\"datePublished\":\"2025-12-11T09:35:36+00:00\",\"dateModified\":\"2025-12-11T09:35:36+00:00\",\"author\":{\"@id\":\"https:\/\/azlp.mk\/#\/schema\/person\/ce9320961c1b4baefce70d27ca3dbffe\"},\"breadcrumb\":{\"@id\":\"https:\/\/azlp.mk\/sq\/mbajtja-e-seances-se-112-te-plenare-te-bordit-evropian-per-mbrojtjen-e-te-dhenave-personale-ne-bruksel\/#breadcrumb\"},\"inLanguage\":\"sq-AL\",\"potentialAction\":[{\"@type\":\"ReadAction\",\"target\":[\"https:\/\/azlp.mk\/sq\/mbajtja-e-seances-se-112-te-plenare-te-bordit-evropian-per-mbrojtjen-e-te-dhenave-personale-ne-bruksel\/\"]}]},{\"@type\":\"BreadcrumbList\",\"@id\":\"https:\/\/azlp.mk\/sq\/mbajtja-e-seances-se-112-te-plenare-te-bordit-evropian-per-mbrojtjen-e-te-dhenave-personale-ne-bruksel\/#breadcrumb\",\"itemListElement\":[{\"@type\":\"ListItem\",\"position\":1,\"name\":\"Ballina\",\"item\":\"https:\/\/azlp.mk\/sq\/\"},{\"@type\":\"ListItem\",\"position\":2,\"name\":\"Mbajtja e Seanc\u00ebs s\u00eb 112-t\u00eb Plenare t\u00eb Bordit Evropian p\u00ebr Mbrojtjen e t\u00eb Dh\u00ebnave Personale n\u00eb Bruksel\"}]},{\"@type\":\"WebSite\",\"@id\":\"https:\/\/azlp.mk\/#website\",\"url\":\"https:\/\/azlp.mk\/\",\"name\":\"\u0410\u0433\u0435\u043d\u0446\u0438\u0458\u0430 \u0437\u0430 \u0437\u0430\u0448\u0442\u0438\u0442\u0430 \u043d\u0430 \u043b\u0438\u0447\u043d\u0438\u0442\u0435 \u043f\u043e\u0434\u0430\u0442\u043e\u0446\u0438\",\"description\":\"\",\"potentialAction\":[{\"@type\":\"SearchAction\",\"target\":{\"@type\":\"EntryPoint\",\"urlTemplate\":\"https:\/\/azlp.mk\/?s={search_term_string}\"},\"query-input\":\"required name=search_term_string\"}],\"inLanguage\":\"sq-AL\"},{\"@type\":\"Person\",\"@id\":\"https:\/\/azlp.mk\/#\/schema\/person\/ce9320961c1b4baefce70d27ca3dbffe\",\"name\":\"\u0421\u043b\u043e\u0431\u043e\u0434\u0430\u043d\u043a\u0430 \u0421\u043b\u0430\u0432\u043a\u043e\u0432\u0441\u043a\u0430\",\"image\":{\"@type\":\"ImageObject\",\"inLanguage\":\"sq-AL\",\"@id\":\"https:\/\/azlp.mk\/#\/schema\/person\/image\/\",\"url\":\"https:\/\/secure.gravatar.com\/avatar\/2ec57d2f4a0c24feecf5a7d8219d2c34?s=96&d=mm&r=g\",\"contentUrl\":\"https:\/\/secure.gravatar.com\/avatar\/2ec57d2f4a0c24feecf5a7d8219d2c34?s=96&d=mm&r=g\",\"caption\":\"\u0421\u043b\u043e\u0431\u043e\u0434\u0430\u043d\u043a\u0430 \u0421\u043b\u0430\u0432\u043a\u043e\u0432\u0441\u043a\u0430\"},\"sameAs\":[\"https:\/\/www.azlp.mk\"],\"url\":\"https:\/\/azlp.mk\/sq\/author\/slobodanka_sdkhjdashjkr47\/\"}]}<\/script>\n<!-- \/ Yoast SEO plugin. -->","yoast_head_json":{"title":"Mbajtja e Seanc\u00ebs s\u00eb 112-t\u00eb Plenare t\u00eb Bordit Evropian p\u00ebr Mbrojtjen e t\u00eb Dh\u00ebnave Personale n\u00eb Bruksel - \u0410\u0433\u0435\u043d\u0446\u0438\u0458\u0430 \u0437\u0430 \u0437\u0430\u0448\u0442\u0438\u0442\u0430 \u043d\u0430 \u043b\u0438\u0447\u043d\u0438\u0442\u0435 \u043f\u043e\u0434\u0430\u0442\u043e\u0446\u0438","robots":{"index":"index","follow":"follow","max-snippet":"max-snippet:-1","max-image-preview":"max-image-preview:large","max-video-preview":"max-video-preview:-1"},"canonical":"https:\/\/azlp.mk\/sq\/mbajtja-e-seances-se-112-te-plenare-te-bordit-evropian-per-mbrojtjen-e-te-dhenave-personale-ne-bruksel\/","og_locale":"sq_AL","og_type":"article","og_title":"Mbajtja e Seanc\u00ebs s\u00eb 112-t\u00eb Plenare t\u00eb Bordit Evropian p\u00ebr Mbrojtjen e t\u00eb Dh\u00ebnave Personale n\u00eb Bruksel - \u0410\u0433\u0435\u043d\u0446\u0438\u0458\u0430 \u0437\u0430 \u0437\u0430\u0448\u0442\u0438\u0442\u0430 \u043d\u0430 \u043b\u0438\u0447\u043d\u0438\u0442\u0435 \u043f\u043e\u0434\u0430\u0442\u043e\u0446\u0438","og_description":"M\u00eb 2\u20133 dhjetor 2025, Agjencia mori pjes\u00eb n\u00eb Seanc\u00ebn e [&hellip;]","og_url":"https:\/\/azlp.mk\/sq\/mbajtja-e-seances-se-112-te-plenare-te-bordit-evropian-per-mbrojtjen-e-te-dhenave-personale-ne-bruksel\/","og_site_name":"\u0410\u0433\u0435\u043d\u0446\u0438\u0458\u0430 \u0437\u0430 \u0437\u0430\u0448\u0442\u0438\u0442\u0430 \u043d\u0430 \u043b\u0438\u0447\u043d\u0438\u0442\u0435 \u043f\u043e\u0434\u0430\u0442\u043e\u0446\u0438","article_published_time":"2025-12-11T09:35:36+00:00","og_image":[{"width":1205,"height":1601,"url":"https:\/\/azlp.mk\/wp-content\/uploads\/2025\/12\/image_2025-12-09.jpg","type":"image\/jpeg"}],"author":"\u0421\u043b\u043e\u0431\u043e\u0434\u0430\u043d\u043a\u0430 \u0421\u043b\u0430\u0432\u043a\u043e\u0432\u0441\u043a\u0430","twitter_card":"summary_large_image","twitter_misc":{"Written by":"\u0421\u043b\u043e\u0431\u043e\u0434\u0430\u043d\u043a\u0430 \u0421\u043b\u0430\u0432\u043a\u043e\u0432\u0441\u043a\u0430","Est. reading time":"2 minutes"},"schema":{"@context":"https:\/\/schema.org","@graph":[{"@type":"WebPage","@id":"https:\/\/azlp.mk\/sq\/mbajtja-e-seances-se-112-te-plenare-te-bordit-evropian-per-mbrojtjen-e-te-dhenave-personale-ne-bruksel\/","url":"https:\/\/azlp.mk\/sq\/mbajtja-e-seances-se-112-te-plenare-te-bordit-evropian-per-mbrojtjen-e-te-dhenave-personale-ne-bruksel\/","name":"Mbajtja e Seanc\u00ebs s\u00eb 112-t\u00eb Plenare t\u00eb Bordit Evropian p\u00ebr Mbrojtjen e t\u00eb Dh\u00ebnave Personale n\u00eb Bruksel - \u0410\u0433\u0435\u043d\u0446\u0438\u0458\u0430 \u0437\u0430 \u0437\u0430\u0448\u0442\u0438\u0442\u0430 \u043d\u0430 \u043b\u0438\u0447\u043d\u0438\u0442\u0435 \u043f\u043e\u0434\u0430\u0442\u043e\u0446\u0438","isPartOf":{"@id":"https:\/\/azlp.mk\/#website"},"datePublished":"2025-12-11T09:35:36+00:00","dateModified":"2025-12-11T09:35:36+00:00","author":{"@id":"https:\/\/azlp.mk\/#\/schema\/person\/ce9320961c1b4baefce70d27ca3dbffe"},"breadcrumb":{"@id":"https:\/\/azlp.mk\/sq\/mbajtja-e-seances-se-112-te-plenare-te-bordit-evropian-per-mbrojtjen-e-te-dhenave-personale-ne-bruksel\/#breadcrumb"},"inLanguage":"sq-AL","potentialAction":[{"@type":"ReadAction","target":["https:\/\/azlp.mk\/sq\/mbajtja-e-seances-se-112-te-plenare-te-bordit-evropian-per-mbrojtjen-e-te-dhenave-personale-ne-bruksel\/"]}]},{"@type":"BreadcrumbList","@id":"https:\/\/azlp.mk\/sq\/mbajtja-e-seances-se-112-te-plenare-te-bordit-evropian-per-mbrojtjen-e-te-dhenave-personale-ne-bruksel\/#breadcrumb","itemListElement":[{"@type":"ListItem","position":1,"name":"Ballina","item":"https:\/\/azlp.mk\/sq\/"},{"@type":"ListItem","position":2,"name":"Mbajtja e Seanc\u00ebs s\u00eb 112-t\u00eb Plenare t\u00eb Bordit Evropian p\u00ebr Mbrojtjen e t\u00eb Dh\u00ebnave Personale n\u00eb Bruksel"}]},{"@type":"WebSite","@id":"https:\/\/azlp.mk\/#website","url":"https:\/\/azlp.mk\/","name":"\u0410\u0433\u0435\u043d\u0446\u0438\u0458\u0430 \u0437\u0430 \u0437\u0430\u0448\u0442\u0438\u0442\u0430 \u043d\u0430 \u043b\u0438\u0447\u043d\u0438\u0442\u0435 \u043f\u043e\u0434\u0430\u0442\u043e\u0446\u0438","description":"","potentialAction":[{"@type":"SearchAction","target":{"@type":"EntryPoint","urlTemplate":"https:\/\/azlp.mk\/?s={search_term_string}"},"query-input":"required name=search_term_string"}],"inLanguage":"sq-AL"},{"@type":"Person","@id":"https:\/\/azlp.mk\/#\/schema\/person\/ce9320961c1b4baefce70d27ca3dbffe","name":"\u0421\u043b\u043e\u0431\u043e\u0434\u0430\u043d\u043a\u0430 \u0421\u043b\u0430\u0432\u043a\u043e\u0432\u0441\u043a\u0430","image":{"@type":"ImageObject","inLanguage":"sq-AL","@id":"https:\/\/azlp.mk\/#\/schema\/person\/image\/","url":"https:\/\/secure.gravatar.com\/avatar\/2ec57d2f4a0c24feecf5a7d8219d2c34?s=96&d=mm&r=g","contentUrl":"https:\/\/secure.gravatar.com\/avatar\/2ec57d2f4a0c24feecf5a7d8219d2c34?s=96&d=mm&r=g","caption":"\u0421\u043b\u043e\u0431\u043e\u0434\u0430\u043d\u043a\u0430 \u0421\u043b\u0430\u0432\u043a\u043e\u0432\u0441\u043a\u0430"},"sameAs":["https:\/\/www.azlp.mk"],"url":"https:\/\/azlp.mk\/sq\/author\/slobodanka_sdkhjdashjkr47\/"}]}},"_links":{"self":[{"href":"https:\/\/azlp.mk\/sq\/wp-json\/wp\/v2\/posts\/16821"}],"collection":[{"href":"https:\/\/azlp.mk\/sq\/wp-json\/wp\/v2\/posts"}],"about":[{"href":"https:\/\/azlp.mk\/sq\/wp-json\/wp\/v2\/types\/post"}],"author":[{"embeddable":true,"href":"https:\/\/azlp.mk\/sq\/wp-json\/wp\/v2\/users\/6"}],"replies":[{"embeddable":true,"href":"https:\/\/azlp.mk\/sq\/wp-json\/wp\/v2\/comments?post=16821"}],"version-history":[{"count":0,"href":"https:\/\/azlp.mk\/sq\/wp-json\/wp\/v2\/posts\/16821\/revisions"}],"wp:featuredmedia":[{"embeddable":true,"href":"https:\/\/azlp.mk\/sq\/wp-json\/wp\/v2\/media\/16818"}],"wp:attachment":[{"href":"https:\/\/azlp.mk\/sq\/wp-json\/wp\/v2\/media?parent=16821"}],"wp:term":[{"taxonomy":"category","embeddable":true,"href":"https:\/\/azlp.mk\/sq\/wp-json\/wp\/v2\/categories?post=16821"},{"taxonomy":"post_tag","embeddable":true,"href":"https:\/\/azlp.mk\/sq\/wp-json\/wp\/v2\/tags?post=16821"}],"curies":[{"name":"wp","href":"https:\/\/api.w.org\/{rel}","templated":true}]}}