{"id":16702,"date":"2025-10-25T10:12:51","date_gmt":"2025-10-25T08:12:51","guid":{"rendered":"https:\/\/azlp.mk\/trajnim-per-mbrojtjen-e-te-dhenave-personale-7\/"},"modified":"2025-10-25T10:12:51","modified_gmt":"2025-10-25T08:12:51","slug":"trajnim-per-mbrojtjen-e-te-dhenave-personale-7","status":"publish","type":"post","link":"https:\/\/azlp.mk\/sq\/trajnim-per-mbrojtjen-e-te-dhenave-personale-7\/","title":{"rendered":"Trajnim p\u00ebr mbrojtjen e t\u00eb dh\u00ebnave personale"},"content":{"rendered":"<p>M\u00eb 24 tetor 2025, n\u00eb hap\u00ebsirat e Agjencis\u00eb u mbajt trajnim i dedikuar mbrojtjes s\u00eb t\u00eb dh\u00ebnave personale.<\/p>\n<p>N\u00eb trajnim mor\u00ebn pjes\u00eb p\u00ebrfaq\u00ebsues t\u00eb kontrolluesve nga sektor\u00eb t\u00eb ndrysh\u00ebm, t\u00eb cil\u00ebt zhvilluan nj\u00eb shk\u00ebmbim aktiv p\u00ebrvojash, pyetjesh dhe idesh. Q\u00ebllimi i trajnimit ishte t\u00eb sqarohet detyrimi ligjor q\u00eb rrjedh nga Ligji p\u00ebr mbrojtjen e t\u00eb dh\u00ebnave personale dhe aktet n\u00ebnligjore \u2013 si p\u00ebr kontrolluesit, ashtu edhe p\u00ebr p\u00ebrpunuesit. <\/p>\n<p>Gjat\u00eb trajnimit u dhan\u00eb udh\u00ebzime t\u00eb qarta p\u00ebr harmonizim me dispozitat dhe u trajtuan disa tema ky\u00e7e, mes t\u00eb cilave:<\/p>\n<ul>\n<li>p\u00ebrkufizimi i nocioneve baz\u00eb n\u00eb fush\u00ebn e mbrojtjes s\u00eb t\u00eb dh\u00ebnave personale;<\/li>\n<li>parimet p\u00ebr mbrojtjen e t\u00eb dh\u00ebnave personale, t\u00eb cilat p\u00ebrfaq\u00ebsojn\u00eb themelin e t\u00eb gjith\u00eb sistemit;<\/li>\n<li>t\u00eb drejtat e subjekteve t\u00eb t\u00eb dh\u00ebnave personale dhe mekanizmat p\u00ebr realizimin e tyre;<\/li>\n<li>detyrimet e kontrolluesve dhe p\u00ebrpunuesve gjat\u00eb gjith\u00eb ciklit t\u00eb p\u00ebrpunimit;<\/li>\n<li>rregullat p\u00ebr transferimin e t\u00eb dh\u00ebnave personale, p\u00ebrfshir\u00eb edhe transferimin nd\u00ebrkomb\u00ebtar;<\/li>\n<li>detyrimet ligjore p\u00ebr vendosjen e sistemeve t\u00eb mbik\u00ebqyrjes me video.<\/li>\n<\/ul>\n<p>K\u00ebto trajnim\u0435 jan\u00eb pjes\u00eb e p\u00ebrpjekjeve t\u00eb vazhdueshme t\u00eb Agjencis\u00eb p\u00ebr forcimin e kapaciteteve t\u00eb t\u00eb gjitha pal\u00ebve t\u00eb interesuara dhe p\u00ebr sigurimin e nj\u00eb niveli m\u00eb t\u00eb lart\u00eb t\u00eb mbrojtjes s\u00eb t\u00eb dh\u00ebnave personale n\u00eb Republik\u00ebn e Maqedonis\u00eb s\u00eb Veriut.<\/p>\n<p>&nbsp;<\/p>\n","protected":false},"excerpt":{"rendered":"<p>M\u00eb 24 tetor 2025, n\u00eb hap\u00ebsirat e Agjencis\u00eb u mbajt [&hellip;]<\/p>\n","protected":false},"author":6,"featured_media":16700,"comment_status":"closed","ping_status":"closed","sticky":false,"template":"","format":"standard","meta":{"footnotes":""},"categories":[80,228],"tags":[],"yoast_head":"<!-- This site is optimized with the Yoast SEO plugin v19.9 - https:\/\/yoast.com\/wordpress\/plugins\/seo\/ -->\n<title>Trajnim p\u00ebr mbrojtjen e t\u00eb dh\u00ebnave personale - \u0410\u0433\u0435\u043d\u0446\u0438\u0458\u0430 \u0437\u0430 \u0437\u0430\u0448\u0442\u0438\u0442\u0430 \u043d\u0430 \u043b\u0438\u0447\u043d\u0438\u0442\u0435 \u043f\u043e\u0434\u0430\u0442\u043e\u0446\u0438<\/title>\n<meta name=\"robots\" content=\"index, follow, max-snippet:-1, max-image-preview:large, max-video-preview:-1\" \/>\n<link rel=\"canonical\" href=\"https:\/\/azlp.mk\/trajnim-per-mbrojtjen-e-te-dhenave-personale-7\/\" \/>\n<meta property=\"og:locale\" content=\"sq_AL\" \/>\n<meta property=\"og:type\" content=\"article\" \/>\n<meta property=\"og:title\" content=\"Trajnim p\u00ebr mbrojtjen e t\u00eb dh\u00ebnave personale - \u0410\u0433\u0435\u043d\u0446\u0438\u0458\u0430 \u0437\u0430 \u0437\u0430\u0448\u0442\u0438\u0442\u0430 \u043d\u0430 \u043b\u0438\u0447\u043d\u0438\u0442\u0435 \u043f\u043e\u0434\u0430\u0442\u043e\u0446\u0438\" \/>\n<meta property=\"og:description\" content=\"M\u00eb 24 tetor 2025, n\u00eb hap\u00ebsirat e Agjencis\u00eb u mbajt [&hellip;]\" \/>\n<meta property=\"og:url\" content=\"https:\/\/azlp.mk\/trajnim-per-mbrojtjen-e-te-dhenave-personale-7\/\" \/>\n<meta property=\"og:site_name\" content=\"\u0410\u0433\u0435\u043d\u0446\u0438\u0458\u0430 \u0437\u0430 \u0437\u0430\u0448\u0442\u0438\u0442\u0430 \u043d\u0430 \u043b\u0438\u0447\u043d\u0438\u0442\u0435 \u043f\u043e\u0434\u0430\u0442\u043e\u0446\u0438\" \/>\n<meta property=\"article:published_time\" content=\"2025-10-25T08:12:51+00:00\" \/>\n<meta name=\"author\" content=\"\u0421\u043b\u043e\u0431\u043e\u0434\u0430\u043d\u043a\u0430 \u0421\u043b\u0430\u0432\u043a\u043e\u0432\u0441\u043a\u0430\" \/>\n<meta name=\"twitter:card\" content=\"summary_large_image\" \/>\n<meta name=\"twitter:label1\" content=\"Written by\" \/>\n\t<meta name=\"twitter:data1\" content=\"\u0421\u043b\u043e\u0431\u043e\u0434\u0430\u043d\u043a\u0430 \u0421\u043b\u0430\u0432\u043a\u043e\u0432\u0441\u043a\u0430\" \/>\n\t<meta name=\"twitter:label2\" content=\"Est. reading time\" \/>\n\t<meta name=\"twitter:data2\" content=\"1 minute\" \/>\n<script type=\"application\/ld+json\" class=\"yoast-schema-graph\">{\"@context\":\"https:\/\/schema.org\",\"@graph\":[{\"@type\":\"WebPage\",\"@id\":\"https:\/\/azlp.mk\/trajnim-per-mbrojtjen-e-te-dhenave-personale-7\/\",\"url\":\"https:\/\/azlp.mk\/trajnim-per-mbrojtjen-e-te-dhenave-personale-7\/\",\"name\":\"Trajnim p\u00ebr mbrojtjen e t\u00eb dh\u00ebnave personale - \u0410\u0433\u0435\u043d\u0446\u0438\u0458\u0430 \u0437\u0430 \u0437\u0430\u0448\u0442\u0438\u0442\u0430 \u043d\u0430 \u043b\u0438\u0447\u043d\u0438\u0442\u0435 \u043f\u043e\u0434\u0430\u0442\u043e\u0446\u0438\",\"isPartOf\":{\"@id\":\"https:\/\/azlp.mk\/#website\"},\"datePublished\":\"2025-10-25T08:12:51+00:00\",\"dateModified\":\"2025-10-25T08:12:51+00:00\",\"author\":{\"@id\":\"https:\/\/azlp.mk\/#\/schema\/person\/ce9320961c1b4baefce70d27ca3dbffe\"},\"breadcrumb\":{\"@id\":\"https:\/\/azlp.mk\/trajnim-per-mbrojtjen-e-te-dhenave-personale-7\/#breadcrumb\"},\"inLanguage\":\"sq-AL\",\"potentialAction\":[{\"@type\":\"ReadAction\",\"target\":[\"https:\/\/azlp.mk\/trajnim-per-mbrojtjen-e-te-dhenave-personale-7\/\"]}]},{\"@type\":\"BreadcrumbList\",\"@id\":\"https:\/\/azlp.mk\/trajnim-per-mbrojtjen-e-te-dhenave-personale-7\/#breadcrumb\",\"itemListElement\":[{\"@type\":\"ListItem\",\"position\":1,\"name\":\"Ballina\",\"item\":\"https:\/\/azlp.mk\/sq\/\"},{\"@type\":\"ListItem\",\"position\":2,\"name\":\"Trajnim p\u00ebr mbrojtjen e t\u00eb dh\u00ebnave personale\"}]},{\"@type\":\"WebSite\",\"@id\":\"https:\/\/azlp.mk\/#website\",\"url\":\"https:\/\/azlp.mk\/\",\"name\":\"\u0410\u0433\u0435\u043d\u0446\u0438\u0458\u0430 \u0437\u0430 \u0437\u0430\u0448\u0442\u0438\u0442\u0430 \u043d\u0430 \u043b\u0438\u0447\u043d\u0438\u0442\u0435 \u043f\u043e\u0434\u0430\u0442\u043e\u0446\u0438\",\"description\":\"\",\"potentialAction\":[{\"@type\":\"SearchAction\",\"target\":{\"@type\":\"EntryPoint\",\"urlTemplate\":\"https:\/\/azlp.mk\/?s={search_term_string}\"},\"query-input\":\"required name=search_term_string\"}],\"inLanguage\":\"sq-AL\"},{\"@type\":\"Person\",\"@id\":\"https:\/\/azlp.mk\/#\/schema\/person\/ce9320961c1b4baefce70d27ca3dbffe\",\"name\":\"\u0421\u043b\u043e\u0431\u043e\u0434\u0430\u043d\u043a\u0430 \u0421\u043b\u0430\u0432\u043a\u043e\u0432\u0441\u043a\u0430\",\"image\":{\"@type\":\"ImageObject\",\"inLanguage\":\"sq-AL\",\"@id\":\"https:\/\/azlp.mk\/#\/schema\/person\/image\/\",\"url\":\"https:\/\/secure.gravatar.com\/avatar\/2ec57d2f4a0c24feecf5a7d8219d2c34?s=96&d=mm&r=g\",\"contentUrl\":\"https:\/\/secure.gravatar.com\/avatar\/2ec57d2f4a0c24feecf5a7d8219d2c34?s=96&d=mm&r=g\",\"caption\":\"\u0421\u043b\u043e\u0431\u043e\u0434\u0430\u043d\u043a\u0430 \u0421\u043b\u0430\u0432\u043a\u043e\u0432\u0441\u043a\u0430\"},\"sameAs\":[\"https:\/\/www.azlp.mk\"],\"url\":\"https:\/\/azlp.mk\/sq\/author\/slobodanka_sdkhjdashjkr47\/\"}]}<\/script>\n<!-- \/ Yoast SEO plugin. -->","yoast_head_json":{"title":"Trajnim p\u00ebr mbrojtjen e t\u00eb dh\u00ebnave personale - \u0410\u0433\u0435\u043d\u0446\u0438\u0458\u0430 \u0437\u0430 \u0437\u0430\u0448\u0442\u0438\u0442\u0430 \u043d\u0430 \u043b\u0438\u0447\u043d\u0438\u0442\u0435 \u043f\u043e\u0434\u0430\u0442\u043e\u0446\u0438","robots":{"index":"index","follow":"follow","max-snippet":"max-snippet:-1","max-image-preview":"max-image-preview:large","max-video-preview":"max-video-preview:-1"},"canonical":"https:\/\/azlp.mk\/trajnim-per-mbrojtjen-e-te-dhenave-personale-7\/","og_locale":"sq_AL","og_type":"article","og_title":"Trajnim p\u00ebr mbrojtjen e t\u00eb dh\u00ebnave personale - \u0410\u0433\u0435\u043d\u0446\u0438\u0458\u0430 \u0437\u0430 \u0437\u0430\u0448\u0442\u0438\u0442\u0430 \u043d\u0430 \u043b\u0438\u0447\u043d\u0438\u0442\u0435 \u043f\u043e\u0434\u0430\u0442\u043e\u0446\u0438","og_description":"M\u00eb 24 tetor 2025, n\u00eb hap\u00ebsirat e Agjencis\u00eb u mbajt [&hellip;]","og_url":"https:\/\/azlp.mk\/trajnim-per-mbrojtjen-e-te-dhenave-personale-7\/","og_site_name":"\u0410\u0433\u0435\u043d\u0446\u0438\u0458\u0430 \u0437\u0430 \u0437\u0430\u0448\u0442\u0438\u0442\u0430 \u043d\u0430 \u043b\u0438\u0447\u043d\u0438\u0442\u0435 \u043f\u043e\u0434\u0430\u0442\u043e\u0446\u0438","article_published_time":"2025-10-25T08:12:51+00:00","author":"\u0421\u043b\u043e\u0431\u043e\u0434\u0430\u043d\u043a\u0430 \u0421\u043b\u0430\u0432\u043a\u043e\u0432\u0441\u043a\u0430","twitter_card":"summary_large_image","twitter_misc":{"Written by":"\u0421\u043b\u043e\u0431\u043e\u0434\u0430\u043d\u043a\u0430 \u0421\u043b\u0430\u0432\u043a\u043e\u0432\u0441\u043a\u0430","Est. reading time":"1 minute"},"schema":{"@context":"https:\/\/schema.org","@graph":[{"@type":"WebPage","@id":"https:\/\/azlp.mk\/trajnim-per-mbrojtjen-e-te-dhenave-personale-7\/","url":"https:\/\/azlp.mk\/trajnim-per-mbrojtjen-e-te-dhenave-personale-7\/","name":"Trajnim p\u00ebr mbrojtjen e t\u00eb dh\u00ebnave personale - \u0410\u0433\u0435\u043d\u0446\u0438\u0458\u0430 \u0437\u0430 \u0437\u0430\u0448\u0442\u0438\u0442\u0430 \u043d\u0430 \u043b\u0438\u0447\u043d\u0438\u0442\u0435 \u043f\u043e\u0434\u0430\u0442\u043e\u0446\u0438","isPartOf":{"@id":"https:\/\/azlp.mk\/#website"},"datePublished":"2025-10-25T08:12:51+00:00","dateModified":"2025-10-25T08:12:51+00:00","author":{"@id":"https:\/\/azlp.mk\/#\/schema\/person\/ce9320961c1b4baefce70d27ca3dbffe"},"breadcrumb":{"@id":"https:\/\/azlp.mk\/trajnim-per-mbrojtjen-e-te-dhenave-personale-7\/#breadcrumb"},"inLanguage":"sq-AL","potentialAction":[{"@type":"ReadAction","target":["https:\/\/azlp.mk\/trajnim-per-mbrojtjen-e-te-dhenave-personale-7\/"]}]},{"@type":"BreadcrumbList","@id":"https:\/\/azlp.mk\/trajnim-per-mbrojtjen-e-te-dhenave-personale-7\/#breadcrumb","itemListElement":[{"@type":"ListItem","position":1,"name":"Ballina","item":"https:\/\/azlp.mk\/sq\/"},{"@type":"ListItem","position":2,"name":"Trajnim p\u00ebr mbrojtjen e t\u00eb dh\u00ebnave personale"}]},{"@type":"WebSite","@id":"https:\/\/azlp.mk\/#website","url":"https:\/\/azlp.mk\/","name":"\u0410\u0433\u0435\u043d\u0446\u0438\u0458\u0430 \u0437\u0430 \u0437\u0430\u0448\u0442\u0438\u0442\u0430 \u043d\u0430 \u043b\u0438\u0447\u043d\u0438\u0442\u0435 \u043f\u043e\u0434\u0430\u0442\u043e\u0446\u0438","description":"","potentialAction":[{"@type":"SearchAction","target":{"@type":"EntryPoint","urlTemplate":"https:\/\/azlp.mk\/?s={search_term_string}"},"query-input":"required name=search_term_string"}],"inLanguage":"sq-AL"},{"@type":"Person","@id":"https:\/\/azlp.mk\/#\/schema\/person\/ce9320961c1b4baefce70d27ca3dbffe","name":"\u0421\u043b\u043e\u0431\u043e\u0434\u0430\u043d\u043a\u0430 \u0421\u043b\u0430\u0432\u043a\u043e\u0432\u0441\u043a\u0430","image":{"@type":"ImageObject","inLanguage":"sq-AL","@id":"https:\/\/azlp.mk\/#\/schema\/person\/image\/","url":"https:\/\/secure.gravatar.com\/avatar\/2ec57d2f4a0c24feecf5a7d8219d2c34?s=96&d=mm&r=g","contentUrl":"https:\/\/secure.gravatar.com\/avatar\/2ec57d2f4a0c24feecf5a7d8219d2c34?s=96&d=mm&r=g","caption":"\u0421\u043b\u043e\u0431\u043e\u0434\u0430\u043d\u043a\u0430 \u0421\u043b\u0430\u0432\u043a\u043e\u0432\u0441\u043a\u0430"},"sameAs":["https:\/\/www.azlp.mk"],"url":"https:\/\/azlp.mk\/sq\/author\/slobodanka_sdkhjdashjkr47\/"}]}},"_links":{"self":[{"href":"https:\/\/azlp.mk\/sq\/wp-json\/wp\/v2\/posts\/16702"}],"collection":[{"href":"https:\/\/azlp.mk\/sq\/wp-json\/wp\/v2\/posts"}],"about":[{"href":"https:\/\/azlp.mk\/sq\/wp-json\/wp\/v2\/types\/post"}],"author":[{"embeddable":true,"href":"https:\/\/azlp.mk\/sq\/wp-json\/wp\/v2\/users\/6"}],"replies":[{"embeddable":true,"href":"https:\/\/azlp.mk\/sq\/wp-json\/wp\/v2\/comments?post=16702"}],"version-history":[{"count":0,"href":"https:\/\/azlp.mk\/sq\/wp-json\/wp\/v2\/posts\/16702\/revisions"}],"wp:featuredmedia":[{"embeddable":true,"href":"https:\/\/azlp.mk\/sq\/wp-json\/wp\/v2\/media\/16700"}],"wp:attachment":[{"href":"https:\/\/azlp.mk\/sq\/wp-json\/wp\/v2\/media?parent=16702"}],"wp:term":[{"taxonomy":"category","embeddable":true,"href":"https:\/\/azlp.mk\/sq\/wp-json\/wp\/v2\/categories?post=16702"},{"taxonomy":"post_tag","embeddable":true,"href":"https:\/\/azlp.mk\/sq\/wp-json\/wp\/v2\/tags?post=16702"}],"curies":[{"name":"wp","href":"https:\/\/api.w.org\/{rel}","templated":true}]}}