{"id":16516,"date":"2025-10-02T15:24:01","date_gmt":"2025-10-02T13:24:01","guid":{"rendered":"https:\/\/azlp.mk\/agjencia-per-mbrojtjen-e-te-dhenave-personale-ne-takim-bilateral-me-agjencine-per-informim-dhe-privatesi-te-republikes-se-kosoves\/"},"modified":"2025-10-02T15:56:16","modified_gmt":"2025-10-02T13:56:16","slug":"agjencia-per-mbrojtjen-e-te-dhenave-personale-ne-takim-bilateral-me-agjencine-per-informim-dhe-privatesi-te-republikes-se-kosoves","status":"publish","type":"post","link":"https:\/\/azlp.mk\/sq\/agjencia-per-mbrojtjen-e-te-dhenave-personale-ne-takim-bilateral-me-agjencine-per-informim-dhe-privatesi-te-republikes-se-kosoves\/","title":{"rendered":"Agjencia p\u00ebr Mbrojtjen e t\u00eb Dh\u00ebnave Personale n\u00eb takim bilateral me Agjencin\u00eb p\u00ebr Informim dhe Privat\u00ebsi t\u00eb Republik\u00ebs s\u00eb Kosov\u00ebs"},"content":{"rendered":"<p>M\u00eb 1 tetor 2025, nj\u00eb delegacion i Agjencis\u00eb p\u00ebr Mbrojtjen e t\u00eb Dh\u00ebnave Personale t\u00eb Republik\u00ebs s\u00eb Maqedonis\u00eb s\u00eb Veriut, i udh\u00ebhequr nga z\u00ebvend\u00ebsdrejtoresha znj. Elena Veljanoska, mori pjes\u00eb n\u00eb nj\u00eb takim bilateral n\u00eb Prishtin\u00eb, ku u prit nga Komisionerja p\u00ebr Informim dhe Privat\u00ebsi e Republik\u00ebs s\u00eb Kosov\u00ebs, znj. Krenare Sogojeva-D\u00ebrmaku.<\/p>\n<p>Takimi u zhvillua n\u00eb kuad\u00ebr t\u00eb bashk\u00ebpunimit nd\u00ebrinstitucional dhe u fokusua n\u00eb shk\u00ebmbimin e p\u00ebrvojave, avancimin e standardeve t\u00eb p\u00ebrbashk\u00ebta dhe forcimin e bashk\u00ebpunimit rajonal n\u00eb fush\u00ebn e mbrojtjes s\u00eb t\u00eb dh\u00ebnave personale.<\/p>\n<p>N\u00eb k\u00ebt\u00eb kuad\u00ebr, p\u00ebrfaq\u00ebsuesit e Agjencis\u00eb p\u00ebr Informim dhe Privat\u00ebsi t\u00eb Republik\u00ebs s\u00eb Kosov\u00ebs prezantuan ,,Platform\u00ebn p\u00ebr identifikimin e rrjedhjes s\u00eb t\u00eb dh\u00ebnave personale\u201c, e cila sh\u00ebrben si instrument p\u00ebr p\u00ebrmir\u00ebsimin e mekanizmave mbik\u00ebqyr\u00ebs dhe mbrojtjen m\u00eb efektive t\u00eb t\u00eb dh\u00ebnave t\u00eb qytetar\u00ebve.<\/p>\n<p>Ky takim sh\u00ebnon nj\u00eb hap t\u00eb r\u00ebnd\u00ebsish\u00ebm drejt thellimit t\u00eb bashk\u00ebpunimit mes dy autoriteteve dhe nd\u00ebrtimit t\u00eb praktikave t\u00eb q\u00ebndrueshme n\u00eb fush\u00ebn e mbrojtjes s\u00eb t\u00eb dh\u00ebnave personale.<\/p>\n<p><img decoding=\"async\" class=\"alignnone wp-image-16512\" src=\"https:\/\/azlp.mk\/wp-content\/uploads\/2025\/10\/558905553_1207671981407066_3438817649237133946_n-1024x774.jpg\" alt=\"\" width=\"154\" height=\"116\" srcset=\"https:\/\/azlp.mk\/wp-content\/uploads\/2025\/10\/558905553_1207671981407066_3438817649237133946_n-200x151.jpg 200w, https:\/\/azlp.mk\/wp-content\/uploads\/2025\/10\/558905553_1207671981407066_3438817649237133946_n-300x227.jpg 300w, https:\/\/azlp.mk\/wp-content\/uploads\/2025\/10\/558905553_1207671981407066_3438817649237133946_n-400x302.jpg 400w, https:\/\/azlp.mk\/wp-content\/uploads\/2025\/10\/558905553_1207671981407066_3438817649237133946_n-600x453.jpg 600w, https:\/\/azlp.mk\/wp-content\/uploads\/2025\/10\/558905553_1207671981407066_3438817649237133946_n-768x580.jpg 768w, https:\/\/azlp.mk\/wp-content\/uploads\/2025\/10\/558905553_1207671981407066_3438817649237133946_n-800x604.jpg 800w, https:\/\/azlp.mk\/wp-content\/uploads\/2025\/10\/558905553_1207671981407066_3438817649237133946_n-1024x774.jpg 1024w, https:\/\/azlp.mk\/wp-content\/uploads\/2025\/10\/558905553_1207671981407066_3438817649237133946_n-1200x907.jpg 1200w, https:\/\/azlp.mk\/wp-content\/uploads\/2025\/10\/558905553_1207671981407066_3438817649237133946_n.jpg 1440w\" sizes=\"(max-width: 154px) 100vw, 154px\" \/><\/p>\n","protected":false},"excerpt":{"rendered":"<p>M\u00eb 1 tetor 2025, nj\u00eb delegacion i Agjencis\u00eb p\u00ebr Mbrojtjen [&hellip;]<\/p>\n","protected":false},"author":6,"featured_media":16510,"comment_status":"closed","ping_status":"open","sticky":false,"template":"","format":"standard","meta":{"footnotes":""},"categories":[80,228],"tags":[],"yoast_head":"<!-- This site is optimized with the Yoast SEO plugin v19.9 - https:\/\/yoast.com\/wordpress\/plugins\/seo\/ -->\n<title>Agjencia p\u00ebr Mbrojtjen e t\u00eb Dh\u00ebnave Personale n\u00eb takim bilateral me Agjencin\u00eb p\u00ebr Informim dhe Privat\u00ebsi t\u00eb Republik\u00ebs s\u00eb Kosov\u00ebs - \u0410\u0433\u0435\u043d\u0446\u0438\u0458\u0430 \u0437\u0430 \u0437\u0430\u0448\u0442\u0438\u0442\u0430 \u043d\u0430 \u043b\u0438\u0447\u043d\u0438\u0442\u0435 \u043f\u043e\u0434\u0430\u0442\u043e\u0446\u0438<\/title>\n<meta name=\"robots\" content=\"index, follow, max-snippet:-1, max-image-preview:large, max-video-preview:-1\" \/>\n<link rel=\"canonical\" href=\"https:\/\/azlp.mk\/sq\/agjencia-per-mbrojtjen-e-te-dhenave-personale-ne-takim-bilateral-me-agjencine-per-informim-dhe-privatesi-te-republikes-se-kosoves\/\" \/>\n<meta property=\"og:locale\" content=\"sq_AL\" \/>\n<meta property=\"og:type\" content=\"article\" \/>\n<meta property=\"og:title\" content=\"Agjencia p\u00ebr Mbrojtjen e t\u00eb Dh\u00ebnave Personale n\u00eb takim bilateral me Agjencin\u00eb p\u00ebr Informim dhe Privat\u00ebsi t\u00eb Republik\u00ebs s\u00eb Kosov\u00ebs - \u0410\u0433\u0435\u043d\u0446\u0438\u0458\u0430 \u0437\u0430 \u0437\u0430\u0448\u0442\u0438\u0442\u0430 \u043d\u0430 \u043b\u0438\u0447\u043d\u0438\u0442\u0435 \u043f\u043e\u0434\u0430\u0442\u043e\u0446\u0438\" \/>\n<meta property=\"og:description\" content=\"M\u00eb 1 tetor 2025, nj\u00eb delegacion i Agjencis\u00eb p\u00ebr Mbrojtjen [&hellip;]\" \/>\n<meta property=\"og:url\" content=\"https:\/\/azlp.mk\/sq\/agjencia-per-mbrojtjen-e-te-dhenave-personale-ne-takim-bilateral-me-agjencine-per-informim-dhe-privatesi-te-republikes-se-kosoves\/\" \/>\n<meta property=\"og:site_name\" content=\"\u0410\u0433\u0435\u043d\u0446\u0438\u0458\u0430 \u0437\u0430 \u0437\u0430\u0448\u0442\u0438\u0442\u0430 \u043d\u0430 \u043b\u0438\u0447\u043d\u0438\u0442\u0435 \u043f\u043e\u0434\u0430\u0442\u043e\u0446\u0438\" \/>\n<meta property=\"article:published_time\" content=\"2025-10-02T13:24:01+00:00\" \/>\n<meta property=\"article:modified_time\" content=\"2025-10-02T13:56:16+00:00\" \/>\n<meta property=\"og:image\" content=\"https:\/\/azlp.mk\/wp-content\/uploads\/2025\/10\/557504713_1207671968073734_8637363655555441368_n.jpg\" \/>\n\t<meta property=\"og:image:width\" content=\"1440\" \/>\n\t<meta property=\"og:image:height\" content=\"914\" \/>\n\t<meta property=\"og:image:type\" content=\"image\/jpeg\" \/>\n<meta name=\"author\" content=\"\u0421\u043b\u043e\u0431\u043e\u0434\u0430\u043d\u043a\u0430 \u0421\u043b\u0430\u0432\u043a\u043e\u0432\u0441\u043a\u0430\" \/>\n<meta name=\"twitter:card\" content=\"summary_large_image\" \/>\n<meta name=\"twitter:label1\" content=\"Written by\" \/>\n\t<meta name=\"twitter:data1\" content=\"\u0421\u043b\u043e\u0431\u043e\u0434\u0430\u043d\u043a\u0430 \u0421\u043b\u0430\u0432\u043a\u043e\u0432\u0441\u043a\u0430\" \/>\n\t<meta name=\"twitter:label2\" content=\"Est. reading time\" \/>\n\t<meta name=\"twitter:data2\" content=\"1 minute\" \/>\n<script type=\"application\/ld+json\" class=\"yoast-schema-graph\">{\"@context\":\"https:\/\/schema.org\",\"@graph\":[{\"@type\":\"WebPage\",\"@id\":\"https:\/\/azlp.mk\/sq\/agjencia-per-mbrojtjen-e-te-dhenave-personale-ne-takim-bilateral-me-agjencine-per-informim-dhe-privatesi-te-republikes-se-kosoves\/\",\"url\":\"https:\/\/azlp.mk\/sq\/agjencia-per-mbrojtjen-e-te-dhenave-personale-ne-takim-bilateral-me-agjencine-per-informim-dhe-privatesi-te-republikes-se-kosoves\/\",\"name\":\"Agjencia p\u00ebr Mbrojtjen e t\u00eb Dh\u00ebnave Personale n\u00eb takim bilateral me Agjencin\u00eb p\u00ebr Informim dhe Privat\u00ebsi t\u00eb Republik\u00ebs s\u00eb Kosov\u00ebs - \u0410\u0433\u0435\u043d\u0446\u0438\u0458\u0430 \u0437\u0430 \u0437\u0430\u0448\u0442\u0438\u0442\u0430 \u043d\u0430 \u043b\u0438\u0447\u043d\u0438\u0442\u0435 \u043f\u043e\u0434\u0430\u0442\u043e\u0446\u0438\",\"isPartOf\":{\"@id\":\"https:\/\/azlp.mk\/#website\"},\"datePublished\":\"2025-10-02T13:24:01+00:00\",\"dateModified\":\"2025-10-02T13:56:16+00:00\",\"author\":{\"@id\":\"https:\/\/azlp.mk\/#\/schema\/person\/ce9320961c1b4baefce70d27ca3dbffe\"},\"breadcrumb\":{\"@id\":\"https:\/\/azlp.mk\/sq\/agjencia-per-mbrojtjen-e-te-dhenave-personale-ne-takim-bilateral-me-agjencine-per-informim-dhe-privatesi-te-republikes-se-kosoves\/#breadcrumb\"},\"inLanguage\":\"sq-AL\",\"potentialAction\":[{\"@type\":\"ReadAction\",\"target\":[\"https:\/\/azlp.mk\/sq\/agjencia-per-mbrojtjen-e-te-dhenave-personale-ne-takim-bilateral-me-agjencine-per-informim-dhe-privatesi-te-republikes-se-kosoves\/\"]}]},{\"@type\":\"BreadcrumbList\",\"@id\":\"https:\/\/azlp.mk\/sq\/agjencia-per-mbrojtjen-e-te-dhenave-personale-ne-takim-bilateral-me-agjencine-per-informim-dhe-privatesi-te-republikes-se-kosoves\/#breadcrumb\",\"itemListElement\":[{\"@type\":\"ListItem\",\"position\":1,\"name\":\"Ballina\",\"item\":\"https:\/\/azlp.mk\/sq\/\"},{\"@type\":\"ListItem\",\"position\":2,\"name\":\"Agjencia p\u00ebr Mbrojtjen e t\u00eb Dh\u00ebnave Personale n\u00eb takim bilateral me Agjencin\u00eb p\u00ebr Informim dhe Privat\u00ebsi t\u00eb Republik\u00ebs s\u00eb Kosov\u00ebs\"}]},{\"@type\":\"WebSite\",\"@id\":\"https:\/\/azlp.mk\/#website\",\"url\":\"https:\/\/azlp.mk\/\",\"name\":\"\u0410\u0433\u0435\u043d\u0446\u0438\u0458\u0430 \u0437\u0430 \u0437\u0430\u0448\u0442\u0438\u0442\u0430 \u043d\u0430 \u043b\u0438\u0447\u043d\u0438\u0442\u0435 \u043f\u043e\u0434\u0430\u0442\u043e\u0446\u0438\",\"description\":\"\",\"potentialAction\":[{\"@type\":\"SearchAction\",\"target\":{\"@type\":\"EntryPoint\",\"urlTemplate\":\"https:\/\/azlp.mk\/?s={search_term_string}\"},\"query-input\":\"required name=search_term_string\"}],\"inLanguage\":\"sq-AL\"},{\"@type\":\"Person\",\"@id\":\"https:\/\/azlp.mk\/#\/schema\/person\/ce9320961c1b4baefce70d27ca3dbffe\",\"name\":\"\u0421\u043b\u043e\u0431\u043e\u0434\u0430\u043d\u043a\u0430 \u0421\u043b\u0430\u0432\u043a\u043e\u0432\u0441\u043a\u0430\",\"image\":{\"@type\":\"ImageObject\",\"inLanguage\":\"sq-AL\",\"@id\":\"https:\/\/azlp.mk\/#\/schema\/person\/image\/\",\"url\":\"https:\/\/secure.gravatar.com\/avatar\/2ec57d2f4a0c24feecf5a7d8219d2c34?s=96&d=mm&r=g\",\"contentUrl\":\"https:\/\/secure.gravatar.com\/avatar\/2ec57d2f4a0c24feecf5a7d8219d2c34?s=96&d=mm&r=g\",\"caption\":\"\u0421\u043b\u043e\u0431\u043e\u0434\u0430\u043d\u043a\u0430 \u0421\u043b\u0430\u0432\u043a\u043e\u0432\u0441\u043a\u0430\"},\"sameAs\":[\"https:\/\/www.azlp.mk\"],\"url\":\"https:\/\/azlp.mk\/sq\/author\/slobodanka_sdkhjdashjkr47\/\"}]}<\/script>\n<!-- \/ Yoast SEO plugin. -->","yoast_head_json":{"title":"Agjencia p\u00ebr Mbrojtjen e t\u00eb Dh\u00ebnave Personale n\u00eb takim bilateral me Agjencin\u00eb p\u00ebr Informim dhe Privat\u00ebsi t\u00eb Republik\u00ebs s\u00eb Kosov\u00ebs - \u0410\u0433\u0435\u043d\u0446\u0438\u0458\u0430 \u0437\u0430 \u0437\u0430\u0448\u0442\u0438\u0442\u0430 \u043d\u0430 \u043b\u0438\u0447\u043d\u0438\u0442\u0435 \u043f\u043e\u0434\u0430\u0442\u043e\u0446\u0438","robots":{"index":"index","follow":"follow","max-snippet":"max-snippet:-1","max-image-preview":"max-image-preview:large","max-video-preview":"max-video-preview:-1"},"canonical":"https:\/\/azlp.mk\/sq\/agjencia-per-mbrojtjen-e-te-dhenave-personale-ne-takim-bilateral-me-agjencine-per-informim-dhe-privatesi-te-republikes-se-kosoves\/","og_locale":"sq_AL","og_type":"article","og_title":"Agjencia p\u00ebr Mbrojtjen e t\u00eb Dh\u00ebnave Personale n\u00eb takim bilateral me Agjencin\u00eb p\u00ebr Informim dhe Privat\u00ebsi t\u00eb Republik\u00ebs s\u00eb Kosov\u00ebs - \u0410\u0433\u0435\u043d\u0446\u0438\u0458\u0430 \u0437\u0430 \u0437\u0430\u0448\u0442\u0438\u0442\u0430 \u043d\u0430 \u043b\u0438\u0447\u043d\u0438\u0442\u0435 \u043f\u043e\u0434\u0430\u0442\u043e\u0446\u0438","og_description":"M\u00eb 1 tetor 2025, nj\u00eb delegacion i Agjencis\u00eb p\u00ebr Mbrojtjen [&hellip;]","og_url":"https:\/\/azlp.mk\/sq\/agjencia-per-mbrojtjen-e-te-dhenave-personale-ne-takim-bilateral-me-agjencine-per-informim-dhe-privatesi-te-republikes-se-kosoves\/","og_site_name":"\u0410\u0433\u0435\u043d\u0446\u0438\u0458\u0430 \u0437\u0430 \u0437\u0430\u0448\u0442\u0438\u0442\u0430 \u043d\u0430 \u043b\u0438\u0447\u043d\u0438\u0442\u0435 \u043f\u043e\u0434\u0430\u0442\u043e\u0446\u0438","article_published_time":"2025-10-02T13:24:01+00:00","article_modified_time":"2025-10-02T13:56:16+00:00","og_image":[{"width":1440,"height":914,"url":"https:\/\/azlp.mk\/wp-content\/uploads\/2025\/10\/557504713_1207671968073734_8637363655555441368_n.jpg","type":"image\/jpeg"}],"author":"\u0421\u043b\u043e\u0431\u043e\u0434\u0430\u043d\u043a\u0430 \u0421\u043b\u0430\u0432\u043a\u043e\u0432\u0441\u043a\u0430","twitter_card":"summary_large_image","twitter_misc":{"Written by":"\u0421\u043b\u043e\u0431\u043e\u0434\u0430\u043d\u043a\u0430 \u0421\u043b\u0430\u0432\u043a\u043e\u0432\u0441\u043a\u0430","Est. reading time":"1 minute"},"schema":{"@context":"https:\/\/schema.org","@graph":[{"@type":"WebPage","@id":"https:\/\/azlp.mk\/sq\/agjencia-per-mbrojtjen-e-te-dhenave-personale-ne-takim-bilateral-me-agjencine-per-informim-dhe-privatesi-te-republikes-se-kosoves\/","url":"https:\/\/azlp.mk\/sq\/agjencia-per-mbrojtjen-e-te-dhenave-personale-ne-takim-bilateral-me-agjencine-per-informim-dhe-privatesi-te-republikes-se-kosoves\/","name":"Agjencia p\u00ebr Mbrojtjen e t\u00eb Dh\u00ebnave Personale n\u00eb takim bilateral me Agjencin\u00eb p\u00ebr Informim dhe Privat\u00ebsi t\u00eb Republik\u00ebs s\u00eb Kosov\u00ebs - \u0410\u0433\u0435\u043d\u0446\u0438\u0458\u0430 \u0437\u0430 \u0437\u0430\u0448\u0442\u0438\u0442\u0430 \u043d\u0430 \u043b\u0438\u0447\u043d\u0438\u0442\u0435 \u043f\u043e\u0434\u0430\u0442\u043e\u0446\u0438","isPartOf":{"@id":"https:\/\/azlp.mk\/#website"},"datePublished":"2025-10-02T13:24:01+00:00","dateModified":"2025-10-02T13:56:16+00:00","author":{"@id":"https:\/\/azlp.mk\/#\/schema\/person\/ce9320961c1b4baefce70d27ca3dbffe"},"breadcrumb":{"@id":"https:\/\/azlp.mk\/sq\/agjencia-per-mbrojtjen-e-te-dhenave-personale-ne-takim-bilateral-me-agjencine-per-informim-dhe-privatesi-te-republikes-se-kosoves\/#breadcrumb"},"inLanguage":"sq-AL","potentialAction":[{"@type":"ReadAction","target":["https:\/\/azlp.mk\/sq\/agjencia-per-mbrojtjen-e-te-dhenave-personale-ne-takim-bilateral-me-agjencine-per-informim-dhe-privatesi-te-republikes-se-kosoves\/"]}]},{"@type":"BreadcrumbList","@id":"https:\/\/azlp.mk\/sq\/agjencia-per-mbrojtjen-e-te-dhenave-personale-ne-takim-bilateral-me-agjencine-per-informim-dhe-privatesi-te-republikes-se-kosoves\/#breadcrumb","itemListElement":[{"@type":"ListItem","position":1,"name":"Ballina","item":"https:\/\/azlp.mk\/sq\/"},{"@type":"ListItem","position":2,"name":"Agjencia p\u00ebr Mbrojtjen e t\u00eb Dh\u00ebnave Personale n\u00eb takim bilateral me Agjencin\u00eb p\u00ebr Informim dhe Privat\u00ebsi t\u00eb Republik\u00ebs s\u00eb Kosov\u00ebs"}]},{"@type":"WebSite","@id":"https:\/\/azlp.mk\/#website","url":"https:\/\/azlp.mk\/","name":"\u0410\u0433\u0435\u043d\u0446\u0438\u0458\u0430 \u0437\u0430 \u0437\u0430\u0448\u0442\u0438\u0442\u0430 \u043d\u0430 \u043b\u0438\u0447\u043d\u0438\u0442\u0435 \u043f\u043e\u0434\u0430\u0442\u043e\u0446\u0438","description":"","potentialAction":[{"@type":"SearchAction","target":{"@type":"EntryPoint","urlTemplate":"https:\/\/azlp.mk\/?s={search_term_string}"},"query-input":"required name=search_term_string"}],"inLanguage":"sq-AL"},{"@type":"Person","@id":"https:\/\/azlp.mk\/#\/schema\/person\/ce9320961c1b4baefce70d27ca3dbffe","name":"\u0421\u043b\u043e\u0431\u043e\u0434\u0430\u043d\u043a\u0430 \u0421\u043b\u0430\u0432\u043a\u043e\u0432\u0441\u043a\u0430","image":{"@type":"ImageObject","inLanguage":"sq-AL","@id":"https:\/\/azlp.mk\/#\/schema\/person\/image\/","url":"https:\/\/secure.gravatar.com\/avatar\/2ec57d2f4a0c24feecf5a7d8219d2c34?s=96&d=mm&r=g","contentUrl":"https:\/\/secure.gravatar.com\/avatar\/2ec57d2f4a0c24feecf5a7d8219d2c34?s=96&d=mm&r=g","caption":"\u0421\u043b\u043e\u0431\u043e\u0434\u0430\u043d\u043a\u0430 \u0421\u043b\u0430\u0432\u043a\u043e\u0432\u0441\u043a\u0430"},"sameAs":["https:\/\/www.azlp.mk"],"url":"https:\/\/azlp.mk\/sq\/author\/slobodanka_sdkhjdashjkr47\/"}]}},"_links":{"self":[{"href":"https:\/\/azlp.mk\/sq\/wp-json\/wp\/v2\/posts\/16516"}],"collection":[{"href":"https:\/\/azlp.mk\/sq\/wp-json\/wp\/v2\/posts"}],"about":[{"href":"https:\/\/azlp.mk\/sq\/wp-json\/wp\/v2\/types\/post"}],"author":[{"embeddable":true,"href":"https:\/\/azlp.mk\/sq\/wp-json\/wp\/v2\/users\/6"}],"replies":[{"embeddable":true,"href":"https:\/\/azlp.mk\/sq\/wp-json\/wp\/v2\/comments?post=16516"}],"version-history":[{"count":1,"href":"https:\/\/azlp.mk\/sq\/wp-json\/wp\/v2\/posts\/16516\/revisions"}],"predecessor-version":[{"id":16517,"href":"https:\/\/azlp.mk\/sq\/wp-json\/wp\/v2\/posts\/16516\/revisions\/16517"}],"wp:featuredmedia":[{"embeddable":true,"href":"https:\/\/azlp.mk\/sq\/wp-json\/wp\/v2\/media\/16510"}],"wp:attachment":[{"href":"https:\/\/azlp.mk\/sq\/wp-json\/wp\/v2\/media?parent=16516"}],"wp:term":[{"taxonomy":"category","embeddable":true,"href":"https:\/\/azlp.mk\/sq\/wp-json\/wp\/v2\/categories?post=16516"},{"taxonomy":"post_tag","embeddable":true,"href":"https:\/\/azlp.mk\/sq\/wp-json\/wp\/v2\/tags?post=16516"}],"curies":[{"name":"wp","href":"https:\/\/api.w.org\/{rel}","templated":true}]}}