{"id":16498,"date":"2025-09-24T22:10:48","date_gmt":"2025-09-24T20:10:48","guid":{"rendered":"https:\/\/azlp.mk\/u-mbajt-trajnim-per-mbrojtjen-e-te-dhenave-personale\/"},"modified":"2025-12-04T10:58:26","modified_gmt":"2025-12-04T08:58:26","slug":"u-mbajt-trajnim-per-mbrojtjen-e-te-dhenave-personale","status":"publish","type":"post","link":"https:\/\/azlp.mk\/sq\/u-mbajt-trajnim-per-mbrojtjen-e-te-dhenave-personale\/","title":{"rendered":"U mbajt trajnim p\u00ebr mbrojtjen e t\u00eb dh\u00ebnave personale"},"content":{"rendered":"<p data-start=\"90\" data-end=\"644\">M\u00eb 24 shtator 2025, n\u00eb hap\u00ebsirat e Agjencis\u00eb p\u00ebr Mbrojtjen e t\u00eb Dh\u00ebnave Personale (AZLP) u mbajt nj\u00eb trajnim i dedikuar mbrojtjes s\u00eb t\u00eb dh\u00ebnave personale, n\u00eb t\u00eb cilin mor\u00ebn pjes\u00eb edhe partner\u00ebt e konsorciumit n\u00eb kuad\u00ebr t\u00eb projektit <strong data-start=\"322\" data-end=\"335\">MKSafeNet<\/strong>. Ngjarja u realizua n\u00eb bashk\u00ebpunim me <strong data-start=\"374\" data-end=\"439\">IMPETUS \u2013 Qendra p\u00ebr internet, zhvillim dhe qeverisje t\u00eb mir\u00eb<\/strong>, e cila mbuloi plot\u00ebsisht shpenzimet e pjes\u00ebmarrjes s\u00eb partner\u00ebve. N\u00eb k\u00ebt\u00eb m\u00ebnyr\u00eb u mund\u00ebsua qasje e drejtp\u00ebrdrejt\u00eb n\u00eb njohuri ekspert\u00ebsh dhe udh\u00ebzime praktike, pa barr\u00eb financiare shtes\u00eb p\u00ebr organizatat.<\/p>\n<p data-start=\"646\" data-end=\"1031\">N\u00eb trajnim mor\u00ebn pjes\u00eb p\u00ebrfaq\u00ebsues t\u00eb kontrolluesve nga sektor\u00eb t\u00eb ndrysh\u00ebm, t\u00eb cil\u00ebt shk\u00ebmbyen n\u00eb m\u00ebnyr\u00eb aktive p\u00ebrvoja, pyetje dhe ide. P\u00ebrmes trajnimit, pjes\u00ebmarr\u00ebsit i forcuan kapacitetet e tyre p\u00ebr trajtimin e duhur t\u00eb t\u00eb dh\u00ebnave personale, identifikimin m\u00eb t\u00eb leht\u00eb t\u00eb risqeve t\u00eb mundshme dhe zbatimin e praktikave t\u00eb mira p\u00ebr mbrojtjen e privat\u00ebsis\u00eb brenda organizatave t\u00eb tyre.<\/p>\n<p data-start=\"1033\" data-end=\"1336\">Q\u00ebllimi i trajnimit ishte sqarimi i detyrimeve ligjore q\u00eb dalin nga Ligji p\u00ebr mbrojtjen e t\u00eb dh\u00ebnave personale dhe aktet n\u00ebnligjore \u2013 si p\u00ebr kontrolluesit, ashtu edhe p\u00ebr p\u00ebrpunuesit. Gjat\u00eb trajnimit u dhan\u00eb udh\u00ebzime t\u00eb qarta p\u00ebr harmonizimin me rregulloret dhe u trajtuan disa tema ky\u00e7e, nd\u00ebr t\u00eb cilat:<\/p>\n<ul data-start=\"1338\" data-end=\"1846\">\n<li data-start=\"1338\" data-end=\"1418\">\n<p data-start=\"1340\" data-end=\"1418\">p\u00ebrkufizimi i koncepteve baz\u00eb n\u00eb fush\u00ebn e mbrojtjes s\u00eb t\u00eb dh\u00ebnave personale;<\/p>\n<\/li>\n<li data-start=\"1419\" data-end=\"1513\">\n<p data-start=\"1421\" data-end=\"1513\">parimet e mbrojtjes s\u00eb t\u00eb dh\u00ebnave personale, t\u00eb cilat p\u00ebrb\u00ebjn\u00eb baz\u00ebn e t\u00eb gjith\u00eb sistemit;<\/p>\n<\/li>\n<li data-start=\"1514\" data-end=\"1603\">\n<p data-start=\"1516\" data-end=\"1603\">t\u00eb drejtat e subjekteve t\u00eb t\u00eb dh\u00ebnave personale dhe mekanizmat p\u00ebr realizimin e tyre;<\/p>\n<\/li>\n<li data-start=\"1604\" data-end=\"1684\">\n<p data-start=\"1606\" data-end=\"1684\">detyrimet e kontrolluesve dhe p\u00ebrpunuesve gjat\u00eb gjith\u00eb ciklit t\u00eb p\u00ebrpunimit;<\/p>\n<\/li>\n<li data-start=\"1685\" data-end=\"1776\">\n<p data-start=\"1687\" data-end=\"1776\">rregullat p\u00ebr transferimin e t\u00eb dh\u00ebnave personale, p\u00ebrfshir\u00eb transferimin nd\u00ebrkomb\u00ebtar;<\/p>\n<\/li>\n<li data-start=\"1777\" data-end=\"1846\">\n<p data-start=\"1779\" data-end=\"1846\">detyrimet ligjore gjat\u00eb vendosjes s\u00eb sistemit t\u00eb video-mbik\u00ebqyrjes.<\/p>\n<\/li>\n<\/ul>\n<p data-start=\"1848\" data-end=\"2093\">K\u00ebto trajnime jan\u00eb pjes\u00eb e p\u00ebrpjekjeve t\u00eb vazhdueshme t\u00eb Agjencis\u00eb p\u00ebr forcimin e kapaciteteve t\u00eb t\u00eb gjitha pal\u00ebve t\u00eb p\u00ebrfshira dhe p\u00ebr sigurimin e nj\u00eb niveli m\u00eb t\u00eb lart\u00eb t\u00eb mbrojtjes s\u00eb t\u00eb dh\u00ebnave personale n\u00eb Republik\u00ebn e Maqedonis\u00eb s\u00eb Veriut.<\/p>\n","protected":false},"excerpt":{"rendered":"<p>M\u00eb 24 shtator 2025, n\u00eb hap\u00ebsirat e Agjencis\u00eb p\u00ebr Mbrojtjen [&hellip;]<\/p>\n","protected":false},"author":6,"featured_media":16495,"comment_status":"closed","ping_status":"closed","sticky":false,"template":"","format":"standard","meta":{"footnotes":""},"categories":[228,80],"tags":[],"yoast_head":"<!-- This site is optimized with the Yoast SEO plugin v19.9 - https:\/\/yoast.com\/wordpress\/plugins\/seo\/ -->\n<title>U mbajt trajnim p\u00ebr mbrojtjen e t\u00eb dh\u00ebnave personale - \u0410\u0433\u0435\u043d\u0446\u0438\u0458\u0430 \u0437\u0430 \u0437\u0430\u0448\u0442\u0438\u0442\u0430 \u043d\u0430 \u043b\u0438\u0447\u043d\u0438\u0442\u0435 \u043f\u043e\u0434\u0430\u0442\u043e\u0446\u0438<\/title>\n<meta name=\"robots\" content=\"index, follow, max-snippet:-1, max-image-preview:large, max-video-preview:-1\" \/>\n<link rel=\"canonical\" href=\"https:\/\/azlp.mk\/sq\/u-mbajt-trajnim-per-mbrojtjen-e-te-dhenave-personale\/\" \/>\n<meta property=\"og:locale\" content=\"sq_AL\" \/>\n<meta property=\"og:type\" content=\"article\" \/>\n<meta property=\"og:title\" content=\"U mbajt trajnim p\u00ebr mbrojtjen e t\u00eb dh\u00ebnave personale - \u0410\u0433\u0435\u043d\u0446\u0438\u0458\u0430 \u0437\u0430 \u0437\u0430\u0448\u0442\u0438\u0442\u0430 \u043d\u0430 \u043b\u0438\u0447\u043d\u0438\u0442\u0435 \u043f\u043e\u0434\u0430\u0442\u043e\u0446\u0438\" \/>\n<meta property=\"og:description\" content=\"M\u00eb 24 shtator 2025, n\u00eb hap\u00ebsirat e Agjencis\u00eb p\u00ebr Mbrojtjen [&hellip;]\" \/>\n<meta property=\"og:url\" content=\"https:\/\/azlp.mk\/sq\/u-mbajt-trajnim-per-mbrojtjen-e-te-dhenave-personale\/\" \/>\n<meta property=\"og:site_name\" content=\"\u0410\u0433\u0435\u043d\u0446\u0438\u0458\u0430 \u0437\u0430 \u0437\u0430\u0448\u0442\u0438\u0442\u0430 \u043d\u0430 \u043b\u0438\u0447\u043d\u0438\u0442\u0435 \u043f\u043e\u0434\u0430\u0442\u043e\u0446\u0438\" \/>\n<meta property=\"article:published_time\" content=\"2025-09-24T20:10:48+00:00\" \/>\n<meta property=\"article:modified_time\" content=\"2025-12-04T08:58:26+00:00\" \/>\n<meta property=\"og:image\" content=\"https:\/\/azlp.mk\/wp-content\/uploads\/2025\/09\/image_2025-09-24_14-46-48.jpg\" \/>\n\t<meta property=\"og:image:width\" content=\"1600\" \/>\n\t<meta property=\"og:image:height\" content=\"1200\" \/>\n\t<meta property=\"og:image:type\" content=\"image\/jpeg\" \/>\n<meta name=\"author\" content=\"\u0421\u043b\u043e\u0431\u043e\u0434\u0430\u043d\u043a\u0430 \u0421\u043b\u0430\u0432\u043a\u043e\u0432\u0441\u043a\u0430\" \/>\n<meta name=\"twitter:card\" content=\"summary_large_image\" \/>\n<meta name=\"twitter:label1\" content=\"Written by\" \/>\n\t<meta name=\"twitter:data1\" content=\"\u0421\u043b\u043e\u0431\u043e\u0434\u0430\u043d\u043a\u0430 \u0421\u043b\u0430\u0432\u043a\u043e\u0432\u0441\u043a\u0430\" \/>\n\t<meta name=\"twitter:label2\" content=\"Est. reading time\" \/>\n\t<meta name=\"twitter:data2\" content=\"2 minutes\" \/>\n<script type=\"application\/ld+json\" class=\"yoast-schema-graph\">{\"@context\":\"https:\/\/schema.org\",\"@graph\":[{\"@type\":\"WebPage\",\"@id\":\"https:\/\/azlp.mk\/sq\/u-mbajt-trajnim-per-mbrojtjen-e-te-dhenave-personale\/\",\"url\":\"https:\/\/azlp.mk\/sq\/u-mbajt-trajnim-per-mbrojtjen-e-te-dhenave-personale\/\",\"name\":\"U mbajt trajnim p\u00ebr mbrojtjen e t\u00eb dh\u00ebnave personale - \u0410\u0433\u0435\u043d\u0446\u0438\u0458\u0430 \u0437\u0430 \u0437\u0430\u0448\u0442\u0438\u0442\u0430 \u043d\u0430 \u043b\u0438\u0447\u043d\u0438\u0442\u0435 \u043f\u043e\u0434\u0430\u0442\u043e\u0446\u0438\",\"isPartOf\":{\"@id\":\"https:\/\/azlp.mk\/#website\"},\"datePublished\":\"2025-09-24T20:10:48+00:00\",\"dateModified\":\"2025-12-04T08:58:26+00:00\",\"author\":{\"@id\":\"https:\/\/azlp.mk\/#\/schema\/person\/ce9320961c1b4baefce70d27ca3dbffe\"},\"breadcrumb\":{\"@id\":\"https:\/\/azlp.mk\/sq\/u-mbajt-trajnim-per-mbrojtjen-e-te-dhenave-personale\/#breadcrumb\"},\"inLanguage\":\"sq-AL\",\"potentialAction\":[{\"@type\":\"ReadAction\",\"target\":[\"https:\/\/azlp.mk\/sq\/u-mbajt-trajnim-per-mbrojtjen-e-te-dhenave-personale\/\"]}]},{\"@type\":\"BreadcrumbList\",\"@id\":\"https:\/\/azlp.mk\/sq\/u-mbajt-trajnim-per-mbrojtjen-e-te-dhenave-personale\/#breadcrumb\",\"itemListElement\":[{\"@type\":\"ListItem\",\"position\":1,\"name\":\"Ballina\",\"item\":\"https:\/\/azlp.mk\/sq\/\"},{\"@type\":\"ListItem\",\"position\":2,\"name\":\"U mbajt trajnim p\u00ebr mbrojtjen e t\u00eb dh\u00ebnave personale\"}]},{\"@type\":\"WebSite\",\"@id\":\"https:\/\/azlp.mk\/#website\",\"url\":\"https:\/\/azlp.mk\/\",\"name\":\"\u0410\u0433\u0435\u043d\u0446\u0438\u0458\u0430 \u0437\u0430 \u0437\u0430\u0448\u0442\u0438\u0442\u0430 \u043d\u0430 \u043b\u0438\u0447\u043d\u0438\u0442\u0435 \u043f\u043e\u0434\u0430\u0442\u043e\u0446\u0438\",\"description\":\"\",\"potentialAction\":[{\"@type\":\"SearchAction\",\"target\":{\"@type\":\"EntryPoint\",\"urlTemplate\":\"https:\/\/azlp.mk\/?s={search_term_string}\"},\"query-input\":\"required name=search_term_string\"}],\"inLanguage\":\"sq-AL\"},{\"@type\":\"Person\",\"@id\":\"https:\/\/azlp.mk\/#\/schema\/person\/ce9320961c1b4baefce70d27ca3dbffe\",\"name\":\"\u0421\u043b\u043e\u0431\u043e\u0434\u0430\u043d\u043a\u0430 \u0421\u043b\u0430\u0432\u043a\u043e\u0432\u0441\u043a\u0430\",\"image\":{\"@type\":\"ImageObject\",\"inLanguage\":\"sq-AL\",\"@id\":\"https:\/\/azlp.mk\/#\/schema\/person\/image\/\",\"url\":\"https:\/\/secure.gravatar.com\/avatar\/2ec57d2f4a0c24feecf5a7d8219d2c34?s=96&d=mm&r=g\",\"contentUrl\":\"https:\/\/secure.gravatar.com\/avatar\/2ec57d2f4a0c24feecf5a7d8219d2c34?s=96&d=mm&r=g\",\"caption\":\"\u0421\u043b\u043e\u0431\u043e\u0434\u0430\u043d\u043a\u0430 \u0421\u043b\u0430\u0432\u043a\u043e\u0432\u0441\u043a\u0430\"},\"sameAs\":[\"https:\/\/www.azlp.mk\"],\"url\":\"https:\/\/azlp.mk\/sq\/author\/slobodanka_sdkhjdashjkr47\/\"}]}<\/script>\n<!-- \/ Yoast SEO plugin. -->","yoast_head_json":{"title":"U mbajt trajnim p\u00ebr mbrojtjen e t\u00eb dh\u00ebnave personale - \u0410\u0433\u0435\u043d\u0446\u0438\u0458\u0430 \u0437\u0430 \u0437\u0430\u0448\u0442\u0438\u0442\u0430 \u043d\u0430 \u043b\u0438\u0447\u043d\u0438\u0442\u0435 \u043f\u043e\u0434\u0430\u0442\u043e\u0446\u0438","robots":{"index":"index","follow":"follow","max-snippet":"max-snippet:-1","max-image-preview":"max-image-preview:large","max-video-preview":"max-video-preview:-1"},"canonical":"https:\/\/azlp.mk\/sq\/u-mbajt-trajnim-per-mbrojtjen-e-te-dhenave-personale\/","og_locale":"sq_AL","og_type":"article","og_title":"U mbajt trajnim p\u00ebr mbrojtjen e t\u00eb dh\u00ebnave personale - \u0410\u0433\u0435\u043d\u0446\u0438\u0458\u0430 \u0437\u0430 \u0437\u0430\u0448\u0442\u0438\u0442\u0430 \u043d\u0430 \u043b\u0438\u0447\u043d\u0438\u0442\u0435 \u043f\u043e\u0434\u0430\u0442\u043e\u0446\u0438","og_description":"M\u00eb 24 shtator 2025, n\u00eb hap\u00ebsirat e Agjencis\u00eb p\u00ebr Mbrojtjen [&hellip;]","og_url":"https:\/\/azlp.mk\/sq\/u-mbajt-trajnim-per-mbrojtjen-e-te-dhenave-personale\/","og_site_name":"\u0410\u0433\u0435\u043d\u0446\u0438\u0458\u0430 \u0437\u0430 \u0437\u0430\u0448\u0442\u0438\u0442\u0430 \u043d\u0430 \u043b\u0438\u0447\u043d\u0438\u0442\u0435 \u043f\u043e\u0434\u0430\u0442\u043e\u0446\u0438","article_published_time":"2025-09-24T20:10:48+00:00","article_modified_time":"2025-12-04T08:58:26+00:00","og_image":[{"width":1600,"height":1200,"url":"https:\/\/azlp.mk\/wp-content\/uploads\/2025\/09\/image_2025-09-24_14-46-48.jpg","type":"image\/jpeg"}],"author":"\u0421\u043b\u043e\u0431\u043e\u0434\u0430\u043d\u043a\u0430 \u0421\u043b\u0430\u0432\u043a\u043e\u0432\u0441\u043a\u0430","twitter_card":"summary_large_image","twitter_misc":{"Written by":"\u0421\u043b\u043e\u0431\u043e\u0434\u0430\u043d\u043a\u0430 \u0421\u043b\u0430\u0432\u043a\u043e\u0432\u0441\u043a\u0430","Est. reading time":"2 minutes"},"schema":{"@context":"https:\/\/schema.org","@graph":[{"@type":"WebPage","@id":"https:\/\/azlp.mk\/sq\/u-mbajt-trajnim-per-mbrojtjen-e-te-dhenave-personale\/","url":"https:\/\/azlp.mk\/sq\/u-mbajt-trajnim-per-mbrojtjen-e-te-dhenave-personale\/","name":"U mbajt trajnim p\u00ebr mbrojtjen e t\u00eb dh\u00ebnave personale - \u0410\u0433\u0435\u043d\u0446\u0438\u0458\u0430 \u0437\u0430 \u0437\u0430\u0448\u0442\u0438\u0442\u0430 \u043d\u0430 \u043b\u0438\u0447\u043d\u0438\u0442\u0435 \u043f\u043e\u0434\u0430\u0442\u043e\u0446\u0438","isPartOf":{"@id":"https:\/\/azlp.mk\/#website"},"datePublished":"2025-09-24T20:10:48+00:00","dateModified":"2025-12-04T08:58:26+00:00","author":{"@id":"https:\/\/azlp.mk\/#\/schema\/person\/ce9320961c1b4baefce70d27ca3dbffe"},"breadcrumb":{"@id":"https:\/\/azlp.mk\/sq\/u-mbajt-trajnim-per-mbrojtjen-e-te-dhenave-personale\/#breadcrumb"},"inLanguage":"sq-AL","potentialAction":[{"@type":"ReadAction","target":["https:\/\/azlp.mk\/sq\/u-mbajt-trajnim-per-mbrojtjen-e-te-dhenave-personale\/"]}]},{"@type":"BreadcrumbList","@id":"https:\/\/azlp.mk\/sq\/u-mbajt-trajnim-per-mbrojtjen-e-te-dhenave-personale\/#breadcrumb","itemListElement":[{"@type":"ListItem","position":1,"name":"Ballina","item":"https:\/\/azlp.mk\/sq\/"},{"@type":"ListItem","position":2,"name":"U mbajt trajnim p\u00ebr mbrojtjen e t\u00eb dh\u00ebnave personale"}]},{"@type":"WebSite","@id":"https:\/\/azlp.mk\/#website","url":"https:\/\/azlp.mk\/","name":"\u0410\u0433\u0435\u043d\u0446\u0438\u0458\u0430 \u0437\u0430 \u0437\u0430\u0448\u0442\u0438\u0442\u0430 \u043d\u0430 \u043b\u0438\u0447\u043d\u0438\u0442\u0435 \u043f\u043e\u0434\u0430\u0442\u043e\u0446\u0438","description":"","potentialAction":[{"@type":"SearchAction","target":{"@type":"EntryPoint","urlTemplate":"https:\/\/azlp.mk\/?s={search_term_string}"},"query-input":"required name=search_term_string"}],"inLanguage":"sq-AL"},{"@type":"Person","@id":"https:\/\/azlp.mk\/#\/schema\/person\/ce9320961c1b4baefce70d27ca3dbffe","name":"\u0421\u043b\u043e\u0431\u043e\u0434\u0430\u043d\u043a\u0430 \u0421\u043b\u0430\u0432\u043a\u043e\u0432\u0441\u043a\u0430","image":{"@type":"ImageObject","inLanguage":"sq-AL","@id":"https:\/\/azlp.mk\/#\/schema\/person\/image\/","url":"https:\/\/secure.gravatar.com\/avatar\/2ec57d2f4a0c24feecf5a7d8219d2c34?s=96&d=mm&r=g","contentUrl":"https:\/\/secure.gravatar.com\/avatar\/2ec57d2f4a0c24feecf5a7d8219d2c34?s=96&d=mm&r=g","caption":"\u0421\u043b\u043e\u0431\u043e\u0434\u0430\u043d\u043a\u0430 \u0421\u043b\u0430\u0432\u043a\u043e\u0432\u0441\u043a\u0430"},"sameAs":["https:\/\/www.azlp.mk"],"url":"https:\/\/azlp.mk\/sq\/author\/slobodanka_sdkhjdashjkr47\/"}]}},"_links":{"self":[{"href":"https:\/\/azlp.mk\/sq\/wp-json\/wp\/v2\/posts\/16498"}],"collection":[{"href":"https:\/\/azlp.mk\/sq\/wp-json\/wp\/v2\/posts"}],"about":[{"href":"https:\/\/azlp.mk\/sq\/wp-json\/wp\/v2\/types\/post"}],"author":[{"embeddable":true,"href":"https:\/\/azlp.mk\/sq\/wp-json\/wp\/v2\/users\/6"}],"replies":[{"embeddable":true,"href":"https:\/\/azlp.mk\/sq\/wp-json\/wp\/v2\/comments?post=16498"}],"version-history":[{"count":2,"href":"https:\/\/azlp.mk\/sq\/wp-json\/wp\/v2\/posts\/16498\/revisions"}],"predecessor-version":[{"id":16802,"href":"https:\/\/azlp.mk\/sq\/wp-json\/wp\/v2\/posts\/16498\/revisions\/16802"}],"wp:featuredmedia":[{"embeddable":true,"href":"https:\/\/azlp.mk\/sq\/wp-json\/wp\/v2\/media\/16495"}],"wp:attachment":[{"href":"https:\/\/azlp.mk\/sq\/wp-json\/wp\/v2\/media?parent=16498"}],"wp:term":[{"taxonomy":"category","embeddable":true,"href":"https:\/\/azlp.mk\/sq\/wp-json\/wp\/v2\/categories?post=16498"},{"taxonomy":"post_tag","embeddable":true,"href":"https:\/\/azlp.mk\/sq\/wp-json\/wp\/v2\/tags?post=16498"}],"curies":[{"name":"wp","href":"https:\/\/api.w.org\/{rel}","templated":true}]}}