{"id":16464,"date":"2025-09-17T15:56:54","date_gmt":"2025-09-17T13:56:54","guid":{"rendered":"https:\/\/azlp.mk\/memorandum-bashkepunimi-i-nenshkruar-midis-agjencise-per-mbrojtjen-e-te-dhenave-personale-dhe-ministrise-per-transformim-digjital\/"},"modified":"2025-09-17T15:56:54","modified_gmt":"2025-09-17T13:56:54","slug":"memorandum-bashkepunimi-i-nenshkruar-midis-agjencise-per-mbrojtjen-e-te-dhenave-personale-dhe-ministrise-per-transformim-digjital","status":"publish","type":"post","link":"https:\/\/azlp.mk\/sq\/memorandum-bashkepunimi-i-nenshkruar-midis-agjencise-per-mbrojtjen-e-te-dhenave-personale-dhe-ministrise-per-transformim-digjital\/","title":{"rendered":"Memorandum bashk\u00ebpunimi i n\u00ebnshkruar midis Agjencis\u00eb p\u00ebr Mbrojtjen e t\u00eb Dh\u00ebnave Personale dhe Ministris\u00eb p\u00ebr Transformim Digjital"},"content":{"rendered":"<p>M\u00eb 05.09.2025, z\u00ebvend\u00ebsdrejtoresha e Agjencis\u00eb p\u00ebr Mbrojtjen e t\u00eb Dh\u00ebnave Personale, znj. Elena Veljanovska, dhe ministri i Ministris\u00eb p\u00ebr Transformim Digjital, z. Stefan Andonovski, n\u00ebnshkruan Memorandum bashk\u00ebpunimi, duke konfirmuar angazhimin dhe interesin e p\u00ebrbashk\u00ebt p\u00ebr avancimin e bashk\u00ebpunimit nd\u00ebrmjet dy institucioneve.<\/p>\n<p>N\u00eb kuad\u00ebr t\u00eb realizimit t\u00eb objektivave t\u00eb k\u00ebtij memorandumi, Agjencia p\u00ebr Mbrojtjen e t\u00eb Dh\u00ebnave Personale do t\u00eb organizoj\u00eb trajnime p\u00ebr mbrojtjen e t\u00eb dh\u00ebnave personale p\u00ebr p\u00ebrfaq\u00ebsuesit e interesuar nga Ministria p\u00ebr Transformim Digjital, do t\u00eb jap\u00eb udh\u00ebzime p\u00ebr harmonizimin e dokumentacionit me p\u00ebrshkrim t\u00eb masave teknike dhe organizative p\u00ebr sigurimin e p\u00ebrpunimit t\u00eb t\u00eb dh\u00ebnave personale q\u00eb Ministria p\u00ebr Transformim Digjital duhet t\u00eb miratoj\u00eb, si dhe do t\u00eb ofroj\u00eb mb\u00ebshtetje p\u00ebr harmonizimin e akteve ligjore nga fusha q\u00eb \u00ebsht\u00eb n\u00eb kompetenc\u00eb t\u00eb Ministris\u00eb me dispozitat p\u00ebr mbrojtjen e t\u00eb dh\u00ebnave personale.<\/p>\n<p>Agjencia gjithashtu do t\u00eb propozoj\u00eb realizimin e projekteve q\u00eb lidhen me zbatimin e legjislacionit, forcimin e kapaciteteve dhe ngritjen e nd\u00ebrgjegj\u00ebsimit publik p\u00ebr t\u00eb drejt\u00ebn e mbrojtjes s\u00eb t\u00eb dh\u00ebnave personale, me q\u00ebllim zbatimin e plot\u00eb dhe korrekt t\u00eb dispozitave p\u00ebr mbrojtjen e t\u00eb dh\u00ebnave personale.<\/p>\n","protected":false},"excerpt":{"rendered":"<p>M\u00eb 05.09.2025, z\u00ebvend\u00ebsdrejtoresha e Agjencis\u00eb p\u00ebr Mbrojtjen e t\u00eb Dh\u00ebnave [&hellip;]<\/p>\n","protected":false},"author":6,"featured_media":0,"comment_status":"closed","ping_status":"open","sticky":false,"template":"","format":"standard","meta":{"footnotes":""},"categories":[80,228],"tags":[],"yoast_head":"<!-- This site is optimized with the Yoast SEO plugin v19.9 - https:\/\/yoast.com\/wordpress\/plugins\/seo\/ -->\n<title>Memorandum bashk\u00ebpunimi i n\u00ebnshkruar midis Agjencis\u00eb p\u00ebr Mbrojtjen e t\u00eb Dh\u00ebnave Personale dhe Ministris\u00eb p\u00ebr Transformim Digjital - \u0410\u0433\u0435\u043d\u0446\u0438\u0458\u0430 \u0437\u0430 \u0437\u0430\u0448\u0442\u0438\u0442\u0430 \u043d\u0430 \u043b\u0438\u0447\u043d\u0438\u0442\u0435 \u043f\u043e\u0434\u0430\u0442\u043e\u0446\u0438<\/title>\n<meta name=\"robots\" content=\"index, follow, max-snippet:-1, max-image-preview:large, max-video-preview:-1\" \/>\n<link rel=\"canonical\" href=\"https:\/\/azlp.mk\/memorandum-bashkepunimi-i-nenshkruar-midis-agjencise-per-mbrojtjen-e-te-dhenave-personale-dhe-ministrise-per-transformim-digjital\/\" \/>\n<meta property=\"og:locale\" content=\"sq_AL\" \/>\n<meta property=\"og:type\" content=\"article\" \/>\n<meta property=\"og:title\" content=\"Memorandum bashk\u00ebpunimi i n\u00ebnshkruar midis Agjencis\u00eb p\u00ebr Mbrojtjen e t\u00eb Dh\u00ebnave Personale dhe Ministris\u00eb p\u00ebr Transformim Digjital - \u0410\u0433\u0435\u043d\u0446\u0438\u0458\u0430 \u0437\u0430 \u0437\u0430\u0448\u0442\u0438\u0442\u0430 \u043d\u0430 \u043b\u0438\u0447\u043d\u0438\u0442\u0435 \u043f\u043e\u0434\u0430\u0442\u043e\u0446\u0438\" \/>\n<meta property=\"og:description\" content=\"M\u00eb 05.09.2025, z\u00ebvend\u00ebsdrejtoresha e Agjencis\u00eb p\u00ebr Mbrojtjen e t\u00eb Dh\u00ebnave [&hellip;]\" \/>\n<meta property=\"og:url\" content=\"https:\/\/azlp.mk\/memorandum-bashkepunimi-i-nenshkruar-midis-agjencise-per-mbrojtjen-e-te-dhenave-personale-dhe-ministrise-per-transformim-digjital\/\" \/>\n<meta property=\"og:site_name\" content=\"\u0410\u0433\u0435\u043d\u0446\u0438\u0458\u0430 \u0437\u0430 \u0437\u0430\u0448\u0442\u0438\u0442\u0430 \u043d\u0430 \u043b\u0438\u0447\u043d\u0438\u0442\u0435 \u043f\u043e\u0434\u0430\u0442\u043e\u0446\u0438\" \/>\n<meta property=\"article:published_time\" content=\"2025-09-17T13:56:54+00:00\" \/>\n<meta name=\"author\" content=\"\u0421\u043b\u043e\u0431\u043e\u0434\u0430\u043d\u043a\u0430 \u0421\u043b\u0430\u0432\u043a\u043e\u0432\u0441\u043a\u0430\" \/>\n<meta name=\"twitter:card\" content=\"summary_large_image\" \/>\n<meta name=\"twitter:label1\" content=\"Written by\" \/>\n\t<meta name=\"twitter:data1\" content=\"\u0421\u043b\u043e\u0431\u043e\u0434\u0430\u043d\u043a\u0430 \u0421\u043b\u0430\u0432\u043a\u043e\u0432\u0441\u043a\u0430\" \/>\n\t<meta name=\"twitter:label2\" content=\"Est. reading time\" \/>\n\t<meta name=\"twitter:data2\" content=\"1 minute\" \/>\n<script type=\"application\/ld+json\" class=\"yoast-schema-graph\">{\"@context\":\"https:\/\/schema.org\",\"@graph\":[{\"@type\":\"WebPage\",\"@id\":\"https:\/\/azlp.mk\/memorandum-bashkepunimi-i-nenshkruar-midis-agjencise-per-mbrojtjen-e-te-dhenave-personale-dhe-ministrise-per-transformim-digjital\/\",\"url\":\"https:\/\/azlp.mk\/memorandum-bashkepunimi-i-nenshkruar-midis-agjencise-per-mbrojtjen-e-te-dhenave-personale-dhe-ministrise-per-transformim-digjital\/\",\"name\":\"Memorandum bashk\u00ebpunimi i n\u00ebnshkruar midis Agjencis\u00eb p\u00ebr Mbrojtjen e t\u00eb Dh\u00ebnave Personale dhe Ministris\u00eb p\u00ebr Transformim Digjital - \u0410\u0433\u0435\u043d\u0446\u0438\u0458\u0430 \u0437\u0430 \u0437\u0430\u0448\u0442\u0438\u0442\u0430 \u043d\u0430 \u043b\u0438\u0447\u043d\u0438\u0442\u0435 \u043f\u043e\u0434\u0430\u0442\u043e\u0446\u0438\",\"isPartOf\":{\"@id\":\"https:\/\/azlp.mk\/#website\"},\"datePublished\":\"2025-09-17T13:56:54+00:00\",\"dateModified\":\"2025-09-17T13:56:54+00:00\",\"author\":{\"@id\":\"https:\/\/azlp.mk\/#\/schema\/person\/ce9320961c1b4baefce70d27ca3dbffe\"},\"breadcrumb\":{\"@id\":\"https:\/\/azlp.mk\/memorandum-bashkepunimi-i-nenshkruar-midis-agjencise-per-mbrojtjen-e-te-dhenave-personale-dhe-ministrise-per-transformim-digjital\/#breadcrumb\"},\"inLanguage\":\"sq-AL\",\"potentialAction\":[{\"@type\":\"ReadAction\",\"target\":[\"https:\/\/azlp.mk\/memorandum-bashkepunimi-i-nenshkruar-midis-agjencise-per-mbrojtjen-e-te-dhenave-personale-dhe-ministrise-per-transformim-digjital\/\"]}]},{\"@type\":\"BreadcrumbList\",\"@id\":\"https:\/\/azlp.mk\/memorandum-bashkepunimi-i-nenshkruar-midis-agjencise-per-mbrojtjen-e-te-dhenave-personale-dhe-ministrise-per-transformim-digjital\/#breadcrumb\",\"itemListElement\":[{\"@type\":\"ListItem\",\"position\":1,\"name\":\"Ballina\",\"item\":\"https:\/\/azlp.mk\/sq\/\"},{\"@type\":\"ListItem\",\"position\":2,\"name\":\"Memorandum bashk\u00ebpunimi i n\u00ebnshkruar midis Agjencis\u00eb p\u00ebr Mbrojtjen e t\u00eb Dh\u00ebnave Personale dhe Ministris\u00eb p\u00ebr Transformim Digjital\"}]},{\"@type\":\"WebSite\",\"@id\":\"https:\/\/azlp.mk\/#website\",\"url\":\"https:\/\/azlp.mk\/\",\"name\":\"\u0410\u0433\u0435\u043d\u0446\u0438\u0458\u0430 \u0437\u0430 \u0437\u0430\u0448\u0442\u0438\u0442\u0430 \u043d\u0430 \u043b\u0438\u0447\u043d\u0438\u0442\u0435 \u043f\u043e\u0434\u0430\u0442\u043e\u0446\u0438\",\"description\":\"\",\"potentialAction\":[{\"@type\":\"SearchAction\",\"target\":{\"@type\":\"EntryPoint\",\"urlTemplate\":\"https:\/\/azlp.mk\/?s={search_term_string}\"},\"query-input\":\"required name=search_term_string\"}],\"inLanguage\":\"sq-AL\"},{\"@type\":\"Person\",\"@id\":\"https:\/\/azlp.mk\/#\/schema\/person\/ce9320961c1b4baefce70d27ca3dbffe\",\"name\":\"\u0421\u043b\u043e\u0431\u043e\u0434\u0430\u043d\u043a\u0430 \u0421\u043b\u0430\u0432\u043a\u043e\u0432\u0441\u043a\u0430\",\"image\":{\"@type\":\"ImageObject\",\"inLanguage\":\"sq-AL\",\"@id\":\"https:\/\/azlp.mk\/#\/schema\/person\/image\/\",\"url\":\"https:\/\/secure.gravatar.com\/avatar\/2ec57d2f4a0c24feecf5a7d8219d2c34?s=96&d=mm&r=g\",\"contentUrl\":\"https:\/\/secure.gravatar.com\/avatar\/2ec57d2f4a0c24feecf5a7d8219d2c34?s=96&d=mm&r=g\",\"caption\":\"\u0421\u043b\u043e\u0431\u043e\u0434\u0430\u043d\u043a\u0430 \u0421\u043b\u0430\u0432\u043a\u043e\u0432\u0441\u043a\u0430\"},\"sameAs\":[\"https:\/\/www.azlp.mk\"],\"url\":\"https:\/\/azlp.mk\/sq\/author\/slobodanka_sdkhjdashjkr47\/\"}]}<\/script>\n<!-- \/ Yoast SEO plugin. -->","yoast_head_json":{"title":"Memorandum bashk\u00ebpunimi i n\u00ebnshkruar midis Agjencis\u00eb p\u00ebr Mbrojtjen e t\u00eb Dh\u00ebnave Personale dhe Ministris\u00eb p\u00ebr Transformim Digjital - \u0410\u0433\u0435\u043d\u0446\u0438\u0458\u0430 \u0437\u0430 \u0437\u0430\u0448\u0442\u0438\u0442\u0430 \u043d\u0430 \u043b\u0438\u0447\u043d\u0438\u0442\u0435 \u043f\u043e\u0434\u0430\u0442\u043e\u0446\u0438","robots":{"index":"index","follow":"follow","max-snippet":"max-snippet:-1","max-image-preview":"max-image-preview:large","max-video-preview":"max-video-preview:-1"},"canonical":"https:\/\/azlp.mk\/memorandum-bashkepunimi-i-nenshkruar-midis-agjencise-per-mbrojtjen-e-te-dhenave-personale-dhe-ministrise-per-transformim-digjital\/","og_locale":"sq_AL","og_type":"article","og_title":"Memorandum bashk\u00ebpunimi i n\u00ebnshkruar midis Agjencis\u00eb p\u00ebr Mbrojtjen e t\u00eb Dh\u00ebnave Personale dhe Ministris\u00eb p\u00ebr Transformim Digjital - \u0410\u0433\u0435\u043d\u0446\u0438\u0458\u0430 \u0437\u0430 \u0437\u0430\u0448\u0442\u0438\u0442\u0430 \u043d\u0430 \u043b\u0438\u0447\u043d\u0438\u0442\u0435 \u043f\u043e\u0434\u0430\u0442\u043e\u0446\u0438","og_description":"M\u00eb 05.09.2025, z\u00ebvend\u00ebsdrejtoresha e Agjencis\u00eb p\u00ebr Mbrojtjen e t\u00eb Dh\u00ebnave [&hellip;]","og_url":"https:\/\/azlp.mk\/memorandum-bashkepunimi-i-nenshkruar-midis-agjencise-per-mbrojtjen-e-te-dhenave-personale-dhe-ministrise-per-transformim-digjital\/","og_site_name":"\u0410\u0433\u0435\u043d\u0446\u0438\u0458\u0430 \u0437\u0430 \u0437\u0430\u0448\u0442\u0438\u0442\u0430 \u043d\u0430 \u043b\u0438\u0447\u043d\u0438\u0442\u0435 \u043f\u043e\u0434\u0430\u0442\u043e\u0446\u0438","article_published_time":"2025-09-17T13:56:54+00:00","author":"\u0421\u043b\u043e\u0431\u043e\u0434\u0430\u043d\u043a\u0430 \u0421\u043b\u0430\u0432\u043a\u043e\u0432\u0441\u043a\u0430","twitter_card":"summary_large_image","twitter_misc":{"Written by":"\u0421\u043b\u043e\u0431\u043e\u0434\u0430\u043d\u043a\u0430 \u0421\u043b\u0430\u0432\u043a\u043e\u0432\u0441\u043a\u0430","Est. reading time":"1 minute"},"schema":{"@context":"https:\/\/schema.org","@graph":[{"@type":"WebPage","@id":"https:\/\/azlp.mk\/memorandum-bashkepunimi-i-nenshkruar-midis-agjencise-per-mbrojtjen-e-te-dhenave-personale-dhe-ministrise-per-transformim-digjital\/","url":"https:\/\/azlp.mk\/memorandum-bashkepunimi-i-nenshkruar-midis-agjencise-per-mbrojtjen-e-te-dhenave-personale-dhe-ministrise-per-transformim-digjital\/","name":"Memorandum bashk\u00ebpunimi i n\u00ebnshkruar midis Agjencis\u00eb p\u00ebr Mbrojtjen e t\u00eb Dh\u00ebnave Personale dhe Ministris\u00eb p\u00ebr Transformim Digjital - \u0410\u0433\u0435\u043d\u0446\u0438\u0458\u0430 \u0437\u0430 \u0437\u0430\u0448\u0442\u0438\u0442\u0430 \u043d\u0430 \u043b\u0438\u0447\u043d\u0438\u0442\u0435 \u043f\u043e\u0434\u0430\u0442\u043e\u0446\u0438","isPartOf":{"@id":"https:\/\/azlp.mk\/#website"},"datePublished":"2025-09-17T13:56:54+00:00","dateModified":"2025-09-17T13:56:54+00:00","author":{"@id":"https:\/\/azlp.mk\/#\/schema\/person\/ce9320961c1b4baefce70d27ca3dbffe"},"breadcrumb":{"@id":"https:\/\/azlp.mk\/memorandum-bashkepunimi-i-nenshkruar-midis-agjencise-per-mbrojtjen-e-te-dhenave-personale-dhe-ministrise-per-transformim-digjital\/#breadcrumb"},"inLanguage":"sq-AL","potentialAction":[{"@type":"ReadAction","target":["https:\/\/azlp.mk\/memorandum-bashkepunimi-i-nenshkruar-midis-agjencise-per-mbrojtjen-e-te-dhenave-personale-dhe-ministrise-per-transformim-digjital\/"]}]},{"@type":"BreadcrumbList","@id":"https:\/\/azlp.mk\/memorandum-bashkepunimi-i-nenshkruar-midis-agjencise-per-mbrojtjen-e-te-dhenave-personale-dhe-ministrise-per-transformim-digjital\/#breadcrumb","itemListElement":[{"@type":"ListItem","position":1,"name":"Ballina","item":"https:\/\/azlp.mk\/sq\/"},{"@type":"ListItem","position":2,"name":"Memorandum bashk\u00ebpunimi i n\u00ebnshkruar midis Agjencis\u00eb p\u00ebr Mbrojtjen e t\u00eb Dh\u00ebnave Personale dhe Ministris\u00eb p\u00ebr Transformim Digjital"}]},{"@type":"WebSite","@id":"https:\/\/azlp.mk\/#website","url":"https:\/\/azlp.mk\/","name":"\u0410\u0433\u0435\u043d\u0446\u0438\u0458\u0430 \u0437\u0430 \u0437\u0430\u0448\u0442\u0438\u0442\u0430 \u043d\u0430 \u043b\u0438\u0447\u043d\u0438\u0442\u0435 \u043f\u043e\u0434\u0430\u0442\u043e\u0446\u0438","description":"","potentialAction":[{"@type":"SearchAction","target":{"@type":"EntryPoint","urlTemplate":"https:\/\/azlp.mk\/?s={search_term_string}"},"query-input":"required name=search_term_string"}],"inLanguage":"sq-AL"},{"@type":"Person","@id":"https:\/\/azlp.mk\/#\/schema\/person\/ce9320961c1b4baefce70d27ca3dbffe","name":"\u0421\u043b\u043e\u0431\u043e\u0434\u0430\u043d\u043a\u0430 \u0421\u043b\u0430\u0432\u043a\u043e\u0432\u0441\u043a\u0430","image":{"@type":"ImageObject","inLanguage":"sq-AL","@id":"https:\/\/azlp.mk\/#\/schema\/person\/image\/","url":"https:\/\/secure.gravatar.com\/avatar\/2ec57d2f4a0c24feecf5a7d8219d2c34?s=96&d=mm&r=g","contentUrl":"https:\/\/secure.gravatar.com\/avatar\/2ec57d2f4a0c24feecf5a7d8219d2c34?s=96&d=mm&r=g","caption":"\u0421\u043b\u043e\u0431\u043e\u0434\u0430\u043d\u043a\u0430 \u0421\u043b\u0430\u0432\u043a\u043e\u0432\u0441\u043a\u0430"},"sameAs":["https:\/\/www.azlp.mk"],"url":"https:\/\/azlp.mk\/sq\/author\/slobodanka_sdkhjdashjkr47\/"}]}},"_links":{"self":[{"href":"https:\/\/azlp.mk\/sq\/wp-json\/wp\/v2\/posts\/16464"}],"collection":[{"href":"https:\/\/azlp.mk\/sq\/wp-json\/wp\/v2\/posts"}],"about":[{"href":"https:\/\/azlp.mk\/sq\/wp-json\/wp\/v2\/types\/post"}],"author":[{"embeddable":true,"href":"https:\/\/azlp.mk\/sq\/wp-json\/wp\/v2\/users\/6"}],"replies":[{"embeddable":true,"href":"https:\/\/azlp.mk\/sq\/wp-json\/wp\/v2\/comments?post=16464"}],"version-history":[{"count":0,"href":"https:\/\/azlp.mk\/sq\/wp-json\/wp\/v2\/posts\/16464\/revisions"}],"wp:attachment":[{"href":"https:\/\/azlp.mk\/sq\/wp-json\/wp\/v2\/media?parent=16464"}],"wp:term":[{"taxonomy":"category","embeddable":true,"href":"https:\/\/azlp.mk\/sq\/wp-json\/wp\/v2\/categories?post=16464"},{"taxonomy":"post_tag","embeddable":true,"href":"https:\/\/azlp.mk\/sq\/wp-json\/wp\/v2\/tags?post=16464"}],"curies":[{"name":"wp","href":"https:\/\/api.w.org\/{rel}","templated":true}]}}