{"id":16451,"date":"2025-09-11T09:19:50","date_gmt":"2025-09-11T07:19:50","guid":{"rendered":"https:\/\/azlp.mk\/takimi-i-shtate-i-iniciatives-20i7\/"},"modified":"2025-09-11T13:52:22","modified_gmt":"2025-09-11T11:52:22","slug":"takimi-i-shtate-i-iniciatives-20i7","status":"publish","type":"post","link":"https:\/\/azlp.mk\/sq\/takimi-i-shtate-i-iniciatives-20i7\/","title":{"rendered":"Takimi i Shtat\u00eb i ,,Iniciativ\u00ebs 20i7\u201d"},"content":{"rendered":"<p>N\u00eb periudh\u00ebn 8\u201310 shtator n\u00eb Ptuj, Republika e Sllovenis\u00eb, Agjencia mori pjes\u00eb me p\u00ebrfaq\u00ebsuesit e saj n\u00eb Takimin e Shtat\u00eb t\u00eb ,,Iniciativ\u00ebs 20i7\u201d, i cili u organizua nga Komisioneri p\u00ebr Informim i Republik\u00ebs s\u00eb Sllovenis\u00eb. ,,Iniciativa 20i7\u201d \u00ebsht\u00eb nj\u00eb forum bashk\u00ebpunimi nd\u00ebrmjet autoriteteve mbik\u00ebqyr\u00ebse p\u00ebr mbrojtjen e t\u00eb dh\u00ebnave personale nga rajoni i ish-Jugosllavis\u00eb, n\u00eb p\u00ebrputhje me Deklarat\u00ebn p\u00ebr Bashk\u00ebpunim t\u00eb autoriteteve p\u00ebr mbrojtjen e t\u00eb dh\u00ebnave personale, e cila u n\u00ebnshkrua n\u00eb vitin 2017 n\u00eb takimin e par\u00eb t\u00eb Iniciativ\u00ebs, me propozim t\u00eb organit slloven p\u00ebr mbrojtjen e t\u00eb dh\u00ebnave personale.<br \/>\nIniciativa \u00ebsht\u00eb krijuar me q\u00ebllim t\u00eb nxitjes s\u00eb nj\u00eb bashk\u00ebpunimi cil\u00ebsor dhe t\u00eb q\u00ebndruesh\u00ebm nd\u00ebrmjet autoriteteve t\u00eb mbrojtjes s\u00eb t\u00eb dh\u00ebnave personale nga Maqedonia e Veriut, Bosnja dhe Hercegovina, Kroacia, Mali i Zi, Serbia, Sllovenia dhe Kosova.<\/p>\n<p>N\u00eb takimin vjetor u diskutua p\u00ebr \u00e7\u00ebshtje aktuale q\u00eb lidhen me mbrojtjen e t\u00eb dh\u00ebnave n\u00eb rajon. Autoritetet ndan\u00eb p\u00ebrvojat dhe q\u00ebndrimet e tyre mbi tema si: harmonizimi i legjislacionit komb\u00ebtar me kuadrin e BE-s\u00eb p\u00ebr mbrojtjen e t\u00eb dh\u00ebnave dhe modernizimi i tyre, zbatimi i strategjive p\u00ebr mbrojtjen e t\u00eb dh\u00ebnave personale, identifikimi i rrjedhjes s\u00eb t\u00eb dh\u00ebnave personale p\u00ebrmes p\u00ebrdorimit t\u00eb platformave moderne, nd\u00ebrveprimi midis mbrojtjes s\u00eb t\u00eb dh\u00ebnave dhe inteligjenc\u00ebs artificiale, p\u00ebrdorimi i kamerave biometrike p\u00ebr identifikim n\u00eb hap\u00ebsira publike, si dhe sfidat me t\u00eb cilat p\u00ebrballen autoritetet e mbrojtjes s\u00eb t\u00eb dh\u00ebnave kur ballafaqohen me teknologjit\u00eb e reja me resurse t\u00eb kufizuara.<\/p>\n<p>Agjencia p\u00ebr Mbrojtjen e t\u00eb Dh\u00ebnave Personale prezantoi Strategjin\u00eb p\u00ebr zbatimin e s\u00eb drejt\u00ebs p\u00ebr mbrojtjen e t\u00eb dh\u00ebnave personale n\u00eb Republik\u00ebn e Maqedonis\u00eb s\u00eb Veriut 2025\u20132030, ku theksoi objektivat kryesore, prioritetet dhe masat p\u00ebr p\u00ebrmir\u00ebsimin e mbrojtjes s\u00eb t\u00eb dh\u00ebnave personale dhe sigurimin e zbatimit t\u00eb duhur t\u00eb kuadrit ligjor n\u00eb p\u00ebrputhje me praktikat m\u00eb t\u00eb mira dhe standardet e BE-s\u00eb.<\/p>\n<p>Pjes\u00ebmarr\u00ebsit theksuan r\u00ebnd\u00ebsin\u00eb e bashk\u00ebpunimit q\u00eb nxit shk\u00ebmbimin e praktikave dhe p\u00ebrvojave m\u00eb t\u00eb mira dhe mund\u00ebson sinergji n\u00eb fush\u00ebn e mbrojtjes s\u00eb t\u00eb dh\u00ebnave personale. Ky bashk\u00ebpunim intensiv b\u00ebhet edhe m\u00eb i domosdosh\u00ebm n\u00eb koh\u00ebn e zhvillimit t\u00eb shpejt\u00eb teknologjik, si\u00e7 \u00ebsht\u00eb inteligjenca artificiale, ku t\u00eb drejtat e njeriut mund t\u00eb rrezikohen seriozisht n\u00ebse mungon p\u00ebrgjigjja e duhur nga rregullator\u00ebt. P\u00ebr t\u00eb siguruar reagim adekuat ndaj zhvillimeve t\u00eb reja teknologjike, an\u00ebtar\u00ebt e Iniciativ\u00ebs 20i7 theksuan r\u00ebnd\u00ebsin\u00eb e autoriteteve t\u00eb mbrojtjes s\u00eb t\u00eb dh\u00ebnave q\u00eb jan\u00eb t\u00eb pajisura me kapacitete t\u00eb mjaftueshme, politikisht, financiarisht dhe de facto t\u00eb pavarura. \u00c7do presion politik ose i \u00e7far\u00ebdo natyre tjet\u00ebr q\u00eb cenon pavar\u00ebsin\u00eb e tyre duhet konsideruar i papranuesh\u00ebm, pasi rrezikon sundimin e ligjit dhe mbrojtjen e t\u00eb drejtave themelore.<\/p>\n<p>Takimi i ardhsh\u00ebm i ,,Iniciativ\u00ebs 20i7\u201d do t\u00eb mbahet n\u00eb Maqedonin\u00eb e Veriut n\u00eb gjysm\u00ebn e dyt\u00eb t\u00eb majit 2026, n\u00ebn organizimin e Agjencis\u00eb p\u00ebr Mbrojtjen e t\u00eb Dh\u00ebnave Personale.<\/p>\n<p><a href=\"https:\/\/azlp.mk\/wp-content\/uploads\/2025\/09\/Joint-statement__Intiative20i7_8-10-September-2025-Ptuj-\u043c\u043a-1.pdf\">Deklarata e p\u00ebrbashk\u00ebt<\/a><\/p>\n","protected":false},"excerpt":{"rendered":"<p>N\u00eb periudh\u00ebn 8\u201310 shtator n\u00eb Ptuj, Republika e Sllovenis\u00eb, Agjencia [&hellip;]<\/p>\n","protected":false},"author":6,"featured_media":16445,"comment_status":"closed","ping_status":"open","sticky":false,"template":"","format":"standard","meta":{"footnotes":""},"categories":[80,228],"tags":[],"yoast_head":"<!-- This site is optimized with the Yoast SEO plugin v19.9 - https:\/\/yoast.com\/wordpress\/plugins\/seo\/ -->\n<title>Takimi i Shtat\u00eb i ,,Iniciativ\u00ebs 20i7\u201d - \u0410\u0433\u0435\u043d\u0446\u0438\u0458\u0430 \u0437\u0430 \u0437\u0430\u0448\u0442\u0438\u0442\u0430 \u043d\u0430 \u043b\u0438\u0447\u043d\u0438\u0442\u0435 \u043f\u043e\u0434\u0430\u0442\u043e\u0446\u0438<\/title>\n<meta name=\"robots\" content=\"index, follow, max-snippet:-1, max-image-preview:large, max-video-preview:-1\" \/>\n<link rel=\"canonical\" href=\"https:\/\/azlp.mk\/sq\/takimi-i-shtate-i-iniciatives-20i7\/\" \/>\n<meta property=\"og:locale\" content=\"sq_AL\" \/>\n<meta property=\"og:type\" content=\"article\" \/>\n<meta property=\"og:title\" content=\"Takimi i Shtat\u00eb i ,,Iniciativ\u00ebs 20i7\u201d - \u0410\u0433\u0435\u043d\u0446\u0438\u0458\u0430 \u0437\u0430 \u0437\u0430\u0448\u0442\u0438\u0442\u0430 \u043d\u0430 \u043b\u0438\u0447\u043d\u0438\u0442\u0435 \u043f\u043e\u0434\u0430\u0442\u043e\u0446\u0438\" \/>\n<meta property=\"og:description\" content=\"N\u00eb periudh\u00ebn 8\u201310 shtator n\u00eb Ptuj, Republika e Sllovenis\u00eb, Agjencia [&hellip;]\" \/>\n<meta property=\"og:url\" content=\"https:\/\/azlp.mk\/sq\/takimi-i-shtate-i-iniciatives-20i7\/\" \/>\n<meta property=\"og:site_name\" content=\"\u0410\u0433\u0435\u043d\u0446\u0438\u0458\u0430 \u0437\u0430 \u0437\u0430\u0448\u0442\u0438\u0442\u0430 \u043d\u0430 \u043b\u0438\u0447\u043d\u0438\u0442\u0435 \u043f\u043e\u0434\u0430\u0442\u043e\u0446\u0438\" \/>\n<meta property=\"article:published_time\" content=\"2025-09-11T07:19:50+00:00\" \/>\n<meta property=\"article:modified_time\" content=\"2025-09-11T11:52:22+00:00\" \/>\n<meta property=\"og:image\" content=\"https:\/\/azlp.mk\/wp-content\/uploads\/2025\/09\/image_2025-09-10.jpg\" \/>\n\t<meta property=\"og:image:width\" content=\"1600\" \/>\n\t<meta property=\"og:image:height\" content=\"675\" \/>\n\t<meta property=\"og:image:type\" content=\"image\/jpeg\" \/>\n<meta name=\"author\" content=\"\u0421\u043b\u043e\u0431\u043e\u0434\u0430\u043d\u043a\u0430 \u0421\u043b\u0430\u0432\u043a\u043e\u0432\u0441\u043a\u0430\" \/>\n<meta name=\"twitter:card\" content=\"summary_large_image\" \/>\n<meta name=\"twitter:label1\" content=\"Written by\" \/>\n\t<meta name=\"twitter:data1\" content=\"\u0421\u043b\u043e\u0431\u043e\u0434\u0430\u043d\u043a\u0430 \u0421\u043b\u0430\u0432\u043a\u043e\u0432\u0441\u043a\u0430\" \/>\n\t<meta name=\"twitter:label2\" content=\"Est. reading time\" \/>\n\t<meta name=\"twitter:data2\" content=\"3 minutes\" \/>\n<script type=\"application\/ld+json\" class=\"yoast-schema-graph\">{\"@context\":\"https:\/\/schema.org\",\"@graph\":[{\"@type\":\"WebPage\",\"@id\":\"https:\/\/azlp.mk\/sq\/takimi-i-shtate-i-iniciatives-20i7\/\",\"url\":\"https:\/\/azlp.mk\/sq\/takimi-i-shtate-i-iniciatives-20i7\/\",\"name\":\"Takimi i Shtat\u00eb i ,,Iniciativ\u00ebs 20i7\u201d - \u0410\u0433\u0435\u043d\u0446\u0438\u0458\u0430 \u0437\u0430 \u0437\u0430\u0448\u0442\u0438\u0442\u0430 \u043d\u0430 \u043b\u0438\u0447\u043d\u0438\u0442\u0435 \u043f\u043e\u0434\u0430\u0442\u043e\u0446\u0438\",\"isPartOf\":{\"@id\":\"https:\/\/azlp.mk\/#website\"},\"datePublished\":\"2025-09-11T07:19:50+00:00\",\"dateModified\":\"2025-09-11T11:52:22+00:00\",\"author\":{\"@id\":\"https:\/\/azlp.mk\/#\/schema\/person\/ce9320961c1b4baefce70d27ca3dbffe\"},\"breadcrumb\":{\"@id\":\"https:\/\/azlp.mk\/sq\/takimi-i-shtate-i-iniciatives-20i7\/#breadcrumb\"},\"inLanguage\":\"sq-AL\",\"potentialAction\":[{\"@type\":\"ReadAction\",\"target\":[\"https:\/\/azlp.mk\/sq\/takimi-i-shtate-i-iniciatives-20i7\/\"]}]},{\"@type\":\"BreadcrumbList\",\"@id\":\"https:\/\/azlp.mk\/sq\/takimi-i-shtate-i-iniciatives-20i7\/#breadcrumb\",\"itemListElement\":[{\"@type\":\"ListItem\",\"position\":1,\"name\":\"Ballina\",\"item\":\"https:\/\/azlp.mk\/sq\/\"},{\"@type\":\"ListItem\",\"position\":2,\"name\":\"Takimi i Shtat\u00eb i ,,Iniciativ\u00ebs 20i7\u201d\"}]},{\"@type\":\"WebSite\",\"@id\":\"https:\/\/azlp.mk\/#website\",\"url\":\"https:\/\/azlp.mk\/\",\"name\":\"\u0410\u0433\u0435\u043d\u0446\u0438\u0458\u0430 \u0437\u0430 \u0437\u0430\u0448\u0442\u0438\u0442\u0430 \u043d\u0430 \u043b\u0438\u0447\u043d\u0438\u0442\u0435 \u043f\u043e\u0434\u0430\u0442\u043e\u0446\u0438\",\"description\":\"\",\"potentialAction\":[{\"@type\":\"SearchAction\",\"target\":{\"@type\":\"EntryPoint\",\"urlTemplate\":\"https:\/\/azlp.mk\/?s={search_term_string}\"},\"query-input\":\"required name=search_term_string\"}],\"inLanguage\":\"sq-AL\"},{\"@type\":\"Person\",\"@id\":\"https:\/\/azlp.mk\/#\/schema\/person\/ce9320961c1b4baefce70d27ca3dbffe\",\"name\":\"\u0421\u043b\u043e\u0431\u043e\u0434\u0430\u043d\u043a\u0430 \u0421\u043b\u0430\u0432\u043a\u043e\u0432\u0441\u043a\u0430\",\"image\":{\"@type\":\"ImageObject\",\"inLanguage\":\"sq-AL\",\"@id\":\"https:\/\/azlp.mk\/#\/schema\/person\/image\/\",\"url\":\"https:\/\/secure.gravatar.com\/avatar\/2ec57d2f4a0c24feecf5a7d8219d2c34?s=96&d=mm&r=g\",\"contentUrl\":\"https:\/\/secure.gravatar.com\/avatar\/2ec57d2f4a0c24feecf5a7d8219d2c34?s=96&d=mm&r=g\",\"caption\":\"\u0421\u043b\u043e\u0431\u043e\u0434\u0430\u043d\u043a\u0430 \u0421\u043b\u0430\u0432\u043a\u043e\u0432\u0441\u043a\u0430\"},\"sameAs\":[\"https:\/\/www.azlp.mk\"],\"url\":\"https:\/\/azlp.mk\/sq\/author\/slobodanka_sdkhjdashjkr47\/\"}]}<\/script>\n<!-- \/ Yoast SEO plugin. -->","yoast_head_json":{"title":"Takimi i Shtat\u00eb i ,,Iniciativ\u00ebs 20i7\u201d - \u0410\u0433\u0435\u043d\u0446\u0438\u0458\u0430 \u0437\u0430 \u0437\u0430\u0448\u0442\u0438\u0442\u0430 \u043d\u0430 \u043b\u0438\u0447\u043d\u0438\u0442\u0435 \u043f\u043e\u0434\u0430\u0442\u043e\u0446\u0438","robots":{"index":"index","follow":"follow","max-snippet":"max-snippet:-1","max-image-preview":"max-image-preview:large","max-video-preview":"max-video-preview:-1"},"canonical":"https:\/\/azlp.mk\/sq\/takimi-i-shtate-i-iniciatives-20i7\/","og_locale":"sq_AL","og_type":"article","og_title":"Takimi i Shtat\u00eb i ,,Iniciativ\u00ebs 20i7\u201d - \u0410\u0433\u0435\u043d\u0446\u0438\u0458\u0430 \u0437\u0430 \u0437\u0430\u0448\u0442\u0438\u0442\u0430 \u043d\u0430 \u043b\u0438\u0447\u043d\u0438\u0442\u0435 \u043f\u043e\u0434\u0430\u0442\u043e\u0446\u0438","og_description":"N\u00eb periudh\u00ebn 8\u201310 shtator n\u00eb Ptuj, Republika e Sllovenis\u00eb, Agjencia [&hellip;]","og_url":"https:\/\/azlp.mk\/sq\/takimi-i-shtate-i-iniciatives-20i7\/","og_site_name":"\u0410\u0433\u0435\u043d\u0446\u0438\u0458\u0430 \u0437\u0430 \u0437\u0430\u0448\u0442\u0438\u0442\u0430 \u043d\u0430 \u043b\u0438\u0447\u043d\u0438\u0442\u0435 \u043f\u043e\u0434\u0430\u0442\u043e\u0446\u0438","article_published_time":"2025-09-11T07:19:50+00:00","article_modified_time":"2025-09-11T11:52:22+00:00","og_image":[{"width":1600,"height":675,"url":"https:\/\/azlp.mk\/wp-content\/uploads\/2025\/09\/image_2025-09-10.jpg","type":"image\/jpeg"}],"author":"\u0421\u043b\u043e\u0431\u043e\u0434\u0430\u043d\u043a\u0430 \u0421\u043b\u0430\u0432\u043a\u043e\u0432\u0441\u043a\u0430","twitter_card":"summary_large_image","twitter_misc":{"Written by":"\u0421\u043b\u043e\u0431\u043e\u0434\u0430\u043d\u043a\u0430 \u0421\u043b\u0430\u0432\u043a\u043e\u0432\u0441\u043a\u0430","Est. reading time":"3 minutes"},"schema":{"@context":"https:\/\/schema.org","@graph":[{"@type":"WebPage","@id":"https:\/\/azlp.mk\/sq\/takimi-i-shtate-i-iniciatives-20i7\/","url":"https:\/\/azlp.mk\/sq\/takimi-i-shtate-i-iniciatives-20i7\/","name":"Takimi i Shtat\u00eb i ,,Iniciativ\u00ebs 20i7\u201d - \u0410\u0433\u0435\u043d\u0446\u0438\u0458\u0430 \u0437\u0430 \u0437\u0430\u0448\u0442\u0438\u0442\u0430 \u043d\u0430 \u043b\u0438\u0447\u043d\u0438\u0442\u0435 \u043f\u043e\u0434\u0430\u0442\u043e\u0446\u0438","isPartOf":{"@id":"https:\/\/azlp.mk\/#website"},"datePublished":"2025-09-11T07:19:50+00:00","dateModified":"2025-09-11T11:52:22+00:00","author":{"@id":"https:\/\/azlp.mk\/#\/schema\/person\/ce9320961c1b4baefce70d27ca3dbffe"},"breadcrumb":{"@id":"https:\/\/azlp.mk\/sq\/takimi-i-shtate-i-iniciatives-20i7\/#breadcrumb"},"inLanguage":"sq-AL","potentialAction":[{"@type":"ReadAction","target":["https:\/\/azlp.mk\/sq\/takimi-i-shtate-i-iniciatives-20i7\/"]}]},{"@type":"BreadcrumbList","@id":"https:\/\/azlp.mk\/sq\/takimi-i-shtate-i-iniciatives-20i7\/#breadcrumb","itemListElement":[{"@type":"ListItem","position":1,"name":"Ballina","item":"https:\/\/azlp.mk\/sq\/"},{"@type":"ListItem","position":2,"name":"Takimi i Shtat\u00eb i ,,Iniciativ\u00ebs 20i7\u201d"}]},{"@type":"WebSite","@id":"https:\/\/azlp.mk\/#website","url":"https:\/\/azlp.mk\/","name":"\u0410\u0433\u0435\u043d\u0446\u0438\u0458\u0430 \u0437\u0430 \u0437\u0430\u0448\u0442\u0438\u0442\u0430 \u043d\u0430 \u043b\u0438\u0447\u043d\u0438\u0442\u0435 \u043f\u043e\u0434\u0430\u0442\u043e\u0446\u0438","description":"","potentialAction":[{"@type":"SearchAction","target":{"@type":"EntryPoint","urlTemplate":"https:\/\/azlp.mk\/?s={search_term_string}"},"query-input":"required name=search_term_string"}],"inLanguage":"sq-AL"},{"@type":"Person","@id":"https:\/\/azlp.mk\/#\/schema\/person\/ce9320961c1b4baefce70d27ca3dbffe","name":"\u0421\u043b\u043e\u0431\u043e\u0434\u0430\u043d\u043a\u0430 \u0421\u043b\u0430\u0432\u043a\u043e\u0432\u0441\u043a\u0430","image":{"@type":"ImageObject","inLanguage":"sq-AL","@id":"https:\/\/azlp.mk\/#\/schema\/person\/image\/","url":"https:\/\/secure.gravatar.com\/avatar\/2ec57d2f4a0c24feecf5a7d8219d2c34?s=96&d=mm&r=g","contentUrl":"https:\/\/secure.gravatar.com\/avatar\/2ec57d2f4a0c24feecf5a7d8219d2c34?s=96&d=mm&r=g","caption":"\u0421\u043b\u043e\u0431\u043e\u0434\u0430\u043d\u043a\u0430 \u0421\u043b\u0430\u0432\u043a\u043e\u0432\u0441\u043a\u0430"},"sameAs":["https:\/\/www.azlp.mk"],"url":"https:\/\/azlp.mk\/sq\/author\/slobodanka_sdkhjdashjkr47\/"}]}},"_links":{"self":[{"href":"https:\/\/azlp.mk\/sq\/wp-json\/wp\/v2\/posts\/16451"}],"collection":[{"href":"https:\/\/azlp.mk\/sq\/wp-json\/wp\/v2\/posts"}],"about":[{"href":"https:\/\/azlp.mk\/sq\/wp-json\/wp\/v2\/types\/post"}],"author":[{"embeddable":true,"href":"https:\/\/azlp.mk\/sq\/wp-json\/wp\/v2\/users\/6"}],"replies":[{"embeddable":true,"href":"https:\/\/azlp.mk\/sq\/wp-json\/wp\/v2\/comments?post=16451"}],"version-history":[{"count":2,"href":"https:\/\/azlp.mk\/sq\/wp-json\/wp\/v2\/posts\/16451\/revisions"}],"predecessor-version":[{"id":16456,"href":"https:\/\/azlp.mk\/sq\/wp-json\/wp\/v2\/posts\/16451\/revisions\/16456"}],"wp:featuredmedia":[{"embeddable":true,"href":"https:\/\/azlp.mk\/sq\/wp-json\/wp\/v2\/media\/16445"}],"wp:attachment":[{"href":"https:\/\/azlp.mk\/sq\/wp-json\/wp\/v2\/media?parent=16451"}],"wp:term":[{"taxonomy":"category","embeddable":true,"href":"https:\/\/azlp.mk\/sq\/wp-json\/wp\/v2\/categories?post=16451"},{"taxonomy":"post_tag","embeddable":true,"href":"https:\/\/azlp.mk\/sq\/wp-json\/wp\/v2\/tags?post=16451"}],"curies":[{"name":"wp","href":"https:\/\/api.w.org\/{rel}","templated":true}]}}