{"id":16432,"date":"2025-09-10T15:12:39","date_gmt":"2025-09-10T13:12:39","guid":{"rendered":"https:\/\/azlp.mk\/agjencia-kontribuoi-me-mendimi-profesional-ne-revizionin-e-projekteve-te-ia-se-ne-sektorin-publik\/"},"modified":"2025-09-11T11:35:41","modified_gmt":"2025-09-11T09:35:41","slug":"agjencia-kontribuoi-me-mendimi-profesional-ne-revizionin-e-projekteve-te-ia-se-ne-sektorin-publik","status":"publish","type":"post","link":"https:\/\/azlp.mk\/sq\/agjencia-kontribuoi-me-mendimi-profesional-ne-revizionin-e-projekteve-te-ia-se-ne-sektorin-publik\/","title":{"rendered":"Agjencia kontribuoi me mendim profesional n\u00eb revizionin e projekteve t\u00eb IA-s\u00eb n\u00eb sektorin publik"},"content":{"rendered":"<p>N\u00eb kuad\u00ebr t\u00eb revizionit t\u00eb performanc\u00ebs t\u00eb kryer nga Enti Shtet\u00ebror i revizionit me tem\u00ebn ,,Mund\u00ebsit\u00eb p\u00ebr p\u00ebrdorimin e inteligjenc\u00ebs artificiale n\u00eb sektorin publik&#8221;, Agjencia p\u00ebr Mbrojtjen e t\u00eb Dh\u00ebnave Personale mori pjes\u00eb aktive me mendime dhe udh\u00ebzime profesionale n\u00eb fush\u00ebn e mbrojtjes s\u00eb t\u00eb dh\u00ebnave personale. Revizioni p\u00ebrcaktoi se n\u00eb periudh\u00ebn nga viti 2018 deri n\u00eb vitin 2023, 48 projekte me element\u00eb t\u00eb IA-s\u00eb u bashk\u00ebfinancuan p\u00ebrmes Fondit p\u00ebr Inovacion dhe Zhvillim Teknologjik, me vler\u00eb totale prej mbi 6 milion\u00eb eurosh, por asnj\u00ebri prej tyre nuk \u00ebsht\u00eb zbatuar me sukses n\u00eb sektorin publik, p\u00ebr shkak t\u00eb munges\u00ebs s\u00eb transparenc\u00ebs, publicitetit t\u00eb dob\u00ebt dhe munges\u00ebs s\u00eb qasjes sistemike.<\/p>\n<p>Agjencia theksoi aspektet ky\u00e7e q\u00eb duhet t\u00eb p\u00ebrfshihen n\u00eb zbatimin e projekteve me IA, duke p\u00ebrfshir\u00eb vler\u00ebsim formal t\u00eb ndikimit n\u00eb mbrojtjen e t\u00eb dh\u00ebnave personale (VNMDhP), zbatimin e masave teknike dhe organizative t\u00eb mbrojtjes, si dhe krijimin e mekanizmave t\u00eb llogaridh\u00ebnies dhe transparenc\u00ebs n\u00eb funksionimin e projekteve. K\u00ebto konstatime tregojn\u00eb se pa nj\u00eb strategji t\u00eb p\u00ebrshtatshme komb\u00ebtare, korniz\u00eb ligjore dhe standarde etike, zbatimi i IA-s\u00eb n\u00eb sektorin publik mbetet i rreziksh\u00ebm dhe i pasigurt p\u00ebr t\u00eb drejtat e qytetar\u00ebve.<\/p>\n<p>Raportin e plot\u00eb nga Enti Shtet\u00ebror i revizionit, i titulluar ,,Raporti p\u00ebrfundimtar p\u00ebr revizionin e performanc\u00ebs s\u00eb kryer me tem\u00ebn e mund\u00ebsis\u00eb s\u00eb p\u00ebrdorimit t\u00eb inteligjenc\u00ebs artificiale n\u00eb sektorin publik &#8220;, \u00ebsht\u00eb i disponuesh\u00ebm n\u00eb lidhjen e<a href=\"https:\/\/dzr.mk\/sq\/250812-revizija-na-uspeshnost-2024-mundesite-perdorimin-e-inteligjences-artificiale-ne-sektorin\"> m\u00ebposhtme<\/a>.<\/p>\n<p>&nbsp;<\/p>\n","protected":false},"excerpt":{"rendered":"<p>N\u00eb kuad\u00ebr t\u00eb revizionit t\u00eb performanc\u00ebs t\u00eb kryer nga Enti [&hellip;]<\/p>\n","protected":false},"author":6,"featured_media":0,"comment_status":"closed","ping_status":"open","sticky":false,"template":"","format":"standard","meta":{"footnotes":""},"categories":[80,228],"tags":[],"yoast_head":"<!-- This site is optimized with the Yoast SEO plugin v19.9 - https:\/\/yoast.com\/wordpress\/plugins\/seo\/ -->\n<title>Agjencia kontribuoi me mendim profesional n\u00eb revizionin e projekteve t\u00eb IA-s\u00eb n\u00eb sektorin publik - \u0410\u0433\u0435\u043d\u0446\u0438\u0458\u0430 \u0437\u0430 \u0437\u0430\u0448\u0442\u0438\u0442\u0430 \u043d\u0430 \u043b\u0438\u0447\u043d\u0438\u0442\u0435 \u043f\u043e\u0434\u0430\u0442\u043e\u0446\u0438<\/title>\n<meta name=\"robots\" content=\"index, follow, max-snippet:-1, max-image-preview:large, max-video-preview:-1\" \/>\n<link rel=\"canonical\" href=\"https:\/\/azlp.mk\/sq\/agjencia-kontribuoi-me-mendimi-profesional-ne-revizionin-e-projekteve-te-ia-se-ne-sektorin-publik\/\" \/>\n<meta property=\"og:locale\" content=\"sq_AL\" \/>\n<meta property=\"og:type\" content=\"article\" \/>\n<meta property=\"og:title\" content=\"Agjencia kontribuoi me mendim profesional n\u00eb revizionin e projekteve t\u00eb IA-s\u00eb n\u00eb sektorin publik - \u0410\u0433\u0435\u043d\u0446\u0438\u0458\u0430 \u0437\u0430 \u0437\u0430\u0448\u0442\u0438\u0442\u0430 \u043d\u0430 \u043b\u0438\u0447\u043d\u0438\u0442\u0435 \u043f\u043e\u0434\u0430\u0442\u043e\u0446\u0438\" \/>\n<meta property=\"og:description\" content=\"N\u00eb kuad\u00ebr t\u00eb revizionit t\u00eb performanc\u00ebs t\u00eb kryer nga Enti [&hellip;]\" \/>\n<meta property=\"og:url\" content=\"https:\/\/azlp.mk\/sq\/agjencia-kontribuoi-me-mendimi-profesional-ne-revizionin-e-projekteve-te-ia-se-ne-sektorin-publik\/\" \/>\n<meta property=\"og:site_name\" content=\"\u0410\u0433\u0435\u043d\u0446\u0438\u0458\u0430 \u0437\u0430 \u0437\u0430\u0448\u0442\u0438\u0442\u0430 \u043d\u0430 \u043b\u0438\u0447\u043d\u0438\u0442\u0435 \u043f\u043e\u0434\u0430\u0442\u043e\u0446\u0438\" \/>\n<meta property=\"article:published_time\" content=\"2025-09-10T13:12:39+00:00\" \/>\n<meta property=\"article:modified_time\" content=\"2025-09-11T09:35:41+00:00\" \/>\n<meta name=\"author\" content=\"\u0421\u043b\u043e\u0431\u043e\u0434\u0430\u043d\u043a\u0430 \u0421\u043b\u0430\u0432\u043a\u043e\u0432\u0441\u043a\u0430\" \/>\n<meta name=\"twitter:card\" content=\"summary_large_image\" \/>\n<meta name=\"twitter:label1\" content=\"Written by\" \/>\n\t<meta name=\"twitter:data1\" content=\"\u0421\u043b\u043e\u0431\u043e\u0434\u0430\u043d\u043a\u0430 \u0421\u043b\u0430\u0432\u043a\u043e\u0432\u0441\u043a\u0430\" \/>\n\t<meta name=\"twitter:label2\" content=\"Est. reading time\" \/>\n\t<meta name=\"twitter:data2\" content=\"1 minute\" \/>\n<script type=\"application\/ld+json\" class=\"yoast-schema-graph\">{\"@context\":\"https:\/\/schema.org\",\"@graph\":[{\"@type\":\"WebPage\",\"@id\":\"https:\/\/azlp.mk\/sq\/agjencia-kontribuoi-me-mendimi-profesional-ne-revizionin-e-projekteve-te-ia-se-ne-sektorin-publik\/\",\"url\":\"https:\/\/azlp.mk\/sq\/agjencia-kontribuoi-me-mendimi-profesional-ne-revizionin-e-projekteve-te-ia-se-ne-sektorin-publik\/\",\"name\":\"Agjencia kontribuoi me mendim profesional n\u00eb revizionin e projekteve t\u00eb IA-s\u00eb n\u00eb sektorin publik - \u0410\u0433\u0435\u043d\u0446\u0438\u0458\u0430 \u0437\u0430 \u0437\u0430\u0448\u0442\u0438\u0442\u0430 \u043d\u0430 \u043b\u0438\u0447\u043d\u0438\u0442\u0435 \u043f\u043e\u0434\u0430\u0442\u043e\u0446\u0438\",\"isPartOf\":{\"@id\":\"https:\/\/azlp.mk\/#website\"},\"datePublished\":\"2025-09-10T13:12:39+00:00\",\"dateModified\":\"2025-09-11T09:35:41+00:00\",\"author\":{\"@id\":\"https:\/\/azlp.mk\/#\/schema\/person\/ce9320961c1b4baefce70d27ca3dbffe\"},\"breadcrumb\":{\"@id\":\"https:\/\/azlp.mk\/sq\/agjencia-kontribuoi-me-mendimi-profesional-ne-revizionin-e-projekteve-te-ia-se-ne-sektorin-publik\/#breadcrumb\"},\"inLanguage\":\"sq-AL\",\"potentialAction\":[{\"@type\":\"ReadAction\",\"target\":[\"https:\/\/azlp.mk\/sq\/agjencia-kontribuoi-me-mendimi-profesional-ne-revizionin-e-projekteve-te-ia-se-ne-sektorin-publik\/\"]}]},{\"@type\":\"BreadcrumbList\",\"@id\":\"https:\/\/azlp.mk\/sq\/agjencia-kontribuoi-me-mendimi-profesional-ne-revizionin-e-projekteve-te-ia-se-ne-sektorin-publik\/#breadcrumb\",\"itemListElement\":[{\"@type\":\"ListItem\",\"position\":1,\"name\":\"Ballina\",\"item\":\"https:\/\/azlp.mk\/sq\/\"},{\"@type\":\"ListItem\",\"position\":2,\"name\":\"Agjencia kontribuoi me mendim profesional n\u00eb revizionin e projekteve t\u00eb IA-s\u00eb n\u00eb sektorin publik\"}]},{\"@type\":\"WebSite\",\"@id\":\"https:\/\/azlp.mk\/#website\",\"url\":\"https:\/\/azlp.mk\/\",\"name\":\"\u0410\u0433\u0435\u043d\u0446\u0438\u0458\u0430 \u0437\u0430 \u0437\u0430\u0448\u0442\u0438\u0442\u0430 \u043d\u0430 \u043b\u0438\u0447\u043d\u0438\u0442\u0435 \u043f\u043e\u0434\u0430\u0442\u043e\u0446\u0438\",\"description\":\"\",\"potentialAction\":[{\"@type\":\"SearchAction\",\"target\":{\"@type\":\"EntryPoint\",\"urlTemplate\":\"https:\/\/azlp.mk\/?s={search_term_string}\"},\"query-input\":\"required name=search_term_string\"}],\"inLanguage\":\"sq-AL\"},{\"@type\":\"Person\",\"@id\":\"https:\/\/azlp.mk\/#\/schema\/person\/ce9320961c1b4baefce70d27ca3dbffe\",\"name\":\"\u0421\u043b\u043e\u0431\u043e\u0434\u0430\u043d\u043a\u0430 \u0421\u043b\u0430\u0432\u043a\u043e\u0432\u0441\u043a\u0430\",\"image\":{\"@type\":\"ImageObject\",\"inLanguage\":\"sq-AL\",\"@id\":\"https:\/\/azlp.mk\/#\/schema\/person\/image\/\",\"url\":\"https:\/\/secure.gravatar.com\/avatar\/2ec57d2f4a0c24feecf5a7d8219d2c34?s=96&d=mm&r=g\",\"contentUrl\":\"https:\/\/secure.gravatar.com\/avatar\/2ec57d2f4a0c24feecf5a7d8219d2c34?s=96&d=mm&r=g\",\"caption\":\"\u0421\u043b\u043e\u0431\u043e\u0434\u0430\u043d\u043a\u0430 \u0421\u043b\u0430\u0432\u043a\u043e\u0432\u0441\u043a\u0430\"},\"sameAs\":[\"https:\/\/www.azlp.mk\"],\"url\":\"https:\/\/azlp.mk\/sq\/author\/slobodanka_sdkhjdashjkr47\/\"}]}<\/script>\n<!-- \/ Yoast SEO plugin. -->","yoast_head_json":{"title":"Agjencia kontribuoi me mendim profesional n\u00eb revizionin e projekteve t\u00eb IA-s\u00eb n\u00eb sektorin publik - \u0410\u0433\u0435\u043d\u0446\u0438\u0458\u0430 \u0437\u0430 \u0437\u0430\u0448\u0442\u0438\u0442\u0430 \u043d\u0430 \u043b\u0438\u0447\u043d\u0438\u0442\u0435 \u043f\u043e\u0434\u0430\u0442\u043e\u0446\u0438","robots":{"index":"index","follow":"follow","max-snippet":"max-snippet:-1","max-image-preview":"max-image-preview:large","max-video-preview":"max-video-preview:-1"},"canonical":"https:\/\/azlp.mk\/sq\/agjencia-kontribuoi-me-mendimi-profesional-ne-revizionin-e-projekteve-te-ia-se-ne-sektorin-publik\/","og_locale":"sq_AL","og_type":"article","og_title":"Agjencia kontribuoi me mendim profesional n\u00eb revizionin e projekteve t\u00eb IA-s\u00eb n\u00eb sektorin publik - \u0410\u0433\u0435\u043d\u0446\u0438\u0458\u0430 \u0437\u0430 \u0437\u0430\u0448\u0442\u0438\u0442\u0430 \u043d\u0430 \u043b\u0438\u0447\u043d\u0438\u0442\u0435 \u043f\u043e\u0434\u0430\u0442\u043e\u0446\u0438","og_description":"N\u00eb kuad\u00ebr t\u00eb revizionit t\u00eb performanc\u00ebs t\u00eb kryer nga Enti [&hellip;]","og_url":"https:\/\/azlp.mk\/sq\/agjencia-kontribuoi-me-mendimi-profesional-ne-revizionin-e-projekteve-te-ia-se-ne-sektorin-publik\/","og_site_name":"\u0410\u0433\u0435\u043d\u0446\u0438\u0458\u0430 \u0437\u0430 \u0437\u0430\u0448\u0442\u0438\u0442\u0430 \u043d\u0430 \u043b\u0438\u0447\u043d\u0438\u0442\u0435 \u043f\u043e\u0434\u0430\u0442\u043e\u0446\u0438","article_published_time":"2025-09-10T13:12:39+00:00","article_modified_time":"2025-09-11T09:35:41+00:00","author":"\u0421\u043b\u043e\u0431\u043e\u0434\u0430\u043d\u043a\u0430 \u0421\u043b\u0430\u0432\u043a\u043e\u0432\u0441\u043a\u0430","twitter_card":"summary_large_image","twitter_misc":{"Written by":"\u0421\u043b\u043e\u0431\u043e\u0434\u0430\u043d\u043a\u0430 \u0421\u043b\u0430\u0432\u043a\u043e\u0432\u0441\u043a\u0430","Est. reading time":"1 minute"},"schema":{"@context":"https:\/\/schema.org","@graph":[{"@type":"WebPage","@id":"https:\/\/azlp.mk\/sq\/agjencia-kontribuoi-me-mendimi-profesional-ne-revizionin-e-projekteve-te-ia-se-ne-sektorin-publik\/","url":"https:\/\/azlp.mk\/sq\/agjencia-kontribuoi-me-mendimi-profesional-ne-revizionin-e-projekteve-te-ia-se-ne-sektorin-publik\/","name":"Agjencia kontribuoi me mendim profesional n\u00eb revizionin e projekteve t\u00eb IA-s\u00eb n\u00eb sektorin publik - \u0410\u0433\u0435\u043d\u0446\u0438\u0458\u0430 \u0437\u0430 \u0437\u0430\u0448\u0442\u0438\u0442\u0430 \u043d\u0430 \u043b\u0438\u0447\u043d\u0438\u0442\u0435 \u043f\u043e\u0434\u0430\u0442\u043e\u0446\u0438","isPartOf":{"@id":"https:\/\/azlp.mk\/#website"},"datePublished":"2025-09-10T13:12:39+00:00","dateModified":"2025-09-11T09:35:41+00:00","author":{"@id":"https:\/\/azlp.mk\/#\/schema\/person\/ce9320961c1b4baefce70d27ca3dbffe"},"breadcrumb":{"@id":"https:\/\/azlp.mk\/sq\/agjencia-kontribuoi-me-mendimi-profesional-ne-revizionin-e-projekteve-te-ia-se-ne-sektorin-publik\/#breadcrumb"},"inLanguage":"sq-AL","potentialAction":[{"@type":"ReadAction","target":["https:\/\/azlp.mk\/sq\/agjencia-kontribuoi-me-mendimi-profesional-ne-revizionin-e-projekteve-te-ia-se-ne-sektorin-publik\/"]}]},{"@type":"BreadcrumbList","@id":"https:\/\/azlp.mk\/sq\/agjencia-kontribuoi-me-mendimi-profesional-ne-revizionin-e-projekteve-te-ia-se-ne-sektorin-publik\/#breadcrumb","itemListElement":[{"@type":"ListItem","position":1,"name":"Ballina","item":"https:\/\/azlp.mk\/sq\/"},{"@type":"ListItem","position":2,"name":"Agjencia kontribuoi me mendim profesional n\u00eb revizionin e projekteve t\u00eb IA-s\u00eb n\u00eb sektorin publik"}]},{"@type":"WebSite","@id":"https:\/\/azlp.mk\/#website","url":"https:\/\/azlp.mk\/","name":"\u0410\u0433\u0435\u043d\u0446\u0438\u0458\u0430 \u0437\u0430 \u0437\u0430\u0448\u0442\u0438\u0442\u0430 \u043d\u0430 \u043b\u0438\u0447\u043d\u0438\u0442\u0435 \u043f\u043e\u0434\u0430\u0442\u043e\u0446\u0438","description":"","potentialAction":[{"@type":"SearchAction","target":{"@type":"EntryPoint","urlTemplate":"https:\/\/azlp.mk\/?s={search_term_string}"},"query-input":"required name=search_term_string"}],"inLanguage":"sq-AL"},{"@type":"Person","@id":"https:\/\/azlp.mk\/#\/schema\/person\/ce9320961c1b4baefce70d27ca3dbffe","name":"\u0421\u043b\u043e\u0431\u043e\u0434\u0430\u043d\u043a\u0430 \u0421\u043b\u0430\u0432\u043a\u043e\u0432\u0441\u043a\u0430","image":{"@type":"ImageObject","inLanguage":"sq-AL","@id":"https:\/\/azlp.mk\/#\/schema\/person\/image\/","url":"https:\/\/secure.gravatar.com\/avatar\/2ec57d2f4a0c24feecf5a7d8219d2c34?s=96&d=mm&r=g","contentUrl":"https:\/\/secure.gravatar.com\/avatar\/2ec57d2f4a0c24feecf5a7d8219d2c34?s=96&d=mm&r=g","caption":"\u0421\u043b\u043e\u0431\u043e\u0434\u0430\u043d\u043a\u0430 \u0421\u043b\u0430\u0432\u043a\u043e\u0432\u0441\u043a\u0430"},"sameAs":["https:\/\/www.azlp.mk"],"url":"https:\/\/azlp.mk\/sq\/author\/slobodanka_sdkhjdashjkr47\/"}]}},"_links":{"self":[{"href":"https:\/\/azlp.mk\/sq\/wp-json\/wp\/v2\/posts\/16432"}],"collection":[{"href":"https:\/\/azlp.mk\/sq\/wp-json\/wp\/v2\/posts"}],"about":[{"href":"https:\/\/azlp.mk\/sq\/wp-json\/wp\/v2\/types\/post"}],"author":[{"embeddable":true,"href":"https:\/\/azlp.mk\/sq\/wp-json\/wp\/v2\/users\/6"}],"replies":[{"embeddable":true,"href":"https:\/\/azlp.mk\/sq\/wp-json\/wp\/v2\/comments?post=16432"}],"version-history":[{"count":3,"href":"https:\/\/azlp.mk\/sq\/wp-json\/wp\/v2\/posts\/16432\/revisions"}],"predecessor-version":[{"id":16450,"href":"https:\/\/azlp.mk\/sq\/wp-json\/wp\/v2\/posts\/16432\/revisions\/16450"}],"wp:attachment":[{"href":"https:\/\/azlp.mk\/sq\/wp-json\/wp\/v2\/media?parent=16432"}],"wp:term":[{"taxonomy":"category","embeddable":true,"href":"https:\/\/azlp.mk\/sq\/wp-json\/wp\/v2\/categories?post=16432"},{"taxonomy":"post_tag","embeddable":true,"href":"https:\/\/azlp.mk\/sq\/wp-json\/wp\/v2\/tags?post=16432"}],"curies":[{"name":"wp","href":"https:\/\/api.w.org\/{rel}","templated":true}]}}