{"id":16395,"date":"2025-06-19T22:12:20","date_gmt":"2025-06-19T20:12:20","guid":{"rendered":"https:\/\/azlp.mk\/agjencia-per-mbrojtjen-e-te-dhenave-personale-mori-pjese-ne-mbledhjen-e-48-te-plenare-te-komitetit-konsultativ-te-konventes-108\/"},"modified":"2025-06-19T22:12:20","modified_gmt":"2025-06-19T20:12:20","slug":"agjencia-per-mbrojtjen-e-te-dhenave-personale-mori-pjese-ne-mbledhjen-e-48-te-plenare-te-komitetit-konsultativ-te-konventes-108","status":"publish","type":"post","link":"https:\/\/azlp.mk\/sq\/agjencia-per-mbrojtjen-e-te-dhenave-personale-mori-pjese-ne-mbledhjen-e-48-te-plenare-te-komitetit-konsultativ-te-konventes-108\/","title":{"rendered":"Agjencia p\u00ebr Mbrojtjen e t\u00eb Dh\u00ebnave Personale mori pjes\u00eb n\u00eb mbledhjen e 48-t\u00eb plenare t\u00eb Komitetit Konsultativ t\u00eb Konvent\u00ebs 108"},"content":{"rendered":"<p>Z\u00ebvend\u00ebsdrejtoresha e Agjencis\u00eb p\u00ebr Mbrojtjen e t\u00eb Dh\u00ebnave Personale, Mr.Elena Veljanovska, mori pjes\u00eb n\u00eb mbledhjen e 48-t\u00eb plenare t\u00eb Komitetit Konsultativ t\u00eb Konvent\u00ebs 108 (Konventa p\u00ebr mbrojtjen e individ\u00ebve lidhur me p\u00ebrpunimin automatik t\u00eb t\u00eb dh\u00ebnave personale), e cila u mbajt n\u00eb selin\u00eb e K\u00ebshillit t\u00eb Evrop\u00ebs n\u00eb Strasburg, nga data 17 deri m\u00eb 19 qershor 2025. <\/p>\n<p>Gjat\u00eb mbledhjes u shqyrtuan disa \u00e7\u00ebshtje t\u00eb r\u00ebnd\u00ebsishme nga fusha e mbrojtjes s\u00eb t\u00eb dh\u00ebnave personale. Nd\u00ebr pikat m\u00eb t\u00eb r\u00ebnd\u00ebsishme t\u00eb rendit t\u00eb dit\u00ebs ishin: <\/p>\n<ul>\n<li>shqyrtimi i Udh\u00ebzimeve Draft p\u00ebr parimet kryesore q\u00eb lidhen me nenin 11 t\u00eb Konvent\u00ebs s\u00eb modernizuar 108+, i cili ka t\u00eb b\u00ebj\u00eb me p\u00ebrjashtimet dhe kufizimet nga zbatimi i parimeve p\u00ebr mbrojtjen e t\u00eb dh\u00ebnave personale,<\/li>\n<li>prezantim me tem\u00ebn p\u00ebr mbrojtjen e t\u00eb dh\u00ebnave personale n\u00eb kontekstin e modeleve t\u00eb m\u00ebdha gjuh\u00ebsore (Large Language Models \u2013 LLMs), si dhe<\/li>\n<li>Udh\u00ebzime Draft p\u00ebr mbrojtjen e t\u00eb dh\u00ebnave personale n\u00eb kontekstin e neuroshkencave.<\/li>\n<\/ul>\n<p>N\u00eb kuad\u00ebr t\u00eb mbledhjes, m\u00eb 18 qershor 2025, u realizua edhe votimi p\u00ebr zgjedhjen e Komisionerit t\u00eb ri p\u00ebr Mbrojtjen e t\u00eb Dh\u00ebnave Personale t\u00eb K\u00ebshillit t\u00eb Evrop\u00ebs.<\/p>\n<p>Agjencia p\u00ebr Mbrojtjen e t\u00eb Dh\u00ebnave Personale \u00ebsht\u00eb an\u00ebtare me t\u00eb drejta t\u00eb plota votimi n\u00eb Komitetin Konsultativ t\u00eb Konvent\u00ebs 108 (T\u2013PD) pran\u00eb K\u00ebshillit t\u00eb Evrop\u00ebs q\u00eb nga korriku i vitit 2006, dhe n\u00eb m\u00ebnyr\u00eb t\u00eb vazhdueshme merr pjes\u00eb n\u00eb mbledhjet plenare t\u00eb rregullta t\u00eb k\u00ebtij komiteti.<\/p>\n<p>Republika e Maqedonis\u00eb s\u00eb Veriut, si an\u00ebtare aktive e K\u00ebshillit t\u00eb Evrop\u00ebs, \u00ebsht\u00eb n\u00ebnshkruese e Konvent\u00ebs 108 dhe e versionit t\u00eb saj t\u00eb modernizuar (108+), gj\u00eb q\u00eb e konfirmon p\u00ebrkushtimin ton\u00eb t\u00eb fuqish\u00ebm ndaj p\u00ebrparimit dhe respektimit t\u00eb s\u00eb drejt\u00ebs p\u00ebr privat\u00ebsi dhe mbrojtjes s\u00eb t\u00eb dh\u00ebnave personale, n\u00eb p\u00ebrputhje me standardet evropiane dhe nd\u00ebrkomb\u00ebtare.<\/p>\n","protected":false},"excerpt":{"rendered":"<p>Z\u00ebvend\u00ebsdrejtoresha e Agjencis\u00eb p\u00ebr Mbrojtjen e t\u00eb Dh\u00ebnave Personale, Mr.Elena [&hellip;]<\/p>\n","protected":false},"author":6,"featured_media":16392,"comment_status":"closed","ping_status":"closed","sticky":false,"template":"","format":"standard","meta":{"footnotes":""},"categories":[228,80],"tags":[],"yoast_head":"<!-- This site is optimized with the Yoast SEO plugin v19.9 - https:\/\/yoast.com\/wordpress\/plugins\/seo\/ -->\n<title>Agjencia p\u00ebr Mbrojtjen e t\u00eb Dh\u00ebnave Personale mori pjes\u00eb n\u00eb mbledhjen e 48-t\u00eb plenare t\u00eb Komitetit Konsultativ t\u00eb Konvent\u00ebs 108 - \u0410\u0433\u0435\u043d\u0446\u0438\u0458\u0430 \u0437\u0430 \u0437\u0430\u0448\u0442\u0438\u0442\u0430 \u043d\u0430 \u043b\u0438\u0447\u043d\u0438\u0442\u0435 \u043f\u043e\u0434\u0430\u0442\u043e\u0446\u0438<\/title>\n<meta name=\"robots\" content=\"index, follow, max-snippet:-1, max-image-preview:large, max-video-preview:-1\" \/>\n<link rel=\"canonical\" href=\"https:\/\/azlp.mk\/agjencia-per-mbrojtjen-e-te-dhenave-personale-mori-pjese-ne-mbledhjen-e-48-te-plenare-te-komitetit-konsultativ-te-konventes-108\/\" \/>\n<meta property=\"og:locale\" content=\"sq_AL\" \/>\n<meta property=\"og:type\" content=\"article\" \/>\n<meta property=\"og:title\" content=\"Agjencia p\u00ebr Mbrojtjen e t\u00eb Dh\u00ebnave Personale mori pjes\u00eb n\u00eb mbledhjen e 48-t\u00eb plenare t\u00eb Komitetit Konsultativ t\u00eb Konvent\u00ebs 108 - \u0410\u0433\u0435\u043d\u0446\u0438\u0458\u0430 \u0437\u0430 \u0437\u0430\u0448\u0442\u0438\u0442\u0430 \u043d\u0430 \u043b\u0438\u0447\u043d\u0438\u0442\u0435 \u043f\u043e\u0434\u0430\u0442\u043e\u0446\u0438\" \/>\n<meta property=\"og:description\" content=\"Z\u00ebvend\u00ebsdrejtoresha e Agjencis\u00eb p\u00ebr Mbrojtjen e t\u00eb Dh\u00ebnave Personale, Mr.Elena [&hellip;]\" \/>\n<meta property=\"og:url\" content=\"https:\/\/azlp.mk\/agjencia-per-mbrojtjen-e-te-dhenave-personale-mori-pjese-ne-mbledhjen-e-48-te-plenare-te-komitetit-konsultativ-te-konventes-108\/\" \/>\n<meta property=\"og:site_name\" content=\"\u0410\u0433\u0435\u043d\u0446\u0438\u0458\u0430 \u0437\u0430 \u0437\u0430\u0448\u0442\u0438\u0442\u0430 \u043d\u0430 \u043b\u0438\u0447\u043d\u0438\u0442\u0435 \u043f\u043e\u0434\u0430\u0442\u043e\u0446\u0438\" \/>\n<meta property=\"article:published_time\" content=\"2025-06-19T20:12:20+00:00\" \/>\n<meta name=\"author\" content=\"\u0421\u043b\u043e\u0431\u043e\u0434\u0430\u043d\u043a\u0430 \u0421\u043b\u0430\u0432\u043a\u043e\u0432\u0441\u043a\u0430\" \/>\n<meta name=\"twitter:card\" content=\"summary_large_image\" \/>\n<meta name=\"twitter:label1\" content=\"Written by\" \/>\n\t<meta name=\"twitter:data1\" content=\"\u0421\u043b\u043e\u0431\u043e\u0434\u0430\u043d\u043a\u0430 \u0421\u043b\u0430\u0432\u043a\u043e\u0432\u0441\u043a\u0430\" \/>\n\t<meta name=\"twitter:label2\" content=\"Est. reading time\" \/>\n\t<meta name=\"twitter:data2\" content=\"2 minutes\" \/>\n<script type=\"application\/ld+json\" class=\"yoast-schema-graph\">{\"@context\":\"https:\/\/schema.org\",\"@graph\":[{\"@type\":\"WebPage\",\"@id\":\"https:\/\/azlp.mk\/agjencia-per-mbrojtjen-e-te-dhenave-personale-mori-pjese-ne-mbledhjen-e-48-te-plenare-te-komitetit-konsultativ-te-konventes-108\/\",\"url\":\"https:\/\/azlp.mk\/agjencia-per-mbrojtjen-e-te-dhenave-personale-mori-pjese-ne-mbledhjen-e-48-te-plenare-te-komitetit-konsultativ-te-konventes-108\/\",\"name\":\"Agjencia p\u00ebr Mbrojtjen e t\u00eb Dh\u00ebnave Personale mori pjes\u00eb n\u00eb mbledhjen e 48-t\u00eb plenare t\u00eb Komitetit Konsultativ t\u00eb Konvent\u00ebs 108 - \u0410\u0433\u0435\u043d\u0446\u0438\u0458\u0430 \u0437\u0430 \u0437\u0430\u0448\u0442\u0438\u0442\u0430 \u043d\u0430 \u043b\u0438\u0447\u043d\u0438\u0442\u0435 \u043f\u043e\u0434\u0430\u0442\u043e\u0446\u0438\",\"isPartOf\":{\"@id\":\"https:\/\/azlp.mk\/#website\"},\"datePublished\":\"2025-06-19T20:12:20+00:00\",\"dateModified\":\"2025-06-19T20:12:20+00:00\",\"author\":{\"@id\":\"https:\/\/azlp.mk\/#\/schema\/person\/ce9320961c1b4baefce70d27ca3dbffe\"},\"breadcrumb\":{\"@id\":\"https:\/\/azlp.mk\/agjencia-per-mbrojtjen-e-te-dhenave-personale-mori-pjese-ne-mbledhjen-e-48-te-plenare-te-komitetit-konsultativ-te-konventes-108\/#breadcrumb\"},\"inLanguage\":\"sq-AL\",\"potentialAction\":[{\"@type\":\"ReadAction\",\"target\":[\"https:\/\/azlp.mk\/agjencia-per-mbrojtjen-e-te-dhenave-personale-mori-pjese-ne-mbledhjen-e-48-te-plenare-te-komitetit-konsultativ-te-konventes-108\/\"]}]},{\"@type\":\"BreadcrumbList\",\"@id\":\"https:\/\/azlp.mk\/agjencia-per-mbrojtjen-e-te-dhenave-personale-mori-pjese-ne-mbledhjen-e-48-te-plenare-te-komitetit-konsultativ-te-konventes-108\/#breadcrumb\",\"itemListElement\":[{\"@type\":\"ListItem\",\"position\":1,\"name\":\"Ballina\",\"item\":\"https:\/\/azlp.mk\/sq\/\"},{\"@type\":\"ListItem\",\"position\":2,\"name\":\"Agjencia p\u00ebr Mbrojtjen e t\u00eb Dh\u00ebnave Personale mori pjes\u00eb n\u00eb mbledhjen e 48-t\u00eb plenare t\u00eb Komitetit Konsultativ t\u00eb Konvent\u00ebs 108\"}]},{\"@type\":\"WebSite\",\"@id\":\"https:\/\/azlp.mk\/#website\",\"url\":\"https:\/\/azlp.mk\/\",\"name\":\"\u0410\u0433\u0435\u043d\u0446\u0438\u0458\u0430 \u0437\u0430 \u0437\u0430\u0448\u0442\u0438\u0442\u0430 \u043d\u0430 \u043b\u0438\u0447\u043d\u0438\u0442\u0435 \u043f\u043e\u0434\u0430\u0442\u043e\u0446\u0438\",\"description\":\"\",\"potentialAction\":[{\"@type\":\"SearchAction\",\"target\":{\"@type\":\"EntryPoint\",\"urlTemplate\":\"https:\/\/azlp.mk\/?s={search_term_string}\"},\"query-input\":\"required name=search_term_string\"}],\"inLanguage\":\"sq-AL\"},{\"@type\":\"Person\",\"@id\":\"https:\/\/azlp.mk\/#\/schema\/person\/ce9320961c1b4baefce70d27ca3dbffe\",\"name\":\"\u0421\u043b\u043e\u0431\u043e\u0434\u0430\u043d\u043a\u0430 \u0421\u043b\u0430\u0432\u043a\u043e\u0432\u0441\u043a\u0430\",\"image\":{\"@type\":\"ImageObject\",\"inLanguage\":\"sq-AL\",\"@id\":\"https:\/\/azlp.mk\/#\/schema\/person\/image\/\",\"url\":\"https:\/\/secure.gravatar.com\/avatar\/2ec57d2f4a0c24feecf5a7d8219d2c34?s=96&d=mm&r=g\",\"contentUrl\":\"https:\/\/secure.gravatar.com\/avatar\/2ec57d2f4a0c24feecf5a7d8219d2c34?s=96&d=mm&r=g\",\"caption\":\"\u0421\u043b\u043e\u0431\u043e\u0434\u0430\u043d\u043a\u0430 \u0421\u043b\u0430\u0432\u043a\u043e\u0432\u0441\u043a\u0430\"},\"sameAs\":[\"https:\/\/www.azlp.mk\"],\"url\":\"https:\/\/azlp.mk\/sq\/author\/slobodanka_sdkhjdashjkr47\/\"}]}<\/script>\n<!-- \/ Yoast SEO plugin. -->","yoast_head_json":{"title":"Agjencia p\u00ebr Mbrojtjen e t\u00eb Dh\u00ebnave Personale mori pjes\u00eb n\u00eb mbledhjen e 48-t\u00eb plenare t\u00eb Komitetit Konsultativ t\u00eb Konvent\u00ebs 108 - \u0410\u0433\u0435\u043d\u0446\u0438\u0458\u0430 \u0437\u0430 \u0437\u0430\u0448\u0442\u0438\u0442\u0430 \u043d\u0430 \u043b\u0438\u0447\u043d\u0438\u0442\u0435 \u043f\u043e\u0434\u0430\u0442\u043e\u0446\u0438","robots":{"index":"index","follow":"follow","max-snippet":"max-snippet:-1","max-image-preview":"max-image-preview:large","max-video-preview":"max-video-preview:-1"},"canonical":"https:\/\/azlp.mk\/agjencia-per-mbrojtjen-e-te-dhenave-personale-mori-pjese-ne-mbledhjen-e-48-te-plenare-te-komitetit-konsultativ-te-konventes-108\/","og_locale":"sq_AL","og_type":"article","og_title":"Agjencia p\u00ebr Mbrojtjen e t\u00eb Dh\u00ebnave Personale mori pjes\u00eb n\u00eb mbledhjen e 48-t\u00eb plenare t\u00eb Komitetit Konsultativ t\u00eb Konvent\u00ebs 108 - \u0410\u0433\u0435\u043d\u0446\u0438\u0458\u0430 \u0437\u0430 \u0437\u0430\u0448\u0442\u0438\u0442\u0430 \u043d\u0430 \u043b\u0438\u0447\u043d\u0438\u0442\u0435 \u043f\u043e\u0434\u0430\u0442\u043e\u0446\u0438","og_description":"Z\u00ebvend\u00ebsdrejtoresha e Agjencis\u00eb p\u00ebr Mbrojtjen e t\u00eb Dh\u00ebnave Personale, Mr.Elena [&hellip;]","og_url":"https:\/\/azlp.mk\/agjencia-per-mbrojtjen-e-te-dhenave-personale-mori-pjese-ne-mbledhjen-e-48-te-plenare-te-komitetit-konsultativ-te-konventes-108\/","og_site_name":"\u0410\u0433\u0435\u043d\u0446\u0438\u0458\u0430 \u0437\u0430 \u0437\u0430\u0448\u0442\u0438\u0442\u0430 \u043d\u0430 \u043b\u0438\u0447\u043d\u0438\u0442\u0435 \u043f\u043e\u0434\u0430\u0442\u043e\u0446\u0438","article_published_time":"2025-06-19T20:12:20+00:00","author":"\u0421\u043b\u043e\u0431\u043e\u0434\u0430\u043d\u043a\u0430 \u0421\u043b\u0430\u0432\u043a\u043e\u0432\u0441\u043a\u0430","twitter_card":"summary_large_image","twitter_misc":{"Written by":"\u0421\u043b\u043e\u0431\u043e\u0434\u0430\u043d\u043a\u0430 \u0421\u043b\u0430\u0432\u043a\u043e\u0432\u0441\u043a\u0430","Est. reading time":"2 minutes"},"schema":{"@context":"https:\/\/schema.org","@graph":[{"@type":"WebPage","@id":"https:\/\/azlp.mk\/agjencia-per-mbrojtjen-e-te-dhenave-personale-mori-pjese-ne-mbledhjen-e-48-te-plenare-te-komitetit-konsultativ-te-konventes-108\/","url":"https:\/\/azlp.mk\/agjencia-per-mbrojtjen-e-te-dhenave-personale-mori-pjese-ne-mbledhjen-e-48-te-plenare-te-komitetit-konsultativ-te-konventes-108\/","name":"Agjencia p\u00ebr Mbrojtjen e t\u00eb Dh\u00ebnave Personale mori pjes\u00eb n\u00eb mbledhjen e 48-t\u00eb plenare t\u00eb Komitetit Konsultativ t\u00eb Konvent\u00ebs 108 - \u0410\u0433\u0435\u043d\u0446\u0438\u0458\u0430 \u0437\u0430 \u0437\u0430\u0448\u0442\u0438\u0442\u0430 \u043d\u0430 \u043b\u0438\u0447\u043d\u0438\u0442\u0435 \u043f\u043e\u0434\u0430\u0442\u043e\u0446\u0438","isPartOf":{"@id":"https:\/\/azlp.mk\/#website"},"datePublished":"2025-06-19T20:12:20+00:00","dateModified":"2025-06-19T20:12:20+00:00","author":{"@id":"https:\/\/azlp.mk\/#\/schema\/person\/ce9320961c1b4baefce70d27ca3dbffe"},"breadcrumb":{"@id":"https:\/\/azlp.mk\/agjencia-per-mbrojtjen-e-te-dhenave-personale-mori-pjese-ne-mbledhjen-e-48-te-plenare-te-komitetit-konsultativ-te-konventes-108\/#breadcrumb"},"inLanguage":"sq-AL","potentialAction":[{"@type":"ReadAction","target":["https:\/\/azlp.mk\/agjencia-per-mbrojtjen-e-te-dhenave-personale-mori-pjese-ne-mbledhjen-e-48-te-plenare-te-komitetit-konsultativ-te-konventes-108\/"]}]},{"@type":"BreadcrumbList","@id":"https:\/\/azlp.mk\/agjencia-per-mbrojtjen-e-te-dhenave-personale-mori-pjese-ne-mbledhjen-e-48-te-plenare-te-komitetit-konsultativ-te-konventes-108\/#breadcrumb","itemListElement":[{"@type":"ListItem","position":1,"name":"Ballina","item":"https:\/\/azlp.mk\/sq\/"},{"@type":"ListItem","position":2,"name":"Agjencia p\u00ebr Mbrojtjen e t\u00eb Dh\u00ebnave Personale mori pjes\u00eb n\u00eb mbledhjen e 48-t\u00eb plenare t\u00eb Komitetit Konsultativ t\u00eb Konvent\u00ebs 108"}]},{"@type":"WebSite","@id":"https:\/\/azlp.mk\/#website","url":"https:\/\/azlp.mk\/","name":"\u0410\u0433\u0435\u043d\u0446\u0438\u0458\u0430 \u0437\u0430 \u0437\u0430\u0448\u0442\u0438\u0442\u0430 \u043d\u0430 \u043b\u0438\u0447\u043d\u0438\u0442\u0435 \u043f\u043e\u0434\u0430\u0442\u043e\u0446\u0438","description":"","potentialAction":[{"@type":"SearchAction","target":{"@type":"EntryPoint","urlTemplate":"https:\/\/azlp.mk\/?s={search_term_string}"},"query-input":"required name=search_term_string"}],"inLanguage":"sq-AL"},{"@type":"Person","@id":"https:\/\/azlp.mk\/#\/schema\/person\/ce9320961c1b4baefce70d27ca3dbffe","name":"\u0421\u043b\u043e\u0431\u043e\u0434\u0430\u043d\u043a\u0430 \u0421\u043b\u0430\u0432\u043a\u043e\u0432\u0441\u043a\u0430","image":{"@type":"ImageObject","inLanguage":"sq-AL","@id":"https:\/\/azlp.mk\/#\/schema\/person\/image\/","url":"https:\/\/secure.gravatar.com\/avatar\/2ec57d2f4a0c24feecf5a7d8219d2c34?s=96&d=mm&r=g","contentUrl":"https:\/\/secure.gravatar.com\/avatar\/2ec57d2f4a0c24feecf5a7d8219d2c34?s=96&d=mm&r=g","caption":"\u0421\u043b\u043e\u0431\u043e\u0434\u0430\u043d\u043a\u0430 \u0421\u043b\u0430\u0432\u043a\u043e\u0432\u0441\u043a\u0430"},"sameAs":["https:\/\/www.azlp.mk"],"url":"https:\/\/azlp.mk\/sq\/author\/slobodanka_sdkhjdashjkr47\/"}]}},"_links":{"self":[{"href":"https:\/\/azlp.mk\/sq\/wp-json\/wp\/v2\/posts\/16395"}],"collection":[{"href":"https:\/\/azlp.mk\/sq\/wp-json\/wp\/v2\/posts"}],"about":[{"href":"https:\/\/azlp.mk\/sq\/wp-json\/wp\/v2\/types\/post"}],"author":[{"embeddable":true,"href":"https:\/\/azlp.mk\/sq\/wp-json\/wp\/v2\/users\/6"}],"replies":[{"embeddable":true,"href":"https:\/\/azlp.mk\/sq\/wp-json\/wp\/v2\/comments?post=16395"}],"version-history":[{"count":0,"href":"https:\/\/azlp.mk\/sq\/wp-json\/wp\/v2\/posts\/16395\/revisions"}],"wp:featuredmedia":[{"embeddable":true,"href":"https:\/\/azlp.mk\/sq\/wp-json\/wp\/v2\/media\/16392"}],"wp:attachment":[{"href":"https:\/\/azlp.mk\/sq\/wp-json\/wp\/v2\/media?parent=16395"}],"wp:term":[{"taxonomy":"category","embeddable":true,"href":"https:\/\/azlp.mk\/sq\/wp-json\/wp\/v2\/categories?post=16395"},{"taxonomy":"post_tag","embeddable":true,"href":"https:\/\/azlp.mk\/sq\/wp-json\/wp\/v2\/tags?post=16395"}],"curies":[{"name":"wp","href":"https:\/\/api.w.org\/{rel}","templated":true}]}}