{"id":16385,"date":"2025-05-12T19:17:54","date_gmt":"2025-05-12T17:17:54","guid":{"rendered":"https:\/\/azlp.mk\/u-mbajt-konferenca-e-33-te-pranverore-e-autoriteteve-mbikeqyrese-evropiane\/"},"modified":"2025-05-12T19:17:54","modified_gmt":"2025-05-12T17:17:54","slug":"u-mbajt-konferenca-e-33-te-pranverore-e-autoriteteve-mbikeqyrese-evropiane","status":"publish","type":"post","link":"https:\/\/azlp.mk\/sq\/u-mbajt-konferenca-e-33-te-pranverore-e-autoriteteve-mbikeqyrese-evropiane\/","title":{"rendered":"U mbajt Konferenca e 33-t\u00eb Pranverore e autoriteteve mbik\u00ebqyr\u00ebse evropiane"},"content":{"rendered":"<p>N\u00eb periudh\u00ebn nga 6 deri m\u00eb 9 maj 2025, z\u00ebvend\u00ebsdrejtori Elena Veljanovska s\u00eb bashku me p\u00ebrfaq\u00ebsues nga Agjencia p\u00ebr Mbrojtjen e t\u00eb Dh\u00ebnave Personale mor\u00ebn pjes\u00eb n\u00eb Konferenc\u00ebn e 33-t\u00eb Evropiane t\u00eb autoriteteve p\u00ebr mbrojtjen e t\u00eb dh\u00ebnave personale, e cila u mbajt n\u00eb Batumi, Gjeorgji.<\/p>\n<p>Konferenca e pranverore \u00ebsht\u00eb takim vjetor i t\u00eb gjitha autoriteteve p\u00ebr mbrojtjen e t\u00eb dh\u00ebnave personale nga vendet e Bashkimit Evropian dhe jasht\u00eb EEA. Konferenca sh\u00ebrben si forum i vet\u00ebm pan-evropian dedikuar bashk\u00ebpunimit praktik midis rregullator\u00ebve, tejkalimit t\u00eb kufijve dhe inkurajimit t\u00eb bashk\u00ebpunimit p\u00ebr mbrojtjen e t\u00eb dh\u00ebnave personale dhe privat\u00ebsis\u00eb n\u00eb Evrop\u00eb.<\/p>\n<p>Ngjarja p\u00ebrfaq\u00ebsonte platform\u00eb t\u00eb r\u00ebnd\u00ebsishme p\u00ebr bashk\u00ebpunim, shk\u00ebmbim t\u00eb p\u00ebrvojave dhe praktikave m\u00eb t\u00eb mira midis autoriteteve mbik\u00ebqyr\u00ebse nga Evropa dhe m\u00eb gjer\u00eb. Temat e konferenc\u00ebs u p\u00ebrqendruan n\u00eb shk\u00ebmbimin nd\u00ebrkufitar t\u00eb t\u00eb dh\u00ebnave, sfidat q\u00eb vijn\u00eb nga inteligjenca artificiale dhe nevoja p\u00ebr bashk\u00ebpunim m\u00eb t\u00eb fort\u00eb nd\u00ebrkomb\u00ebtar n\u00eb fush\u00ebn e mbrojtjes s\u00eb t\u00eb dh\u00ebnave personale. <\/p>\n<p>Ve\u00e7an\u00ebrisht me r\u00ebnd\u00ebsi ishte miratimi i Rezolut\u00ebs p\u00ebr Planin e veprimit p\u00ebr aktivitete t\u00eb m\u00ebtejshme t\u00eb bashk\u00ebpunimit, e cila do t\u00eb sh\u00ebrbej\u00eb si baz\u00eb p\u00ebr thellimin e bashk\u00ebpunimit midis an\u00ebtar\u00ebve dhe v\u00ebzhguesve t\u00eb konferenc\u00ebs.<\/p>\n<p>N\u00eb kuad\u00ebr t\u00eb konferenc\u00ebs, p\u00ebrfaq\u00ebsuesit e AMDHP-s\u00eb zhvilluan takime dhe biseda t\u00eb dobishme me koleg\u00eb dhe partner\u00eb nga vende t\u00eb tjera, duke shk\u00ebmbyer ide dhe informacione p\u00ebr sfidat me t\u00eb cilat p\u00ebrballen autoritetet komb\u00ebtare t\u00eb mbrojtjes s\u00eb t\u00eb dh\u00ebnave n\u00eb kontekstin e transformimit t\u00eb shpejt\u00eb digjital.<\/p>\n","protected":false},"excerpt":{"rendered":"<p>N\u00eb periudh\u00ebn nga 6 deri m\u00eb 9 maj 2025, z\u00ebvend\u00ebsdrejtori [&hellip;]<\/p>\n","protected":false},"author":6,"featured_media":16382,"comment_status":"closed","ping_status":"closed","sticky":false,"template":"","format":"standard","meta":{"footnotes":""},"categories":[53],"tags":[],"yoast_head":"<!-- This site is optimized with the Yoast SEO plugin v19.9 - https:\/\/yoast.com\/wordpress\/plugins\/seo\/ -->\n<title>U mbajt Konferenca e 33-t\u00eb Pranverore e autoriteteve mbik\u00ebqyr\u00ebse evropiane - \u0410\u0433\u0435\u043d\u0446\u0438\u0458\u0430 \u0437\u0430 \u0437\u0430\u0448\u0442\u0438\u0442\u0430 \u043d\u0430 \u043b\u0438\u0447\u043d\u0438\u0442\u0435 \u043f\u043e\u0434\u0430\u0442\u043e\u0446\u0438<\/title>\n<meta name=\"robots\" content=\"index, follow, max-snippet:-1, max-image-preview:large, max-video-preview:-1\" \/>\n<link rel=\"canonical\" href=\"https:\/\/azlp.mk\/u-mbajt-konferenca-e-33-te-pranverore-e-autoriteteve-mbikeqyrese-evropiane\/\" \/>\n<meta property=\"og:locale\" content=\"sq_AL\" \/>\n<meta property=\"og:type\" content=\"article\" \/>\n<meta property=\"og:title\" content=\"U mbajt Konferenca e 33-t\u00eb Pranverore e autoriteteve mbik\u00ebqyr\u00ebse evropiane - \u0410\u0433\u0435\u043d\u0446\u0438\u0458\u0430 \u0437\u0430 \u0437\u0430\u0448\u0442\u0438\u0442\u0430 \u043d\u0430 \u043b\u0438\u0447\u043d\u0438\u0442\u0435 \u043f\u043e\u0434\u0430\u0442\u043e\u0446\u0438\" \/>\n<meta property=\"og:description\" content=\"N\u00eb periudh\u00ebn nga 6 deri m\u00eb 9 maj 2025, z\u00ebvend\u00ebsdrejtori [&hellip;]\" \/>\n<meta property=\"og:url\" content=\"https:\/\/azlp.mk\/u-mbajt-konferenca-e-33-te-pranverore-e-autoriteteve-mbikeqyrese-evropiane\/\" \/>\n<meta property=\"og:site_name\" content=\"\u0410\u0433\u0435\u043d\u0446\u0438\u0458\u0430 \u0437\u0430 \u0437\u0430\u0448\u0442\u0438\u0442\u0430 \u043d\u0430 \u043b\u0438\u0447\u043d\u0438\u0442\u0435 \u043f\u043e\u0434\u0430\u0442\u043e\u0446\u0438\" \/>\n<meta property=\"article:published_time\" content=\"2025-05-12T17:17:54+00:00\" \/>\n<meta name=\"author\" content=\"\u0421\u043b\u043e\u0431\u043e\u0434\u0430\u043d\u043a\u0430 \u0421\u043b\u0430\u0432\u043a\u043e\u0432\u0441\u043a\u0430\" \/>\n<meta name=\"twitter:card\" content=\"summary_large_image\" \/>\n<meta name=\"twitter:label1\" content=\"Written by\" \/>\n\t<meta name=\"twitter:data1\" content=\"\u0421\u043b\u043e\u0431\u043e\u0434\u0430\u043d\u043a\u0430 \u0421\u043b\u0430\u0432\u043a\u043e\u0432\u0441\u043a\u0430\" \/>\n\t<meta name=\"twitter:label2\" content=\"Est. reading time\" \/>\n\t<meta name=\"twitter:data2\" content=\"1 minute\" \/>\n<script type=\"application\/ld+json\" class=\"yoast-schema-graph\">{\"@context\":\"https:\/\/schema.org\",\"@graph\":[{\"@type\":\"WebPage\",\"@id\":\"https:\/\/azlp.mk\/u-mbajt-konferenca-e-33-te-pranverore-e-autoriteteve-mbikeqyrese-evropiane\/\",\"url\":\"https:\/\/azlp.mk\/u-mbajt-konferenca-e-33-te-pranverore-e-autoriteteve-mbikeqyrese-evropiane\/\",\"name\":\"U mbajt Konferenca e 33-t\u00eb Pranverore e autoriteteve mbik\u00ebqyr\u00ebse evropiane - \u0410\u0433\u0435\u043d\u0446\u0438\u0458\u0430 \u0437\u0430 \u0437\u0430\u0448\u0442\u0438\u0442\u0430 \u043d\u0430 \u043b\u0438\u0447\u043d\u0438\u0442\u0435 \u043f\u043e\u0434\u0430\u0442\u043e\u0446\u0438\",\"isPartOf\":{\"@id\":\"https:\/\/azlp.mk\/#website\"},\"datePublished\":\"2025-05-12T17:17:54+00:00\",\"dateModified\":\"2025-05-12T17:17:54+00:00\",\"author\":{\"@id\":\"https:\/\/azlp.mk\/#\/schema\/person\/ce9320961c1b4baefce70d27ca3dbffe\"},\"breadcrumb\":{\"@id\":\"https:\/\/azlp.mk\/u-mbajt-konferenca-e-33-te-pranverore-e-autoriteteve-mbikeqyrese-evropiane\/#breadcrumb\"},\"inLanguage\":\"sq-AL\",\"potentialAction\":[{\"@type\":\"ReadAction\",\"target\":[\"https:\/\/azlp.mk\/u-mbajt-konferenca-e-33-te-pranverore-e-autoriteteve-mbikeqyrese-evropiane\/\"]}]},{\"@type\":\"BreadcrumbList\",\"@id\":\"https:\/\/azlp.mk\/u-mbajt-konferenca-e-33-te-pranverore-e-autoriteteve-mbikeqyrese-evropiane\/#breadcrumb\",\"itemListElement\":[{\"@type\":\"ListItem\",\"position\":1,\"name\":\"Ballina\",\"item\":\"https:\/\/azlp.mk\/sq\/\"},{\"@type\":\"ListItem\",\"position\":2,\"name\":\"U mbajt Konferenca e 33-t\u00eb Pranverore e autoriteteve mbik\u00ebqyr\u00ebse evropiane\"}]},{\"@type\":\"WebSite\",\"@id\":\"https:\/\/azlp.mk\/#website\",\"url\":\"https:\/\/azlp.mk\/\",\"name\":\"\u0410\u0433\u0435\u043d\u0446\u0438\u0458\u0430 \u0437\u0430 \u0437\u0430\u0448\u0442\u0438\u0442\u0430 \u043d\u0430 \u043b\u0438\u0447\u043d\u0438\u0442\u0435 \u043f\u043e\u0434\u0430\u0442\u043e\u0446\u0438\",\"description\":\"\",\"potentialAction\":[{\"@type\":\"SearchAction\",\"target\":{\"@type\":\"EntryPoint\",\"urlTemplate\":\"https:\/\/azlp.mk\/?s={search_term_string}\"},\"query-input\":\"required name=search_term_string\"}],\"inLanguage\":\"sq-AL\"},{\"@type\":\"Person\",\"@id\":\"https:\/\/azlp.mk\/#\/schema\/person\/ce9320961c1b4baefce70d27ca3dbffe\",\"name\":\"\u0421\u043b\u043e\u0431\u043e\u0434\u0430\u043d\u043a\u0430 \u0421\u043b\u0430\u0432\u043a\u043e\u0432\u0441\u043a\u0430\",\"image\":{\"@type\":\"ImageObject\",\"inLanguage\":\"sq-AL\",\"@id\":\"https:\/\/azlp.mk\/#\/schema\/person\/image\/\",\"url\":\"https:\/\/secure.gravatar.com\/avatar\/2ec57d2f4a0c24feecf5a7d8219d2c34?s=96&d=mm&r=g\",\"contentUrl\":\"https:\/\/secure.gravatar.com\/avatar\/2ec57d2f4a0c24feecf5a7d8219d2c34?s=96&d=mm&r=g\",\"caption\":\"\u0421\u043b\u043e\u0431\u043e\u0434\u0430\u043d\u043a\u0430 \u0421\u043b\u0430\u0432\u043a\u043e\u0432\u0441\u043a\u0430\"},\"sameAs\":[\"https:\/\/www.azlp.mk\"],\"url\":\"https:\/\/azlp.mk\/sq\/author\/slobodanka_sdkhjdashjkr47\/\"}]}<\/script>\n<!-- \/ Yoast SEO plugin. -->","yoast_head_json":{"title":"U mbajt Konferenca e 33-t\u00eb Pranverore e autoriteteve mbik\u00ebqyr\u00ebse evropiane - \u0410\u0433\u0435\u043d\u0446\u0438\u0458\u0430 \u0437\u0430 \u0437\u0430\u0448\u0442\u0438\u0442\u0430 \u043d\u0430 \u043b\u0438\u0447\u043d\u0438\u0442\u0435 \u043f\u043e\u0434\u0430\u0442\u043e\u0446\u0438","robots":{"index":"index","follow":"follow","max-snippet":"max-snippet:-1","max-image-preview":"max-image-preview:large","max-video-preview":"max-video-preview:-1"},"canonical":"https:\/\/azlp.mk\/u-mbajt-konferenca-e-33-te-pranverore-e-autoriteteve-mbikeqyrese-evropiane\/","og_locale":"sq_AL","og_type":"article","og_title":"U mbajt Konferenca e 33-t\u00eb Pranverore e autoriteteve mbik\u00ebqyr\u00ebse evropiane - \u0410\u0433\u0435\u043d\u0446\u0438\u0458\u0430 \u0437\u0430 \u0437\u0430\u0448\u0442\u0438\u0442\u0430 \u043d\u0430 \u043b\u0438\u0447\u043d\u0438\u0442\u0435 \u043f\u043e\u0434\u0430\u0442\u043e\u0446\u0438","og_description":"N\u00eb periudh\u00ebn nga 6 deri m\u00eb 9 maj 2025, z\u00ebvend\u00ebsdrejtori [&hellip;]","og_url":"https:\/\/azlp.mk\/u-mbajt-konferenca-e-33-te-pranverore-e-autoriteteve-mbikeqyrese-evropiane\/","og_site_name":"\u0410\u0433\u0435\u043d\u0446\u0438\u0458\u0430 \u0437\u0430 \u0437\u0430\u0448\u0442\u0438\u0442\u0430 \u043d\u0430 \u043b\u0438\u0447\u043d\u0438\u0442\u0435 \u043f\u043e\u0434\u0430\u0442\u043e\u0446\u0438","article_published_time":"2025-05-12T17:17:54+00:00","author":"\u0421\u043b\u043e\u0431\u043e\u0434\u0430\u043d\u043a\u0430 \u0421\u043b\u0430\u0432\u043a\u043e\u0432\u0441\u043a\u0430","twitter_card":"summary_large_image","twitter_misc":{"Written by":"\u0421\u043b\u043e\u0431\u043e\u0434\u0430\u043d\u043a\u0430 \u0421\u043b\u0430\u0432\u043a\u043e\u0432\u0441\u043a\u0430","Est. reading time":"1 minute"},"schema":{"@context":"https:\/\/schema.org","@graph":[{"@type":"WebPage","@id":"https:\/\/azlp.mk\/u-mbajt-konferenca-e-33-te-pranverore-e-autoriteteve-mbikeqyrese-evropiane\/","url":"https:\/\/azlp.mk\/u-mbajt-konferenca-e-33-te-pranverore-e-autoriteteve-mbikeqyrese-evropiane\/","name":"U mbajt Konferenca e 33-t\u00eb Pranverore e autoriteteve mbik\u00ebqyr\u00ebse evropiane - \u0410\u0433\u0435\u043d\u0446\u0438\u0458\u0430 \u0437\u0430 \u0437\u0430\u0448\u0442\u0438\u0442\u0430 \u043d\u0430 \u043b\u0438\u0447\u043d\u0438\u0442\u0435 \u043f\u043e\u0434\u0430\u0442\u043e\u0446\u0438","isPartOf":{"@id":"https:\/\/azlp.mk\/#website"},"datePublished":"2025-05-12T17:17:54+00:00","dateModified":"2025-05-12T17:17:54+00:00","author":{"@id":"https:\/\/azlp.mk\/#\/schema\/person\/ce9320961c1b4baefce70d27ca3dbffe"},"breadcrumb":{"@id":"https:\/\/azlp.mk\/u-mbajt-konferenca-e-33-te-pranverore-e-autoriteteve-mbikeqyrese-evropiane\/#breadcrumb"},"inLanguage":"sq-AL","potentialAction":[{"@type":"ReadAction","target":["https:\/\/azlp.mk\/u-mbajt-konferenca-e-33-te-pranverore-e-autoriteteve-mbikeqyrese-evropiane\/"]}]},{"@type":"BreadcrumbList","@id":"https:\/\/azlp.mk\/u-mbajt-konferenca-e-33-te-pranverore-e-autoriteteve-mbikeqyrese-evropiane\/#breadcrumb","itemListElement":[{"@type":"ListItem","position":1,"name":"Ballina","item":"https:\/\/azlp.mk\/sq\/"},{"@type":"ListItem","position":2,"name":"U mbajt Konferenca e 33-t\u00eb Pranverore e autoriteteve mbik\u00ebqyr\u00ebse evropiane"}]},{"@type":"WebSite","@id":"https:\/\/azlp.mk\/#website","url":"https:\/\/azlp.mk\/","name":"\u0410\u0433\u0435\u043d\u0446\u0438\u0458\u0430 \u0437\u0430 \u0437\u0430\u0448\u0442\u0438\u0442\u0430 \u043d\u0430 \u043b\u0438\u0447\u043d\u0438\u0442\u0435 \u043f\u043e\u0434\u0430\u0442\u043e\u0446\u0438","description":"","potentialAction":[{"@type":"SearchAction","target":{"@type":"EntryPoint","urlTemplate":"https:\/\/azlp.mk\/?s={search_term_string}"},"query-input":"required name=search_term_string"}],"inLanguage":"sq-AL"},{"@type":"Person","@id":"https:\/\/azlp.mk\/#\/schema\/person\/ce9320961c1b4baefce70d27ca3dbffe","name":"\u0421\u043b\u043e\u0431\u043e\u0434\u0430\u043d\u043a\u0430 \u0421\u043b\u0430\u0432\u043a\u043e\u0432\u0441\u043a\u0430","image":{"@type":"ImageObject","inLanguage":"sq-AL","@id":"https:\/\/azlp.mk\/#\/schema\/person\/image\/","url":"https:\/\/secure.gravatar.com\/avatar\/2ec57d2f4a0c24feecf5a7d8219d2c34?s=96&d=mm&r=g","contentUrl":"https:\/\/secure.gravatar.com\/avatar\/2ec57d2f4a0c24feecf5a7d8219d2c34?s=96&d=mm&r=g","caption":"\u0421\u043b\u043e\u0431\u043e\u0434\u0430\u043d\u043a\u0430 \u0421\u043b\u0430\u0432\u043a\u043e\u0432\u0441\u043a\u0430"},"sameAs":["https:\/\/www.azlp.mk"],"url":"https:\/\/azlp.mk\/sq\/author\/slobodanka_sdkhjdashjkr47\/"}]}},"_links":{"self":[{"href":"https:\/\/azlp.mk\/sq\/wp-json\/wp\/v2\/posts\/16385"}],"collection":[{"href":"https:\/\/azlp.mk\/sq\/wp-json\/wp\/v2\/posts"}],"about":[{"href":"https:\/\/azlp.mk\/sq\/wp-json\/wp\/v2\/types\/post"}],"author":[{"embeddable":true,"href":"https:\/\/azlp.mk\/sq\/wp-json\/wp\/v2\/users\/6"}],"replies":[{"embeddable":true,"href":"https:\/\/azlp.mk\/sq\/wp-json\/wp\/v2\/comments?post=16385"}],"version-history":[{"count":0,"href":"https:\/\/azlp.mk\/sq\/wp-json\/wp\/v2\/posts\/16385\/revisions"}],"wp:featuredmedia":[{"embeddable":true,"href":"https:\/\/azlp.mk\/sq\/wp-json\/wp\/v2\/media\/16382"}],"wp:attachment":[{"href":"https:\/\/azlp.mk\/sq\/wp-json\/wp\/v2\/media?parent=16385"}],"wp:term":[{"taxonomy":"category","embeddable":true,"href":"https:\/\/azlp.mk\/sq\/wp-json\/wp\/v2\/categories?post=16385"},{"taxonomy":"post_tag","embeddable":true,"href":"https:\/\/azlp.mk\/sq\/wp-json\/wp\/v2\/tags?post=16385"}],"curies":[{"name":"wp","href":"https:\/\/api.w.org\/{rel}","templated":true}]}}