{"id":16263,"date":"2025-01-28T18:37:19","date_gmt":"2025-01-28T16:37:19","guid":{"rendered":"https:\/\/azlp.mk\/%d0%be%d0%b4%d0%b1%d0%b5%d0%bb%d0%b5%d0%b6%d1%83%d0%b2%d0%b0%d1%9a%d0%b5-%d0%bd%d0%b0-28-%d1%98%d0%b0%d0%bd%d1%83%d0%b0%d1%80%d0%b8-%d0%b5%d0%b2%d1%80%d0%be%d0%bf%d1%81%d0%ba%d0%b8%d0%be%d1%82-%d0%b4\/"},"modified":"2025-02-12T11:21:41","modified_gmt":"2025-02-12T09:21:41","slug":"shenim-i-28-janarit-dites-evropiane-per-mbrojtjen-e-te-dhenave-personale","status":"publish","type":"post","link":"https:\/\/azlp.mk\/sq\/shenim-i-28-janarit-dites-evropiane-per-mbrojtjen-e-te-dhenave-personale\/","title":{"rendered":"Sh\u00ebnim i 28 Janarit Dit\u00ebs Evropiane p\u00ebr Mbrojtjen e t\u00eb Dh\u00ebnave Personale"},"content":{"rendered":"<p><strong>Agjencia p\u00ebr Mbrojtjen e t\u00eb Dh\u00ebnave Personale, n\u00eb bashk\u00ebpunim me Shoqat\u00ebn Gjermane p\u00ebr Bashk\u00ebpunim Nd\u00ebrkomb\u00ebtar (GIZ), organizuan event n\u00eb t\u00eb cil\u00ebn u promovuan tre video materiale edukative t\u00eb krijuara p\u00ebr t\u00eb rritur nd\u00ebrgjegj\u00ebsimin e publikut p\u00ebr r\u00ebnd\u00ebsin\u00eb e mbrojtjes s\u00eb t\u00eb dh\u00ebnave personale dhe privat\u00ebsis\u00eb n\u00eb jet\u00ebn e p\u00ebrditshme. <\/strong><\/p>\n<p>M\u00eb 28 janar 1981, n\u00eb Strasburg filloi procesi i n\u00ebnshkrimit t\u00eb Konvent\u00ebs 108 t\u00eb K\u00ebshillit t\u00eb Evrop\u00ebs p\u00ebr Mbrojtjen e Individ\u00ebve n\u00eb lidhje me p\u00ebrpunimin automatik t\u00eb t\u00eb dh\u00ebnave personale. Kjo konvent\u00eb p\u00ebrfaq\u00ebson dokumentin e par\u00eb ligj\u00ebrisht t\u00eb detyruesh\u00ebm nd\u00ebrkomb\u00ebtar n\u00eb fush\u00ebn e mbrojtjes s\u00eb t\u00eb dh\u00ebnave personale dhe si e till\u00eb ka hedhur baza t\u00eb forta n\u00eb zhvillimin e k\u00ebsaj fushe n\u00eb Evrop\u00eb. Republika e Maqedonis\u00eb s\u00eb Veriut, si an\u00ebtare aktive e K\u00ebshillit t\u00eb Evrop\u00ebs, \u00ebsht\u00eb n\u00ebnshkruese e k\u00ebsaj konvente, e cila konfirmon p\u00ebrkushtimin ton\u00eb p\u00ebr mbrojtjen e t\u00eb dh\u00ebnave personale dhe t\u00eb privat\u00ebsis\u00eb.<\/p>\n<p>Sot, m\u00eb 28 janar 2025, n\u00eb Dit\u00ebn Evropiane p\u00ebr Mbrojtjen e t\u00eb Dh\u00ebnave Personale, edhe nj\u00eb her\u00eb p\u00ebrkujtojm\u00eb r\u00ebnd\u00ebsin\u00eb e mbrojtjes s\u00eb t\u00eb dh\u00ebnave tona personale n\u00eb epok\u00ebn digjitale. Dita Evropiane p\u00ebr Mbrojtjen e t\u00eb Dh\u00ebnave Personale u krijua me q\u00ebllim t\u00eb nd\u00ebrgjegj\u00ebsimit p\u00ebr r\u00ebnd\u00ebsin\u00eb e mbrojtjes s\u00eb t\u00eb dh\u00ebnave personale, si dhe p\u00ebr t\u00eb theksuar r\u00ebnd\u00ebsin\u00eb e s\u00eb drejt\u00ebs s\u00eb privat\u00ebsis\u00eb p\u00ebr t\u00eb gjith\u00eb qytetar\u00ebt. Kjo dit\u00eb na sh\u00ebrben gjithashtu edhe si kujtes\u00eb p\u00ebr p\u00ebrgjegj\u00ebsin\u00eb q\u00eb mbajm\u00eb si institucione dhe si individ\u00eb n\u00eb sigurimin e k\u00ebtyre t\u00eb drejtave themelore.<\/p>\n<p>P\u00ebr nder t\u00eb Dit\u00ebs Evropiane t\u00eb Mbrojtjes s\u00eb t\u00eb Dh\u00ebnave Personale, ju prezantojm\u00eb disa video informuese q\u00eb do t\u2019ju ndihmojn\u00eb t\u00eb mbroni t\u00eb dh\u00ebnat tuaja personale dhe t\u00eb kuptoni t\u00eb drejtat q\u00eb keni si qytetar. Shikoni videot tona p\u00ebr t\u00eb m\u00ebsuar se si t\u00eb mbroheni nga k\u00ebrc\u00ebnimet n\u00eb internet, si t\u00eb menaxhoni t\u00eb dh\u00ebnat tuaja dhe \u00e7far\u00eb t\u00eb b\u00ebni n\u00eb rast t\u00eb cenimit t\u00eb mbrojtjes s\u00eb t\u00eb dh\u00ebnave personale.<\/p>\n<p><a href=\"https:\/\/youtu.be\/1krn_FS_CK4?si=OX76wGGVBArYImd5\">Video edukative 1<\/a><\/p>\n<p><a href=\"https:\/\/youtu.be\/OfKglTOkj4M?si=G7Rk0J05mbp_3EwU\">Video edukative 2<\/a><\/p>\n<p><a href=\"https:\/\/youtu.be\/LMEbrwsiVGc?si=fgvwDdv-dxgWlKUu\">Video edukative 3<\/a><\/p>\n","protected":false},"excerpt":{"rendered":"<p>Agjencia p\u00ebr Mbrojtjen e t\u00eb Dh\u00ebnave Personale, n\u00eb bashk\u00ebpunim me [&hellip;]<\/p>\n","protected":false},"author":6,"featured_media":0,"comment_status":"closed","ping_status":"closed","sticky":true,"template":"","format":"standard","meta":{"footnotes":""},"categories":[80,228],"tags":[],"yoast_head":"<!-- This site is optimized with the Yoast SEO plugin v19.9 - https:\/\/yoast.com\/wordpress\/plugins\/seo\/ -->\n<title>Sh\u00ebnim i 28 Janarit Dit\u00ebs Evropiane p\u00ebr Mbrojtjen e t\u00eb Dh\u00ebnave Personale - \u0410\u0433\u0435\u043d\u0446\u0438\u0458\u0430 \u0437\u0430 \u0437\u0430\u0448\u0442\u0438\u0442\u0430 \u043d\u0430 \u043b\u0438\u0447\u043d\u0438\u0442\u0435 \u043f\u043e\u0434\u0430\u0442\u043e\u0446\u0438<\/title>\n<meta name=\"robots\" content=\"index, follow, max-snippet:-1, max-image-preview:large, max-video-preview:-1\" \/>\n<link rel=\"canonical\" href=\"https:\/\/azlp.mk\/sq\/shenim-i-28-janarit-dites-evropiane-per-mbrojtjen-e-te-dhenave-personale\/\" \/>\n<meta property=\"og:locale\" content=\"sq_AL\" \/>\n<meta property=\"og:type\" content=\"article\" \/>\n<meta property=\"og:title\" content=\"Sh\u00ebnim i 28 Janarit Dit\u00ebs Evropiane p\u00ebr Mbrojtjen e t\u00eb Dh\u00ebnave Personale - \u0410\u0433\u0435\u043d\u0446\u0438\u0458\u0430 \u0437\u0430 \u0437\u0430\u0448\u0442\u0438\u0442\u0430 \u043d\u0430 \u043b\u0438\u0447\u043d\u0438\u0442\u0435 \u043f\u043e\u0434\u0430\u0442\u043e\u0446\u0438\" \/>\n<meta property=\"og:description\" content=\"Agjencia p\u00ebr Mbrojtjen e t\u00eb Dh\u00ebnave Personale, n\u00eb bashk\u00ebpunim me [&hellip;]\" \/>\n<meta property=\"og:url\" content=\"https:\/\/azlp.mk\/sq\/shenim-i-28-janarit-dites-evropiane-per-mbrojtjen-e-te-dhenave-personale\/\" \/>\n<meta property=\"og:site_name\" content=\"\u0410\u0433\u0435\u043d\u0446\u0438\u0458\u0430 \u0437\u0430 \u0437\u0430\u0448\u0442\u0438\u0442\u0430 \u043d\u0430 \u043b\u0438\u0447\u043d\u0438\u0442\u0435 \u043f\u043e\u0434\u0430\u0442\u043e\u0446\u0438\" \/>\n<meta property=\"article:published_time\" content=\"2025-01-28T16:37:19+00:00\" \/>\n<meta property=\"article:modified_time\" content=\"2025-02-12T09:21:41+00:00\" \/>\n<meta name=\"author\" content=\"\u0421\u043b\u043e\u0431\u043e\u0434\u0430\u043d\u043a\u0430 \u0421\u043b\u0430\u0432\u043a\u043e\u0432\u0441\u043a\u0430\" \/>\n<meta name=\"twitter:card\" content=\"summary_large_image\" \/>\n<meta name=\"twitter:label1\" content=\"Written by\" \/>\n\t<meta name=\"twitter:data1\" content=\"\u0421\u043b\u043e\u0431\u043e\u0434\u0430\u043d\u043a\u0430 \u0421\u043b\u0430\u0432\u043a\u043e\u0432\u0441\u043a\u0430\" \/>\n\t<meta name=\"twitter:label2\" content=\"Est. reading time\" \/>\n\t<meta name=\"twitter:data2\" content=\"2 minutes\" \/>\n<script type=\"application\/ld+json\" class=\"yoast-schema-graph\">{\"@context\":\"https:\/\/schema.org\",\"@graph\":[{\"@type\":\"WebPage\",\"@id\":\"https:\/\/azlp.mk\/sq\/shenim-i-28-janarit-dites-evropiane-per-mbrojtjen-e-te-dhenave-personale\/\",\"url\":\"https:\/\/azlp.mk\/sq\/shenim-i-28-janarit-dites-evropiane-per-mbrojtjen-e-te-dhenave-personale\/\",\"name\":\"Sh\u00ebnim i 28 Janarit Dit\u00ebs Evropiane p\u00ebr Mbrojtjen e t\u00eb Dh\u00ebnave Personale - \u0410\u0433\u0435\u043d\u0446\u0438\u0458\u0430 \u0437\u0430 \u0437\u0430\u0448\u0442\u0438\u0442\u0430 \u043d\u0430 \u043b\u0438\u0447\u043d\u0438\u0442\u0435 \u043f\u043e\u0434\u0430\u0442\u043e\u0446\u0438\",\"isPartOf\":{\"@id\":\"https:\/\/azlp.mk\/#website\"},\"datePublished\":\"2025-01-28T16:37:19+00:00\",\"dateModified\":\"2025-02-12T09:21:41+00:00\",\"author\":{\"@id\":\"https:\/\/azlp.mk\/#\/schema\/person\/ce9320961c1b4baefce70d27ca3dbffe\"},\"breadcrumb\":{\"@id\":\"https:\/\/azlp.mk\/sq\/shenim-i-28-janarit-dites-evropiane-per-mbrojtjen-e-te-dhenave-personale\/#breadcrumb\"},\"inLanguage\":\"sq-AL\",\"potentialAction\":[{\"@type\":\"ReadAction\",\"target\":[\"https:\/\/azlp.mk\/sq\/shenim-i-28-janarit-dites-evropiane-per-mbrojtjen-e-te-dhenave-personale\/\"]}]},{\"@type\":\"BreadcrumbList\",\"@id\":\"https:\/\/azlp.mk\/sq\/shenim-i-28-janarit-dites-evropiane-per-mbrojtjen-e-te-dhenave-personale\/#breadcrumb\",\"itemListElement\":[{\"@type\":\"ListItem\",\"position\":1,\"name\":\"Ballina\",\"item\":\"https:\/\/azlp.mk\/sq\/\"},{\"@type\":\"ListItem\",\"position\":2,\"name\":\"Sh\u00ebnim i 28 Janarit Dit\u00ebs Evropiane p\u00ebr Mbrojtjen e t\u00eb Dh\u00ebnave Personale\"}]},{\"@type\":\"WebSite\",\"@id\":\"https:\/\/azlp.mk\/#website\",\"url\":\"https:\/\/azlp.mk\/\",\"name\":\"\u0410\u0433\u0435\u043d\u0446\u0438\u0458\u0430 \u0437\u0430 \u0437\u0430\u0448\u0442\u0438\u0442\u0430 \u043d\u0430 \u043b\u0438\u0447\u043d\u0438\u0442\u0435 \u043f\u043e\u0434\u0430\u0442\u043e\u0446\u0438\",\"description\":\"\",\"potentialAction\":[{\"@type\":\"SearchAction\",\"target\":{\"@type\":\"EntryPoint\",\"urlTemplate\":\"https:\/\/azlp.mk\/?s={search_term_string}\"},\"query-input\":\"required name=search_term_string\"}],\"inLanguage\":\"sq-AL\"},{\"@type\":\"Person\",\"@id\":\"https:\/\/azlp.mk\/#\/schema\/person\/ce9320961c1b4baefce70d27ca3dbffe\",\"name\":\"\u0421\u043b\u043e\u0431\u043e\u0434\u0430\u043d\u043a\u0430 \u0421\u043b\u0430\u0432\u043a\u043e\u0432\u0441\u043a\u0430\",\"image\":{\"@type\":\"ImageObject\",\"inLanguage\":\"sq-AL\",\"@id\":\"https:\/\/azlp.mk\/#\/schema\/person\/image\/\",\"url\":\"https:\/\/secure.gravatar.com\/avatar\/2ec57d2f4a0c24feecf5a7d8219d2c34?s=96&d=mm&r=g\",\"contentUrl\":\"https:\/\/secure.gravatar.com\/avatar\/2ec57d2f4a0c24feecf5a7d8219d2c34?s=96&d=mm&r=g\",\"caption\":\"\u0421\u043b\u043e\u0431\u043e\u0434\u0430\u043d\u043a\u0430 \u0421\u043b\u0430\u0432\u043a\u043e\u0432\u0441\u043a\u0430\"},\"sameAs\":[\"https:\/\/www.azlp.mk\"],\"url\":\"https:\/\/azlp.mk\/sq\/author\/slobodanka_sdkhjdashjkr47\/\"}]}<\/script>\n<!-- \/ Yoast SEO plugin. -->","yoast_head_json":{"title":"Sh\u00ebnim i 28 Janarit Dit\u00ebs Evropiane p\u00ebr Mbrojtjen e t\u00eb Dh\u00ebnave Personale - \u0410\u0433\u0435\u043d\u0446\u0438\u0458\u0430 \u0437\u0430 \u0437\u0430\u0448\u0442\u0438\u0442\u0430 \u043d\u0430 \u043b\u0438\u0447\u043d\u0438\u0442\u0435 \u043f\u043e\u0434\u0430\u0442\u043e\u0446\u0438","robots":{"index":"index","follow":"follow","max-snippet":"max-snippet:-1","max-image-preview":"max-image-preview:large","max-video-preview":"max-video-preview:-1"},"canonical":"https:\/\/azlp.mk\/sq\/shenim-i-28-janarit-dites-evropiane-per-mbrojtjen-e-te-dhenave-personale\/","og_locale":"sq_AL","og_type":"article","og_title":"Sh\u00ebnim i 28 Janarit Dit\u00ebs Evropiane p\u00ebr Mbrojtjen e t\u00eb Dh\u00ebnave Personale - \u0410\u0433\u0435\u043d\u0446\u0438\u0458\u0430 \u0437\u0430 \u0437\u0430\u0448\u0442\u0438\u0442\u0430 \u043d\u0430 \u043b\u0438\u0447\u043d\u0438\u0442\u0435 \u043f\u043e\u0434\u0430\u0442\u043e\u0446\u0438","og_description":"Agjencia p\u00ebr Mbrojtjen e t\u00eb Dh\u00ebnave Personale, n\u00eb bashk\u00ebpunim me [&hellip;]","og_url":"https:\/\/azlp.mk\/sq\/shenim-i-28-janarit-dites-evropiane-per-mbrojtjen-e-te-dhenave-personale\/","og_site_name":"\u0410\u0433\u0435\u043d\u0446\u0438\u0458\u0430 \u0437\u0430 \u0437\u0430\u0448\u0442\u0438\u0442\u0430 \u043d\u0430 \u043b\u0438\u0447\u043d\u0438\u0442\u0435 \u043f\u043e\u0434\u0430\u0442\u043e\u0446\u0438","article_published_time":"2025-01-28T16:37:19+00:00","article_modified_time":"2025-02-12T09:21:41+00:00","author":"\u0421\u043b\u043e\u0431\u043e\u0434\u0430\u043d\u043a\u0430 \u0421\u043b\u0430\u0432\u043a\u043e\u0432\u0441\u043a\u0430","twitter_card":"summary_large_image","twitter_misc":{"Written by":"\u0421\u043b\u043e\u0431\u043e\u0434\u0430\u043d\u043a\u0430 \u0421\u043b\u0430\u0432\u043a\u043e\u0432\u0441\u043a\u0430","Est. reading time":"2 minutes"},"schema":{"@context":"https:\/\/schema.org","@graph":[{"@type":"WebPage","@id":"https:\/\/azlp.mk\/sq\/shenim-i-28-janarit-dites-evropiane-per-mbrojtjen-e-te-dhenave-personale\/","url":"https:\/\/azlp.mk\/sq\/shenim-i-28-janarit-dites-evropiane-per-mbrojtjen-e-te-dhenave-personale\/","name":"Sh\u00ebnim i 28 Janarit Dit\u00ebs Evropiane p\u00ebr Mbrojtjen e t\u00eb Dh\u00ebnave Personale - \u0410\u0433\u0435\u043d\u0446\u0438\u0458\u0430 \u0437\u0430 \u0437\u0430\u0448\u0442\u0438\u0442\u0430 \u043d\u0430 \u043b\u0438\u0447\u043d\u0438\u0442\u0435 \u043f\u043e\u0434\u0430\u0442\u043e\u0446\u0438","isPartOf":{"@id":"https:\/\/azlp.mk\/#website"},"datePublished":"2025-01-28T16:37:19+00:00","dateModified":"2025-02-12T09:21:41+00:00","author":{"@id":"https:\/\/azlp.mk\/#\/schema\/person\/ce9320961c1b4baefce70d27ca3dbffe"},"breadcrumb":{"@id":"https:\/\/azlp.mk\/sq\/shenim-i-28-janarit-dites-evropiane-per-mbrojtjen-e-te-dhenave-personale\/#breadcrumb"},"inLanguage":"sq-AL","potentialAction":[{"@type":"ReadAction","target":["https:\/\/azlp.mk\/sq\/shenim-i-28-janarit-dites-evropiane-per-mbrojtjen-e-te-dhenave-personale\/"]}]},{"@type":"BreadcrumbList","@id":"https:\/\/azlp.mk\/sq\/shenim-i-28-janarit-dites-evropiane-per-mbrojtjen-e-te-dhenave-personale\/#breadcrumb","itemListElement":[{"@type":"ListItem","position":1,"name":"Ballina","item":"https:\/\/azlp.mk\/sq\/"},{"@type":"ListItem","position":2,"name":"Sh\u00ebnim i 28 Janarit Dit\u00ebs Evropiane p\u00ebr Mbrojtjen e t\u00eb Dh\u00ebnave Personale"}]},{"@type":"WebSite","@id":"https:\/\/azlp.mk\/#website","url":"https:\/\/azlp.mk\/","name":"\u0410\u0433\u0435\u043d\u0446\u0438\u0458\u0430 \u0437\u0430 \u0437\u0430\u0448\u0442\u0438\u0442\u0430 \u043d\u0430 \u043b\u0438\u0447\u043d\u0438\u0442\u0435 \u043f\u043e\u0434\u0430\u0442\u043e\u0446\u0438","description":"","potentialAction":[{"@type":"SearchAction","target":{"@type":"EntryPoint","urlTemplate":"https:\/\/azlp.mk\/?s={search_term_string}"},"query-input":"required name=search_term_string"}],"inLanguage":"sq-AL"},{"@type":"Person","@id":"https:\/\/azlp.mk\/#\/schema\/person\/ce9320961c1b4baefce70d27ca3dbffe","name":"\u0421\u043b\u043e\u0431\u043e\u0434\u0430\u043d\u043a\u0430 \u0421\u043b\u0430\u0432\u043a\u043e\u0432\u0441\u043a\u0430","image":{"@type":"ImageObject","inLanguage":"sq-AL","@id":"https:\/\/azlp.mk\/#\/schema\/person\/image\/","url":"https:\/\/secure.gravatar.com\/avatar\/2ec57d2f4a0c24feecf5a7d8219d2c34?s=96&d=mm&r=g","contentUrl":"https:\/\/secure.gravatar.com\/avatar\/2ec57d2f4a0c24feecf5a7d8219d2c34?s=96&d=mm&r=g","caption":"\u0421\u043b\u043e\u0431\u043e\u0434\u0430\u043d\u043a\u0430 \u0421\u043b\u0430\u0432\u043a\u043e\u0432\u0441\u043a\u0430"},"sameAs":["https:\/\/www.azlp.mk"],"url":"https:\/\/azlp.mk\/sq\/author\/slobodanka_sdkhjdashjkr47\/"}]}},"_links":{"self":[{"href":"https:\/\/azlp.mk\/sq\/wp-json\/wp\/v2\/posts\/16263"}],"collection":[{"href":"https:\/\/azlp.mk\/sq\/wp-json\/wp\/v2\/posts"}],"about":[{"href":"https:\/\/azlp.mk\/sq\/wp-json\/wp\/v2\/types\/post"}],"author":[{"embeddable":true,"href":"https:\/\/azlp.mk\/sq\/wp-json\/wp\/v2\/users\/6"}],"replies":[{"embeddable":true,"href":"https:\/\/azlp.mk\/sq\/wp-json\/wp\/v2\/comments?post=16263"}],"version-history":[{"count":6,"href":"https:\/\/azlp.mk\/sq\/wp-json\/wp\/v2\/posts\/16263\/revisions"}],"predecessor-version":[{"id":16270,"href":"https:\/\/azlp.mk\/sq\/wp-json\/wp\/v2\/posts\/16263\/revisions\/16270"}],"wp:attachment":[{"href":"https:\/\/azlp.mk\/sq\/wp-json\/wp\/v2\/media?parent=16263"}],"wp:term":[{"taxonomy":"category","embeddable":true,"href":"https:\/\/azlp.mk\/sq\/wp-json\/wp\/v2\/categories?post=16263"},{"taxonomy":"post_tag","embeddable":true,"href":"https:\/\/azlp.mk\/sq\/wp-json\/wp\/v2\/tags?post=16263"}],"curies":[{"name":"wp","href":"https:\/\/api.w.org\/{rel}","templated":true}]}}