{"id":15953,"date":"2024-08-22T15:04:11","date_gmt":"2024-08-22T13:04:11","guid":{"rendered":"https:\/\/azlp.mk\/takim-pune-i-realizuar-ndermjet-perfaqesuesve-te-agjencise-per-mbrojtjen-e-te-dhenave-personale-te-republikes-se-maqedonise-se-veriut-dhe-perfaqesuesve-te-agjencise-per-informim-dhe-privatesi-te-repub\/"},"modified":"2024-09-05T01:10:38","modified_gmt":"2024-09-04T23:10:38","slug":"takim-pune-i-realizuar-ndermjet-perfaqesuesve-te-agjencise-per-mbrojtjen-e-te-dhenave-personale-te-republikes-se-maqedonise-se-veriut-dhe-perfaqesuesve-te-agjencise-per-informim-dhe-privatesi-te-repub","status":"publish","type":"post","link":"https:\/\/azlp.mk\/sq\/takim-pune-i-realizuar-ndermjet-perfaqesuesve-te-agjencise-per-mbrojtjen-e-te-dhenave-personale-te-republikes-se-maqedonise-se-veriut-dhe-perfaqesuesve-te-agjencise-per-informim-dhe-privatesi-te-repub\/","title":{"rendered":"Takim pune i realizuar nd\u00ebrmjet p\u00ebrfaq\u00ebsuesve t\u00eb Agjencis\u00eb p\u00ebr Mbrojtjen e t\u00eb Dh\u00ebnave Personale t\u00eb Republik\u00ebs s\u00eb Maqedonis\u00eb s\u00eb Veriut dhe p\u00ebrfaq\u00ebsuesve t\u00eb Agjencis\u00eb p\u00ebr Informim dhe Privat\u00ebsi t\u00eb Republik\u00ebs s\u00eb Kosov\u00ebs"},"content":{"rendered":"<p>M\u00eb 21 gusht 2024, filloi implementimi i Memorandumit t\u00eb Bashk\u00ebpunimit t\u00eb n\u00ebnshkruar n\u00eb qershor t\u00eb vitit 2024 n\u00eb Shkup nd\u00ebrmjet Drejtorit t\u00eb Agjencis\u00eb p\u00ebr Mbrojtjen e t\u00eb dh\u00ebnave Personale Imer Aliu dhe Komisioneres s\u00eb Agjencis\u00eb p\u00ebr Informim dhe Privat\u00ebsi Krenare Sogojeva Dermaku. Q\u00ebllimi i k\u00ebtij Memoranumi ishte shk\u00ebmbimi i p\u00ebrvojave n\u00eb fush\u00ebn e mbrojtjes s\u00eb t\u00eb dh\u00ebnave personale mes dy vendeve.<br \/>Tem\u00eb e takimit t\u00eb pun\u00ebs ishte shk\u00ebmbimi i p\u00ebrvojave t\u00eb p\u00ebrbashk\u00ebta n\u00eb lidhje me zbatimin e supervizioneve n\u00eb operator\u00ebt e telekomunikacionit dhe sektorin e sh\u00ebndet\u00ebsis\u00eb, pyet\u00ebsor\u00ebt e p\u00ebrdorur gjat\u00eb supervizioneve, sfidat gjat\u00eb supervizioneve, gjetjet pas p\u00ebrfundimit t\u00eb supervizioneve si dhe \u00e7\u00ebshtje t\u00eb tjera q\u00eb lidhen me proceset supervizioneve. <br \/>Ky shk\u00ebmbim p\u00ebrvojash i p\u00ebrfaq\u00ebsuesve t\u00eb dy Agjencive do t\u00eb ndihmoj\u00eb m\u00eb tej n\u00eb zbatimin e k\u00ebtyre llojeve t\u00eb supervizioneve n\u00eb t\u00eb dy vendet.   <\/p>\n","protected":false},"excerpt":{"rendered":"<p>M\u00eb 21 gusht 2024, filloi implementimi i Memorandumit t\u00eb Bashk\u00ebpunimit [&hellip;]<\/p>\n","protected":false},"author":6,"featured_media":15950,"comment_status":"closed","ping_status":"open","sticky":false,"template":"","format":"standard","meta":{"footnotes":""},"categories":[228,80],"tags":[],"yoast_head":"<!-- This site is optimized with the Yoast SEO plugin v19.9 - https:\/\/yoast.com\/wordpress\/plugins\/seo\/ -->\n<title>Takim pune i realizuar nd\u00ebrmjet p\u00ebrfaq\u00ebsuesve t\u00eb Agjencis\u00eb p\u00ebr Mbrojtjen e t\u00eb Dh\u00ebnave Personale t\u00eb Republik\u00ebs s\u00eb Maqedonis\u00eb s\u00eb Veriut dhe p\u00ebrfaq\u00ebsuesve t\u00eb Agjencis\u00eb p\u00ebr Informim dhe Privat\u00ebsi t\u00eb Republik\u00ebs s\u00eb Kosov\u00ebs - \u0410\u0433\u0435\u043d\u0446\u0438\u0458\u0430 \u0437\u0430 \u0437\u0430\u0448\u0442\u0438\u0442\u0430 \u043d\u0430 \u043b\u0438\u0447\u043d\u0438\u0442\u0435 \u043f\u043e\u0434\u0430\u0442\u043e\u0446\u0438<\/title>\n<meta name=\"robots\" content=\"index, follow, max-snippet:-1, max-image-preview:large, max-video-preview:-1\" \/>\n<link rel=\"canonical\" href=\"https:\/\/azlp.mk\/sq\/takim-pune-i-realizuar-ndermjet-perfaqesuesve-te-agjencise-per-mbrojtjen-e-te-dhenave-personale-te-republikes-se-maqedonise-se-veriut-dhe-perfaqesuesve-te-agjencise-per-informim-dhe-privatesi-te-repub\/\" \/>\n<meta property=\"og:locale\" content=\"sq_AL\" \/>\n<meta property=\"og:type\" content=\"article\" \/>\n<meta property=\"og:title\" content=\"Takim pune i realizuar nd\u00ebrmjet p\u00ebrfaq\u00ebsuesve t\u00eb Agjencis\u00eb p\u00ebr Mbrojtjen e t\u00eb Dh\u00ebnave Personale t\u00eb Republik\u00ebs s\u00eb Maqedonis\u00eb s\u00eb Veriut dhe p\u00ebrfaq\u00ebsuesve t\u00eb Agjencis\u00eb p\u00ebr Informim dhe Privat\u00ebsi t\u00eb Republik\u00ebs s\u00eb Kosov\u00ebs - \u0410\u0433\u0435\u043d\u0446\u0438\u0458\u0430 \u0437\u0430 \u0437\u0430\u0448\u0442\u0438\u0442\u0430 \u043d\u0430 \u043b\u0438\u0447\u043d\u0438\u0442\u0435 \u043f\u043e\u0434\u0430\u0442\u043e\u0446\u0438\" \/>\n<meta property=\"og:description\" content=\"M\u00eb 21 gusht 2024, filloi implementimi i Memorandumit t\u00eb Bashk\u00ebpunimit [&hellip;]\" \/>\n<meta property=\"og:url\" content=\"https:\/\/azlp.mk\/sq\/takim-pune-i-realizuar-ndermjet-perfaqesuesve-te-agjencise-per-mbrojtjen-e-te-dhenave-personale-te-republikes-se-maqedonise-se-veriut-dhe-perfaqesuesve-te-agjencise-per-informim-dhe-privatesi-te-repub\/\" \/>\n<meta property=\"og:site_name\" content=\"\u0410\u0433\u0435\u043d\u0446\u0438\u0458\u0430 \u0437\u0430 \u0437\u0430\u0448\u0442\u0438\u0442\u0430 \u043d\u0430 \u043b\u0438\u0447\u043d\u0438\u0442\u0435 \u043f\u043e\u0434\u0430\u0442\u043e\u0446\u0438\" \/>\n<meta property=\"article:published_time\" content=\"2024-08-22T13:04:11+00:00\" \/>\n<meta property=\"article:modified_time\" content=\"2024-09-04T23:10:38+00:00\" \/>\n<meta property=\"og:image\" content=\"https:\/\/azlp.mk\/wp-content\/uploads\/2024\/09\/4690ee8c-f88d-4502-99dc-1a6f170b438a.jpg\" \/>\n\t<meta property=\"og:image:width\" content=\"1697\" \/>\n\t<meta property=\"og:image:height\" content=\"1267\" \/>\n\t<meta property=\"og:image:type\" content=\"image\/jpeg\" \/>\n<meta name=\"author\" content=\"\u0421\u043b\u043e\u0431\u043e\u0434\u0430\u043d\u043a\u0430 \u0421\u043b\u0430\u0432\u043a\u043e\u0432\u0441\u043a\u0430\" \/>\n<meta name=\"twitter:card\" content=\"summary_large_image\" \/>\n<meta name=\"twitter:label1\" content=\"Written by\" \/>\n\t<meta name=\"twitter:data1\" content=\"\u0421\u043b\u043e\u0431\u043e\u0434\u0430\u043d\u043a\u0430 \u0421\u043b\u0430\u0432\u043a\u043e\u0432\u0441\u043a\u0430\" \/>\n\t<meta name=\"twitter:label2\" content=\"Est. reading time\" \/>\n\t<meta name=\"twitter:data2\" content=\"1 minute\" \/>\n<script type=\"application\/ld+json\" class=\"yoast-schema-graph\">{\"@context\":\"https:\/\/schema.org\",\"@graph\":[{\"@type\":\"WebPage\",\"@id\":\"https:\/\/azlp.mk\/sq\/takim-pune-i-realizuar-ndermjet-perfaqesuesve-te-agjencise-per-mbrojtjen-e-te-dhenave-personale-te-republikes-se-maqedonise-se-veriut-dhe-perfaqesuesve-te-agjencise-per-informim-dhe-privatesi-te-repub\/\",\"url\":\"https:\/\/azlp.mk\/sq\/takim-pune-i-realizuar-ndermjet-perfaqesuesve-te-agjencise-per-mbrojtjen-e-te-dhenave-personale-te-republikes-se-maqedonise-se-veriut-dhe-perfaqesuesve-te-agjencise-per-informim-dhe-privatesi-te-repub\/\",\"name\":\"Takim pune i realizuar nd\u00ebrmjet p\u00ebrfaq\u00ebsuesve t\u00eb Agjencis\u00eb p\u00ebr Mbrojtjen e t\u00eb Dh\u00ebnave Personale t\u00eb Republik\u00ebs s\u00eb Maqedonis\u00eb s\u00eb Veriut dhe p\u00ebrfaq\u00ebsuesve t\u00eb Agjencis\u00eb p\u00ebr Informim dhe Privat\u00ebsi t\u00eb Republik\u00ebs s\u00eb Kosov\u00ebs - \u0410\u0433\u0435\u043d\u0446\u0438\u0458\u0430 \u0437\u0430 \u0437\u0430\u0448\u0442\u0438\u0442\u0430 \u043d\u0430 \u043b\u0438\u0447\u043d\u0438\u0442\u0435 \u043f\u043e\u0434\u0430\u0442\u043e\u0446\u0438\",\"isPartOf\":{\"@id\":\"https:\/\/azlp.mk\/#website\"},\"datePublished\":\"2024-08-22T13:04:11+00:00\",\"dateModified\":\"2024-09-04T23:10:38+00:00\",\"author\":{\"@id\":\"https:\/\/azlp.mk\/#\/schema\/person\/ce9320961c1b4baefce70d27ca3dbffe\"},\"breadcrumb\":{\"@id\":\"https:\/\/azlp.mk\/sq\/takim-pune-i-realizuar-ndermjet-perfaqesuesve-te-agjencise-per-mbrojtjen-e-te-dhenave-personale-te-republikes-se-maqedonise-se-veriut-dhe-perfaqesuesve-te-agjencise-per-informim-dhe-privatesi-te-repub\/#breadcrumb\"},\"inLanguage\":\"sq-AL\",\"potentialAction\":[{\"@type\":\"ReadAction\",\"target\":[\"https:\/\/azlp.mk\/sq\/takim-pune-i-realizuar-ndermjet-perfaqesuesve-te-agjencise-per-mbrojtjen-e-te-dhenave-personale-te-republikes-se-maqedonise-se-veriut-dhe-perfaqesuesve-te-agjencise-per-informim-dhe-privatesi-te-repub\/\"]}]},{\"@type\":\"BreadcrumbList\",\"@id\":\"https:\/\/azlp.mk\/sq\/takim-pune-i-realizuar-ndermjet-perfaqesuesve-te-agjencise-per-mbrojtjen-e-te-dhenave-personale-te-republikes-se-maqedonise-se-veriut-dhe-perfaqesuesve-te-agjencise-per-informim-dhe-privatesi-te-repub\/#breadcrumb\",\"itemListElement\":[{\"@type\":\"ListItem\",\"position\":1,\"name\":\"Ballina\",\"item\":\"https:\/\/azlp.mk\/sq\/\"},{\"@type\":\"ListItem\",\"position\":2,\"name\":\"Takim pune i realizuar nd\u00ebrmjet p\u00ebrfaq\u00ebsuesve t\u00eb Agjencis\u00eb p\u00ebr Mbrojtjen e t\u00eb Dh\u00ebnave Personale t\u00eb Republik\u00ebs s\u00eb Maqedonis\u00eb s\u00eb Veriut dhe p\u00ebrfaq\u00ebsuesve t\u00eb Agjencis\u00eb p\u00ebr Informim dhe Privat\u00ebsi t\u00eb Republik\u00ebs s\u00eb Kosov\u00ebs\"}]},{\"@type\":\"WebSite\",\"@id\":\"https:\/\/azlp.mk\/#website\",\"url\":\"https:\/\/azlp.mk\/\",\"name\":\"\u0410\u0433\u0435\u043d\u0446\u0438\u0458\u0430 \u0437\u0430 \u0437\u0430\u0448\u0442\u0438\u0442\u0430 \u043d\u0430 \u043b\u0438\u0447\u043d\u0438\u0442\u0435 \u043f\u043e\u0434\u0430\u0442\u043e\u0446\u0438\",\"description\":\"\",\"potentialAction\":[{\"@type\":\"SearchAction\",\"target\":{\"@type\":\"EntryPoint\",\"urlTemplate\":\"https:\/\/azlp.mk\/?s={search_term_string}\"},\"query-input\":\"required name=search_term_string\"}],\"inLanguage\":\"sq-AL\"},{\"@type\":\"Person\",\"@id\":\"https:\/\/azlp.mk\/#\/schema\/person\/ce9320961c1b4baefce70d27ca3dbffe\",\"name\":\"\u0421\u043b\u043e\u0431\u043e\u0434\u0430\u043d\u043a\u0430 \u0421\u043b\u0430\u0432\u043a\u043e\u0432\u0441\u043a\u0430\",\"image\":{\"@type\":\"ImageObject\",\"inLanguage\":\"sq-AL\",\"@id\":\"https:\/\/azlp.mk\/#\/schema\/person\/image\/\",\"url\":\"https:\/\/secure.gravatar.com\/avatar\/2ec57d2f4a0c24feecf5a7d8219d2c34?s=96&d=mm&r=g\",\"contentUrl\":\"https:\/\/secure.gravatar.com\/avatar\/2ec57d2f4a0c24feecf5a7d8219d2c34?s=96&d=mm&r=g\",\"caption\":\"\u0421\u043b\u043e\u0431\u043e\u0434\u0430\u043d\u043a\u0430 \u0421\u043b\u0430\u0432\u043a\u043e\u0432\u0441\u043a\u0430\"},\"sameAs\":[\"https:\/\/www.azlp.mk\"],\"url\":\"https:\/\/azlp.mk\/sq\/author\/slobodanka_sdkhjdashjkr47\/\"}]}<\/script>\n<!-- \/ Yoast SEO plugin. -->","yoast_head_json":{"title":"Takim pune i realizuar nd\u00ebrmjet p\u00ebrfaq\u00ebsuesve t\u00eb Agjencis\u00eb p\u00ebr Mbrojtjen e t\u00eb Dh\u00ebnave Personale t\u00eb Republik\u00ebs s\u00eb Maqedonis\u00eb s\u00eb Veriut dhe p\u00ebrfaq\u00ebsuesve t\u00eb Agjencis\u00eb p\u00ebr Informim dhe Privat\u00ebsi t\u00eb Republik\u00ebs s\u00eb Kosov\u00ebs - \u0410\u0433\u0435\u043d\u0446\u0438\u0458\u0430 \u0437\u0430 \u0437\u0430\u0448\u0442\u0438\u0442\u0430 \u043d\u0430 \u043b\u0438\u0447\u043d\u0438\u0442\u0435 \u043f\u043e\u0434\u0430\u0442\u043e\u0446\u0438","robots":{"index":"index","follow":"follow","max-snippet":"max-snippet:-1","max-image-preview":"max-image-preview:large","max-video-preview":"max-video-preview:-1"},"canonical":"https:\/\/azlp.mk\/sq\/takim-pune-i-realizuar-ndermjet-perfaqesuesve-te-agjencise-per-mbrojtjen-e-te-dhenave-personale-te-republikes-se-maqedonise-se-veriut-dhe-perfaqesuesve-te-agjencise-per-informim-dhe-privatesi-te-repub\/","og_locale":"sq_AL","og_type":"article","og_title":"Takim pune i realizuar nd\u00ebrmjet p\u00ebrfaq\u00ebsuesve t\u00eb Agjencis\u00eb p\u00ebr Mbrojtjen e t\u00eb Dh\u00ebnave Personale t\u00eb Republik\u00ebs s\u00eb Maqedonis\u00eb s\u00eb Veriut dhe p\u00ebrfaq\u00ebsuesve t\u00eb Agjencis\u00eb p\u00ebr Informim dhe Privat\u00ebsi t\u00eb Republik\u00ebs s\u00eb Kosov\u00ebs - \u0410\u0433\u0435\u043d\u0446\u0438\u0458\u0430 \u0437\u0430 \u0437\u0430\u0448\u0442\u0438\u0442\u0430 \u043d\u0430 \u043b\u0438\u0447\u043d\u0438\u0442\u0435 \u043f\u043e\u0434\u0430\u0442\u043e\u0446\u0438","og_description":"M\u00eb 21 gusht 2024, filloi implementimi i Memorandumit t\u00eb Bashk\u00ebpunimit [&hellip;]","og_url":"https:\/\/azlp.mk\/sq\/takim-pune-i-realizuar-ndermjet-perfaqesuesve-te-agjencise-per-mbrojtjen-e-te-dhenave-personale-te-republikes-se-maqedonise-se-veriut-dhe-perfaqesuesve-te-agjencise-per-informim-dhe-privatesi-te-repub\/","og_site_name":"\u0410\u0433\u0435\u043d\u0446\u0438\u0458\u0430 \u0437\u0430 \u0437\u0430\u0448\u0442\u0438\u0442\u0430 \u043d\u0430 \u043b\u0438\u0447\u043d\u0438\u0442\u0435 \u043f\u043e\u0434\u0430\u0442\u043e\u0446\u0438","article_published_time":"2024-08-22T13:04:11+00:00","article_modified_time":"2024-09-04T23:10:38+00:00","og_image":[{"width":1697,"height":1267,"url":"https:\/\/azlp.mk\/wp-content\/uploads\/2024\/09\/4690ee8c-f88d-4502-99dc-1a6f170b438a.jpg","type":"image\/jpeg"}],"author":"\u0421\u043b\u043e\u0431\u043e\u0434\u0430\u043d\u043a\u0430 \u0421\u043b\u0430\u0432\u043a\u043e\u0432\u0441\u043a\u0430","twitter_card":"summary_large_image","twitter_misc":{"Written by":"\u0421\u043b\u043e\u0431\u043e\u0434\u0430\u043d\u043a\u0430 \u0421\u043b\u0430\u0432\u043a\u043e\u0432\u0441\u043a\u0430","Est. reading time":"1 minute"},"schema":{"@context":"https:\/\/schema.org","@graph":[{"@type":"WebPage","@id":"https:\/\/azlp.mk\/sq\/takim-pune-i-realizuar-ndermjet-perfaqesuesve-te-agjencise-per-mbrojtjen-e-te-dhenave-personale-te-republikes-se-maqedonise-se-veriut-dhe-perfaqesuesve-te-agjencise-per-informim-dhe-privatesi-te-repub\/","url":"https:\/\/azlp.mk\/sq\/takim-pune-i-realizuar-ndermjet-perfaqesuesve-te-agjencise-per-mbrojtjen-e-te-dhenave-personale-te-republikes-se-maqedonise-se-veriut-dhe-perfaqesuesve-te-agjencise-per-informim-dhe-privatesi-te-repub\/","name":"Takim pune i realizuar nd\u00ebrmjet p\u00ebrfaq\u00ebsuesve t\u00eb Agjencis\u00eb p\u00ebr Mbrojtjen e t\u00eb Dh\u00ebnave Personale t\u00eb Republik\u00ebs s\u00eb Maqedonis\u00eb s\u00eb Veriut dhe p\u00ebrfaq\u00ebsuesve t\u00eb Agjencis\u00eb p\u00ebr Informim dhe Privat\u00ebsi t\u00eb Republik\u00ebs s\u00eb Kosov\u00ebs - \u0410\u0433\u0435\u043d\u0446\u0438\u0458\u0430 \u0437\u0430 \u0437\u0430\u0448\u0442\u0438\u0442\u0430 \u043d\u0430 \u043b\u0438\u0447\u043d\u0438\u0442\u0435 \u043f\u043e\u0434\u0430\u0442\u043e\u0446\u0438","isPartOf":{"@id":"https:\/\/azlp.mk\/#website"},"datePublished":"2024-08-22T13:04:11+00:00","dateModified":"2024-09-04T23:10:38+00:00","author":{"@id":"https:\/\/azlp.mk\/#\/schema\/person\/ce9320961c1b4baefce70d27ca3dbffe"},"breadcrumb":{"@id":"https:\/\/azlp.mk\/sq\/takim-pune-i-realizuar-ndermjet-perfaqesuesve-te-agjencise-per-mbrojtjen-e-te-dhenave-personale-te-republikes-se-maqedonise-se-veriut-dhe-perfaqesuesve-te-agjencise-per-informim-dhe-privatesi-te-repub\/#breadcrumb"},"inLanguage":"sq-AL","potentialAction":[{"@type":"ReadAction","target":["https:\/\/azlp.mk\/sq\/takim-pune-i-realizuar-ndermjet-perfaqesuesve-te-agjencise-per-mbrojtjen-e-te-dhenave-personale-te-republikes-se-maqedonise-se-veriut-dhe-perfaqesuesve-te-agjencise-per-informim-dhe-privatesi-te-repub\/"]}]},{"@type":"BreadcrumbList","@id":"https:\/\/azlp.mk\/sq\/takim-pune-i-realizuar-ndermjet-perfaqesuesve-te-agjencise-per-mbrojtjen-e-te-dhenave-personale-te-republikes-se-maqedonise-se-veriut-dhe-perfaqesuesve-te-agjencise-per-informim-dhe-privatesi-te-repub\/#breadcrumb","itemListElement":[{"@type":"ListItem","position":1,"name":"Ballina","item":"https:\/\/azlp.mk\/sq\/"},{"@type":"ListItem","position":2,"name":"Takim pune i realizuar nd\u00ebrmjet p\u00ebrfaq\u00ebsuesve t\u00eb Agjencis\u00eb p\u00ebr Mbrojtjen e t\u00eb Dh\u00ebnave Personale t\u00eb Republik\u00ebs s\u00eb Maqedonis\u00eb s\u00eb Veriut dhe p\u00ebrfaq\u00ebsuesve t\u00eb Agjencis\u00eb p\u00ebr Informim dhe Privat\u00ebsi t\u00eb Republik\u00ebs s\u00eb Kosov\u00ebs"}]},{"@type":"WebSite","@id":"https:\/\/azlp.mk\/#website","url":"https:\/\/azlp.mk\/","name":"\u0410\u0433\u0435\u043d\u0446\u0438\u0458\u0430 \u0437\u0430 \u0437\u0430\u0448\u0442\u0438\u0442\u0430 \u043d\u0430 \u043b\u0438\u0447\u043d\u0438\u0442\u0435 \u043f\u043e\u0434\u0430\u0442\u043e\u0446\u0438","description":"","potentialAction":[{"@type":"SearchAction","target":{"@type":"EntryPoint","urlTemplate":"https:\/\/azlp.mk\/?s={search_term_string}"},"query-input":"required name=search_term_string"}],"inLanguage":"sq-AL"},{"@type":"Person","@id":"https:\/\/azlp.mk\/#\/schema\/person\/ce9320961c1b4baefce70d27ca3dbffe","name":"\u0421\u043b\u043e\u0431\u043e\u0434\u0430\u043d\u043a\u0430 \u0421\u043b\u0430\u0432\u043a\u043e\u0432\u0441\u043a\u0430","image":{"@type":"ImageObject","inLanguage":"sq-AL","@id":"https:\/\/azlp.mk\/#\/schema\/person\/image\/","url":"https:\/\/secure.gravatar.com\/avatar\/2ec57d2f4a0c24feecf5a7d8219d2c34?s=96&d=mm&r=g","contentUrl":"https:\/\/secure.gravatar.com\/avatar\/2ec57d2f4a0c24feecf5a7d8219d2c34?s=96&d=mm&r=g","caption":"\u0421\u043b\u043e\u0431\u043e\u0434\u0430\u043d\u043a\u0430 \u0421\u043b\u0430\u0432\u043a\u043e\u0432\u0441\u043a\u0430"},"sameAs":["https:\/\/www.azlp.mk"],"url":"https:\/\/azlp.mk\/sq\/author\/slobodanka_sdkhjdashjkr47\/"}]}},"_links":{"self":[{"href":"https:\/\/azlp.mk\/sq\/wp-json\/wp\/v2\/posts\/15953"}],"collection":[{"href":"https:\/\/azlp.mk\/sq\/wp-json\/wp\/v2\/posts"}],"about":[{"href":"https:\/\/azlp.mk\/sq\/wp-json\/wp\/v2\/types\/post"}],"author":[{"embeddable":true,"href":"https:\/\/azlp.mk\/sq\/wp-json\/wp\/v2\/users\/6"}],"replies":[{"embeddable":true,"href":"https:\/\/azlp.mk\/sq\/wp-json\/wp\/v2\/comments?post=15953"}],"version-history":[{"count":1,"href":"https:\/\/azlp.mk\/sq\/wp-json\/wp\/v2\/posts\/15953\/revisions"}],"predecessor-version":[{"id":15954,"href":"https:\/\/azlp.mk\/sq\/wp-json\/wp\/v2\/posts\/15953\/revisions\/15954"}],"wp:featuredmedia":[{"embeddable":true,"href":"https:\/\/azlp.mk\/sq\/wp-json\/wp\/v2\/media\/15950"}],"wp:attachment":[{"href":"https:\/\/azlp.mk\/sq\/wp-json\/wp\/v2\/media?parent=15953"}],"wp:term":[{"taxonomy":"category","embeddable":true,"href":"https:\/\/azlp.mk\/sq\/wp-json\/wp\/v2\/categories?post=15953"},{"taxonomy":"post_tag","embeddable":true,"href":"https:\/\/azlp.mk\/sq\/wp-json\/wp\/v2\/tags?post=15953"}],"curies":[{"name":"wp","href":"https:\/\/api.w.org\/{rel}","templated":true}]}}