{"id":15900,"date":"2024-06-06T16:30:36","date_gmt":"2024-06-06T14:30:36","guid":{"rendered":"https:\/\/azlp.mk\/takimi-i-gjashte-i-iniciatives-20i7\/"},"modified":"2024-06-06T16:47:11","modified_gmt":"2024-06-06T14:47:11","slug":"takimi-i-gjashte-i-iniciatives-20i7","status":"publish","type":"post","link":"https:\/\/azlp.mk\/sq\/takimi-i-gjashte-i-iniciatives-20i7\/","title":{"rendered":"Takimi i gjasht\u00eb i ,,Iniciativ\u00ebs 20i7&#8243;"},"content":{"rendered":"<p>Autoritetet mbik\u00ebqyr\u00ebse p\u00ebr mbrojtjen e t\u00eb dh\u00ebnave personale t\u00eb Maqedonis\u00eb s\u00eb Veriut, Bosnj\u00eb-Hercegovin\u00ebs, Kosov\u00ebs, Sllovenis\u00eb, Serbis\u00eb, Kroacis\u00eb dhe Malit t\u00eb Zi u takuan n\u00eb takimin e gjasht\u00eb t\u00eb ,,Iniciativ\u00ebs 20i7&#8243;, e cila k\u00ebt\u00eb vit u mbajt n\u00eb Zadar t\u00eb Republik\u00ebs s\u00eb Kroacis\u00eb m\u00eb 27 dhe 28 maj 2024.<\/p>\n<p>N\u00eb takim u diskutuan \u00e7\u00ebshtje aktuale n\u00eb fush\u00ebn e mbrojtjes s\u00eb t\u00eb dh\u00ebnave personale dhe u shk\u00ebmbyen p\u00ebrvoja dhe praktika nga t\u00eb gjitha vendet pjes\u00ebmarr\u00ebse.<\/p>\n<p>,,Iniciativa 20i7\u201d \u00ebsht\u00eb krijuar n\u00eb vitin 2017 me iniciativ\u00ebn e Komisionerit p\u00ebr Informacione t\u00eb Republik\u00ebs s\u00eb Sllovenis\u00eb, ku p\u00ebrfshihen autoritetet mbik\u00ebqyr\u00ebse p\u00ebr mbrojtjen e t\u00eb dh\u00ebnave personale nga ish-Jugosllavia. P\u00ebr m\u00eb shum\u00eb p\u00ebr ,,Iniciativ\u00ebn 20i7\u201d mund t\u00eb lexoni n\u00eb linkun e m\u00ebposht\u00ebm.<a href=\"https:\/\/azlp.mk\/wp-content\/uploads\/2024\/06\/Declaration_Intitiave_20i7.pdf\">linkun<\/a>.<\/p>\n<p><img decoding=\"async\" class=\"alignnone wp-image-15892\" src=\"https:\/\/azlp.mk\/wp-content\/uploads\/2024\/06\/IMG-20240531-WA0035-1024x473.jpg\" alt=\"\" width=\"336\" height=\"155\" srcset=\"https:\/\/azlp.mk\/wp-content\/uploads\/2024\/06\/IMG-20240531-WA0035-200x92.jpg 200w, https:\/\/azlp.mk\/wp-content\/uploads\/2024\/06\/IMG-20240531-WA0035-300x139.jpg 300w, https:\/\/azlp.mk\/wp-content\/uploads\/2024\/06\/IMG-20240531-WA0035-400x185.jpg 400w, https:\/\/azlp.mk\/wp-content\/uploads\/2024\/06\/IMG-20240531-WA0035-600x277.jpg 600w, https:\/\/azlp.mk\/wp-content\/uploads\/2024\/06\/IMG-20240531-WA0035-768x355.jpg 768w, https:\/\/azlp.mk\/wp-content\/uploads\/2024\/06\/IMG-20240531-WA0035-800x370.jpg 800w, https:\/\/azlp.mk\/wp-content\/uploads\/2024\/06\/IMG-20240531-WA0035-1024x473.jpg 1024w, https:\/\/azlp.mk\/wp-content\/uploads\/2024\/06\/IMG-20240531-WA0035-1200x554.jpg 1200w, https:\/\/azlp.mk\/wp-content\/uploads\/2024\/06\/IMG-20240531-WA0035-1536x710.jpg 1536w, https:\/\/azlp.mk\/wp-content\/uploads\/2024\/06\/IMG-20240531-WA0035.jpg 1920w\" sizes=\"(max-width: 336px) 100vw, 336px\" \/><\/p>\n","protected":false},"excerpt":{"rendered":"<p>Autoritetet mbik\u00ebqyr\u00ebse p\u00ebr mbrojtjen e t\u00eb dh\u00ebnave personale t\u00eb Maqedonis\u00eb [&hellip;]<\/p>\n","protected":false},"author":6,"featured_media":15890,"comment_status":"closed","ping_status":"open","sticky":false,"template":"","format":"standard","meta":{"footnotes":""},"categories":[80,228],"tags":[],"yoast_head":"<!-- This site is optimized with the Yoast SEO plugin v19.9 - https:\/\/yoast.com\/wordpress\/plugins\/seo\/ -->\n<title>Takimi i gjasht\u00eb i ,,Iniciativ\u00ebs 20i7&quot; - \u0410\u0433\u0435\u043d\u0446\u0438\u0458\u0430 \u0437\u0430 \u0437\u0430\u0448\u0442\u0438\u0442\u0430 \u043d\u0430 \u043b\u0438\u0447\u043d\u0438\u0442\u0435 \u043f\u043e\u0434\u0430\u0442\u043e\u0446\u0438<\/title>\n<meta name=\"robots\" content=\"index, follow, max-snippet:-1, max-image-preview:large, max-video-preview:-1\" \/>\n<link rel=\"canonical\" href=\"https:\/\/azlp.mk\/sq\/takimi-i-gjashte-i-iniciatives-20i7\/\" \/>\n<meta property=\"og:locale\" content=\"sq_AL\" \/>\n<meta property=\"og:type\" content=\"article\" \/>\n<meta property=\"og:title\" content=\"Takimi i gjasht\u00eb i ,,Iniciativ\u00ebs 20i7&quot; - \u0410\u0433\u0435\u043d\u0446\u0438\u0458\u0430 \u0437\u0430 \u0437\u0430\u0448\u0442\u0438\u0442\u0430 \u043d\u0430 \u043b\u0438\u0447\u043d\u0438\u0442\u0435 \u043f\u043e\u0434\u0430\u0442\u043e\u0446\u0438\" \/>\n<meta property=\"og:description\" content=\"Autoritetet mbik\u00ebqyr\u00ebse p\u00ebr mbrojtjen e t\u00eb dh\u00ebnave personale t\u00eb Maqedonis\u00eb [&hellip;]\" \/>\n<meta property=\"og:url\" content=\"https:\/\/azlp.mk\/sq\/takimi-i-gjashte-i-iniciatives-20i7\/\" \/>\n<meta property=\"og:site_name\" content=\"\u0410\u0433\u0435\u043d\u0446\u0438\u0458\u0430 \u0437\u0430 \u0437\u0430\u0448\u0442\u0438\u0442\u0430 \u043d\u0430 \u043b\u0438\u0447\u043d\u0438\u0442\u0435 \u043f\u043e\u0434\u0430\u0442\u043e\u0446\u0438\" \/>\n<meta property=\"article:published_time\" content=\"2024-06-06T14:30:36+00:00\" \/>\n<meta property=\"article:modified_time\" content=\"2024-06-06T14:47:11+00:00\" \/>\n<meta property=\"og:image\" content=\"https:\/\/azlp.mk\/wp-content\/uploads\/2024\/06\/IMG-20240531-WA0012.jpg\" \/>\n\t<meta property=\"og:image:width\" content=\"1600\" \/>\n\t<meta property=\"og:image:height\" content=\"739\" \/>\n\t<meta property=\"og:image:type\" content=\"image\/jpeg\" \/>\n<meta name=\"author\" content=\"\u0421\u043b\u043e\u0431\u043e\u0434\u0430\u043d\u043a\u0430 \u0421\u043b\u0430\u0432\u043a\u043e\u0432\u0441\u043a\u0430\" \/>\n<meta name=\"twitter:card\" content=\"summary_large_image\" \/>\n<meta name=\"twitter:label1\" content=\"Written by\" \/>\n\t<meta name=\"twitter:data1\" content=\"\u0421\u043b\u043e\u0431\u043e\u0434\u0430\u043d\u043a\u0430 \u0421\u043b\u0430\u0432\u043a\u043e\u0432\u0441\u043a\u0430\" \/>\n\t<meta name=\"twitter:label2\" content=\"Est. reading time\" \/>\n\t<meta name=\"twitter:data2\" content=\"1 minute\" \/>\n<script type=\"application\/ld+json\" class=\"yoast-schema-graph\">{\"@context\":\"https:\/\/schema.org\",\"@graph\":[{\"@type\":\"WebPage\",\"@id\":\"https:\/\/azlp.mk\/sq\/takimi-i-gjashte-i-iniciatives-20i7\/\",\"url\":\"https:\/\/azlp.mk\/sq\/takimi-i-gjashte-i-iniciatives-20i7\/\",\"name\":\"Takimi i gjasht\u00eb i ,,Iniciativ\u00ebs 20i7\\\" - \u0410\u0433\u0435\u043d\u0446\u0438\u0458\u0430 \u0437\u0430 \u0437\u0430\u0448\u0442\u0438\u0442\u0430 \u043d\u0430 \u043b\u0438\u0447\u043d\u0438\u0442\u0435 \u043f\u043e\u0434\u0430\u0442\u043e\u0446\u0438\",\"isPartOf\":{\"@id\":\"https:\/\/azlp.mk\/#website\"},\"datePublished\":\"2024-06-06T14:30:36+00:00\",\"dateModified\":\"2024-06-06T14:47:11+00:00\",\"author\":{\"@id\":\"https:\/\/azlp.mk\/#\/schema\/person\/ce9320961c1b4baefce70d27ca3dbffe\"},\"breadcrumb\":{\"@id\":\"https:\/\/azlp.mk\/sq\/takimi-i-gjashte-i-iniciatives-20i7\/#breadcrumb\"},\"inLanguage\":\"sq-AL\",\"potentialAction\":[{\"@type\":\"ReadAction\",\"target\":[\"https:\/\/azlp.mk\/sq\/takimi-i-gjashte-i-iniciatives-20i7\/\"]}]},{\"@type\":\"BreadcrumbList\",\"@id\":\"https:\/\/azlp.mk\/sq\/takimi-i-gjashte-i-iniciatives-20i7\/#breadcrumb\",\"itemListElement\":[{\"@type\":\"ListItem\",\"position\":1,\"name\":\"Ballina\",\"item\":\"https:\/\/azlp.mk\/sq\/\"},{\"@type\":\"ListItem\",\"position\":2,\"name\":\"Takimi i gjasht\u00eb i ,,Iniciativ\u00ebs 20i7&#8243;\"}]},{\"@type\":\"WebSite\",\"@id\":\"https:\/\/azlp.mk\/#website\",\"url\":\"https:\/\/azlp.mk\/\",\"name\":\"\u0410\u0433\u0435\u043d\u0446\u0438\u0458\u0430 \u0437\u0430 \u0437\u0430\u0448\u0442\u0438\u0442\u0430 \u043d\u0430 \u043b\u0438\u0447\u043d\u0438\u0442\u0435 \u043f\u043e\u0434\u0430\u0442\u043e\u0446\u0438\",\"description\":\"\",\"potentialAction\":[{\"@type\":\"SearchAction\",\"target\":{\"@type\":\"EntryPoint\",\"urlTemplate\":\"https:\/\/azlp.mk\/?s={search_term_string}\"},\"query-input\":\"required name=search_term_string\"}],\"inLanguage\":\"sq-AL\"},{\"@type\":\"Person\",\"@id\":\"https:\/\/azlp.mk\/#\/schema\/person\/ce9320961c1b4baefce70d27ca3dbffe\",\"name\":\"\u0421\u043b\u043e\u0431\u043e\u0434\u0430\u043d\u043a\u0430 \u0421\u043b\u0430\u0432\u043a\u043e\u0432\u0441\u043a\u0430\",\"image\":{\"@type\":\"ImageObject\",\"inLanguage\":\"sq-AL\",\"@id\":\"https:\/\/azlp.mk\/#\/schema\/person\/image\/\",\"url\":\"https:\/\/secure.gravatar.com\/avatar\/2ec57d2f4a0c24feecf5a7d8219d2c34?s=96&d=mm&r=g\",\"contentUrl\":\"https:\/\/secure.gravatar.com\/avatar\/2ec57d2f4a0c24feecf5a7d8219d2c34?s=96&d=mm&r=g\",\"caption\":\"\u0421\u043b\u043e\u0431\u043e\u0434\u0430\u043d\u043a\u0430 \u0421\u043b\u0430\u0432\u043a\u043e\u0432\u0441\u043a\u0430\"},\"sameAs\":[\"https:\/\/www.azlp.mk\"],\"url\":\"https:\/\/azlp.mk\/sq\/author\/slobodanka_sdkhjdashjkr47\/\"}]}<\/script>\n<!-- \/ Yoast SEO plugin. -->","yoast_head_json":{"title":"Takimi i gjasht\u00eb i ,,Iniciativ\u00ebs 20i7\" - \u0410\u0433\u0435\u043d\u0446\u0438\u0458\u0430 \u0437\u0430 \u0437\u0430\u0448\u0442\u0438\u0442\u0430 \u043d\u0430 \u043b\u0438\u0447\u043d\u0438\u0442\u0435 \u043f\u043e\u0434\u0430\u0442\u043e\u0446\u0438","robots":{"index":"index","follow":"follow","max-snippet":"max-snippet:-1","max-image-preview":"max-image-preview:large","max-video-preview":"max-video-preview:-1"},"canonical":"https:\/\/azlp.mk\/sq\/takimi-i-gjashte-i-iniciatives-20i7\/","og_locale":"sq_AL","og_type":"article","og_title":"Takimi i gjasht\u00eb i ,,Iniciativ\u00ebs 20i7\" - \u0410\u0433\u0435\u043d\u0446\u0438\u0458\u0430 \u0437\u0430 \u0437\u0430\u0448\u0442\u0438\u0442\u0430 \u043d\u0430 \u043b\u0438\u0447\u043d\u0438\u0442\u0435 \u043f\u043e\u0434\u0430\u0442\u043e\u0446\u0438","og_description":"Autoritetet mbik\u00ebqyr\u00ebse p\u00ebr mbrojtjen e t\u00eb dh\u00ebnave personale t\u00eb Maqedonis\u00eb [&hellip;]","og_url":"https:\/\/azlp.mk\/sq\/takimi-i-gjashte-i-iniciatives-20i7\/","og_site_name":"\u0410\u0433\u0435\u043d\u0446\u0438\u0458\u0430 \u0437\u0430 \u0437\u0430\u0448\u0442\u0438\u0442\u0430 \u043d\u0430 \u043b\u0438\u0447\u043d\u0438\u0442\u0435 \u043f\u043e\u0434\u0430\u0442\u043e\u0446\u0438","article_published_time":"2024-06-06T14:30:36+00:00","article_modified_time":"2024-06-06T14:47:11+00:00","og_image":[{"width":1600,"height":739,"url":"https:\/\/azlp.mk\/wp-content\/uploads\/2024\/06\/IMG-20240531-WA0012.jpg","type":"image\/jpeg"}],"author":"\u0421\u043b\u043e\u0431\u043e\u0434\u0430\u043d\u043a\u0430 \u0421\u043b\u0430\u0432\u043a\u043e\u0432\u0441\u043a\u0430","twitter_card":"summary_large_image","twitter_misc":{"Written by":"\u0421\u043b\u043e\u0431\u043e\u0434\u0430\u043d\u043a\u0430 \u0421\u043b\u0430\u0432\u043a\u043e\u0432\u0441\u043a\u0430","Est. reading time":"1 minute"},"schema":{"@context":"https:\/\/schema.org","@graph":[{"@type":"WebPage","@id":"https:\/\/azlp.mk\/sq\/takimi-i-gjashte-i-iniciatives-20i7\/","url":"https:\/\/azlp.mk\/sq\/takimi-i-gjashte-i-iniciatives-20i7\/","name":"Takimi i gjasht\u00eb i ,,Iniciativ\u00ebs 20i7\" - \u0410\u0433\u0435\u043d\u0446\u0438\u0458\u0430 \u0437\u0430 \u0437\u0430\u0448\u0442\u0438\u0442\u0430 \u043d\u0430 \u043b\u0438\u0447\u043d\u0438\u0442\u0435 \u043f\u043e\u0434\u0430\u0442\u043e\u0446\u0438","isPartOf":{"@id":"https:\/\/azlp.mk\/#website"},"datePublished":"2024-06-06T14:30:36+00:00","dateModified":"2024-06-06T14:47:11+00:00","author":{"@id":"https:\/\/azlp.mk\/#\/schema\/person\/ce9320961c1b4baefce70d27ca3dbffe"},"breadcrumb":{"@id":"https:\/\/azlp.mk\/sq\/takimi-i-gjashte-i-iniciatives-20i7\/#breadcrumb"},"inLanguage":"sq-AL","potentialAction":[{"@type":"ReadAction","target":["https:\/\/azlp.mk\/sq\/takimi-i-gjashte-i-iniciatives-20i7\/"]}]},{"@type":"BreadcrumbList","@id":"https:\/\/azlp.mk\/sq\/takimi-i-gjashte-i-iniciatives-20i7\/#breadcrumb","itemListElement":[{"@type":"ListItem","position":1,"name":"Ballina","item":"https:\/\/azlp.mk\/sq\/"},{"@type":"ListItem","position":2,"name":"Takimi i gjasht\u00eb i ,,Iniciativ\u00ebs 20i7&#8243;"}]},{"@type":"WebSite","@id":"https:\/\/azlp.mk\/#website","url":"https:\/\/azlp.mk\/","name":"\u0410\u0433\u0435\u043d\u0446\u0438\u0458\u0430 \u0437\u0430 \u0437\u0430\u0448\u0442\u0438\u0442\u0430 \u043d\u0430 \u043b\u0438\u0447\u043d\u0438\u0442\u0435 \u043f\u043e\u0434\u0430\u0442\u043e\u0446\u0438","description":"","potentialAction":[{"@type":"SearchAction","target":{"@type":"EntryPoint","urlTemplate":"https:\/\/azlp.mk\/?s={search_term_string}"},"query-input":"required name=search_term_string"}],"inLanguage":"sq-AL"},{"@type":"Person","@id":"https:\/\/azlp.mk\/#\/schema\/person\/ce9320961c1b4baefce70d27ca3dbffe","name":"\u0421\u043b\u043e\u0431\u043e\u0434\u0430\u043d\u043a\u0430 \u0421\u043b\u0430\u0432\u043a\u043e\u0432\u0441\u043a\u0430","image":{"@type":"ImageObject","inLanguage":"sq-AL","@id":"https:\/\/azlp.mk\/#\/schema\/person\/image\/","url":"https:\/\/secure.gravatar.com\/avatar\/2ec57d2f4a0c24feecf5a7d8219d2c34?s=96&d=mm&r=g","contentUrl":"https:\/\/secure.gravatar.com\/avatar\/2ec57d2f4a0c24feecf5a7d8219d2c34?s=96&d=mm&r=g","caption":"\u0421\u043b\u043e\u0431\u043e\u0434\u0430\u043d\u043a\u0430 \u0421\u043b\u0430\u0432\u043a\u043e\u0432\u0441\u043a\u0430"},"sameAs":["https:\/\/www.azlp.mk"],"url":"https:\/\/azlp.mk\/sq\/author\/slobodanka_sdkhjdashjkr47\/"}]}},"_links":{"self":[{"href":"https:\/\/azlp.mk\/sq\/wp-json\/wp\/v2\/posts\/15900"}],"collection":[{"href":"https:\/\/azlp.mk\/sq\/wp-json\/wp\/v2\/posts"}],"about":[{"href":"https:\/\/azlp.mk\/sq\/wp-json\/wp\/v2\/types\/post"}],"author":[{"embeddable":true,"href":"https:\/\/azlp.mk\/sq\/wp-json\/wp\/v2\/users\/6"}],"replies":[{"embeddable":true,"href":"https:\/\/azlp.mk\/sq\/wp-json\/wp\/v2\/comments?post=15900"}],"version-history":[{"count":2,"href":"https:\/\/azlp.mk\/sq\/wp-json\/wp\/v2\/posts\/15900\/revisions"}],"predecessor-version":[{"id":15903,"href":"https:\/\/azlp.mk\/sq\/wp-json\/wp\/v2\/posts\/15900\/revisions\/15903"}],"wp:featuredmedia":[{"embeddable":true,"href":"https:\/\/azlp.mk\/sq\/wp-json\/wp\/v2\/media\/15890"}],"wp:attachment":[{"href":"https:\/\/azlp.mk\/sq\/wp-json\/wp\/v2\/media?parent=15900"}],"wp:term":[{"taxonomy":"category","embeddable":true,"href":"https:\/\/azlp.mk\/sq\/wp-json\/wp\/v2\/categories?post=15900"},{"taxonomy":"post_tag","embeddable":true,"href":"https:\/\/azlp.mk\/sq\/wp-json\/wp\/v2\/tags?post=15900"}],"curies":[{"name":"wp","href":"https:\/\/api.w.org\/{rel}","templated":true}]}}