{"id":15886,"date":"2024-06-06T15:50:50","date_gmt":"2024-06-06T13:50:50","guid":{"rendered":"https:\/\/azlp.mk\/konference-me-teme-rreziqet-dhe-harmonizimi-me-gdpr-ne-epoken-e-inteligjences-artificiale\/"},"modified":"2024-06-06T15:50:50","modified_gmt":"2024-06-06T13:50:50","slug":"konference-me-teme-rreziqet-dhe-harmonizimi-me-gdpr-ne-epoken-e-inteligjences-artificiale","status":"publish","type":"post","link":"https:\/\/azlp.mk\/sq\/konference-me-teme-rreziqet-dhe-harmonizimi-me-gdpr-ne-epoken-e-inteligjences-artificiale\/","title":{"rendered":"Konferenc\u00eb me tem\u00eb ,,Rreziqet dhe harmonizimi me GDPR n\u00eb epok\u00ebn e inteligjenc\u00ebs artificiale&#8221;"},"content":{"rendered":"<p>Me ftes\u00eb t\u00eb Agjencis\u00eb Kroate p\u00ebr Mbrojtjen e t\u00eb Dh\u00ebnave Personale me rastin e 20-vjetorit t\u00eb themelimit t\u00eb tyre, p\u00ebrfaq\u00ebsues nga Agjencia p\u00ebr Mbrojtjen e t\u00eb Dh\u00ebnave Personale t\u00eb Maqedonis\u00eb s\u00eb Veriut mor\u00ebn pjes\u00eb n\u00eb konferenc\u00ebn ,,Rreziqet dhe harmonizimi me GDPR n\u00eb epok\u00ebn e inteligjenc\u00ebs artificiale\u201d e cila u mbajt m\u00eb 24 maj 2024 n\u00eb Zagreb, Republika e Kroacis\u00eb, ku u debatua edhe nd\u00ebrveprimi nd\u00ebrmjet Rregullores p\u00ebr Inteligjenc\u00ebn Artificiale dhe Rregullores s\u00eb P\u00ebrgjithshme p\u00ebr Mbrojtjen e t\u00eb Dh\u00ebnave Personale. T\u00eb dyja agjencit\u00eb kan\u00eb bashk\u00ebpunim t\u00eb vazhduesh\u00ebm. N\u00eb vitin 2022, s\u00eb bashku zbatuan me sukses twinning projektin ,,Mb\u00ebshtetje n\u00eb zbatimin e korniz\u00ebs ligjore komb\u00ebtare t\u00eb modernizuar p\u00ebr mbrojtjen e t\u00eb dh\u00ebnave personale\u201d, i cili mori vler\u00ebsime pozitive nga t\u00eb gjith\u00eb pal\u00ebt.<\/p>\n","protected":false},"excerpt":{"rendered":"<p>Me ftes\u00eb t\u00eb Agjencis\u00eb Kroate p\u00ebr Mbrojtjen e t\u00eb Dh\u00ebnave [&hellip;]<\/p>\n","protected":false},"author":6,"featured_media":15883,"comment_status":"closed","ping_status":"open","sticky":false,"template":"","format":"standard","meta":{"footnotes":""},"categories":[80,228],"tags":[],"yoast_head":"<!-- This site is optimized with the Yoast SEO plugin v19.9 - https:\/\/yoast.com\/wordpress\/plugins\/seo\/ -->\n<title>Konferenc\u00eb me tem\u00eb ,,Rreziqet dhe harmonizimi me GDPR n\u00eb epok\u00ebn e inteligjenc\u00ebs artificiale&quot; - \u0410\u0433\u0435\u043d\u0446\u0438\u0458\u0430 \u0437\u0430 \u0437\u0430\u0448\u0442\u0438\u0442\u0430 \u043d\u0430 \u043b\u0438\u0447\u043d\u0438\u0442\u0435 \u043f\u043e\u0434\u0430\u0442\u043e\u0446\u0438<\/title>\n<meta name=\"robots\" content=\"index, follow, max-snippet:-1, max-image-preview:large, max-video-preview:-1\" \/>\n<link rel=\"canonical\" href=\"https:\/\/azlp.mk\/konference-me-teme-rreziqet-dhe-harmonizimi-me-gdpr-ne-epoken-e-inteligjences-artificiale\/\" \/>\n<meta property=\"og:locale\" content=\"sq_AL\" \/>\n<meta property=\"og:type\" content=\"article\" \/>\n<meta property=\"og:title\" content=\"Konferenc\u00eb me tem\u00eb ,,Rreziqet dhe harmonizimi me GDPR n\u00eb epok\u00ebn e inteligjenc\u00ebs artificiale&quot; - \u0410\u0433\u0435\u043d\u0446\u0438\u0458\u0430 \u0437\u0430 \u0437\u0430\u0448\u0442\u0438\u0442\u0430 \u043d\u0430 \u043b\u0438\u0447\u043d\u0438\u0442\u0435 \u043f\u043e\u0434\u0430\u0442\u043e\u0446\u0438\" \/>\n<meta property=\"og:description\" content=\"Me ftes\u00eb t\u00eb Agjencis\u00eb Kroate p\u00ebr Mbrojtjen e t\u00eb Dh\u00ebnave [&hellip;]\" \/>\n<meta property=\"og:url\" content=\"https:\/\/azlp.mk\/konference-me-teme-rreziqet-dhe-harmonizimi-me-gdpr-ne-epoken-e-inteligjences-artificiale\/\" \/>\n<meta property=\"og:site_name\" content=\"\u0410\u0433\u0435\u043d\u0446\u0438\u0458\u0430 \u0437\u0430 \u0437\u0430\u0448\u0442\u0438\u0442\u0430 \u043d\u0430 \u043b\u0438\u0447\u043d\u0438\u0442\u0435 \u043f\u043e\u0434\u0430\u0442\u043e\u0446\u0438\" \/>\n<meta property=\"article:published_time\" content=\"2024-06-06T13:50:50+00:00\" \/>\n<meta name=\"author\" content=\"\u0421\u043b\u043e\u0431\u043e\u0434\u0430\u043d\u043a\u0430 \u0421\u043b\u0430\u0432\u043a\u043e\u0432\u0441\u043a\u0430\" \/>\n<meta name=\"twitter:card\" content=\"summary_large_image\" \/>\n<meta name=\"twitter:label1\" content=\"Written by\" \/>\n\t<meta name=\"twitter:data1\" content=\"\u0421\u043b\u043e\u0431\u043e\u0434\u0430\u043d\u043a\u0430 \u0421\u043b\u0430\u0432\u043a\u043e\u0432\u0441\u043a\u0430\" \/>\n\t<meta name=\"twitter:label2\" content=\"Est. reading time\" \/>\n\t<meta name=\"twitter:data2\" content=\"1 minute\" \/>\n<script type=\"application\/ld+json\" class=\"yoast-schema-graph\">{\"@context\":\"https:\/\/schema.org\",\"@graph\":[{\"@type\":\"WebPage\",\"@id\":\"https:\/\/azlp.mk\/konference-me-teme-rreziqet-dhe-harmonizimi-me-gdpr-ne-epoken-e-inteligjences-artificiale\/\",\"url\":\"https:\/\/azlp.mk\/konference-me-teme-rreziqet-dhe-harmonizimi-me-gdpr-ne-epoken-e-inteligjences-artificiale\/\",\"name\":\"Konferenc\u00eb me tem\u00eb ,,Rreziqet dhe harmonizimi me GDPR n\u00eb epok\u00ebn e inteligjenc\u00ebs artificiale\\\" - \u0410\u0433\u0435\u043d\u0446\u0438\u0458\u0430 \u0437\u0430 \u0437\u0430\u0448\u0442\u0438\u0442\u0430 \u043d\u0430 \u043b\u0438\u0447\u043d\u0438\u0442\u0435 \u043f\u043e\u0434\u0430\u0442\u043e\u0446\u0438\",\"isPartOf\":{\"@id\":\"https:\/\/azlp.mk\/#website\"},\"datePublished\":\"2024-06-06T13:50:50+00:00\",\"dateModified\":\"2024-06-06T13:50:50+00:00\",\"author\":{\"@id\":\"https:\/\/azlp.mk\/#\/schema\/person\/ce9320961c1b4baefce70d27ca3dbffe\"},\"breadcrumb\":{\"@id\":\"https:\/\/azlp.mk\/konference-me-teme-rreziqet-dhe-harmonizimi-me-gdpr-ne-epoken-e-inteligjences-artificiale\/#breadcrumb\"},\"inLanguage\":\"sq-AL\",\"potentialAction\":[{\"@type\":\"ReadAction\",\"target\":[\"https:\/\/azlp.mk\/konference-me-teme-rreziqet-dhe-harmonizimi-me-gdpr-ne-epoken-e-inteligjences-artificiale\/\"]}]},{\"@type\":\"BreadcrumbList\",\"@id\":\"https:\/\/azlp.mk\/konference-me-teme-rreziqet-dhe-harmonizimi-me-gdpr-ne-epoken-e-inteligjences-artificiale\/#breadcrumb\",\"itemListElement\":[{\"@type\":\"ListItem\",\"position\":1,\"name\":\"Ballina\",\"item\":\"https:\/\/azlp.mk\/sq\/\"},{\"@type\":\"ListItem\",\"position\":2,\"name\":\"Konferenc\u00eb me tem\u00eb ,,Rreziqet dhe harmonizimi me GDPR n\u00eb epok\u00ebn e inteligjenc\u00ebs artificiale&#8221;\"}]},{\"@type\":\"WebSite\",\"@id\":\"https:\/\/azlp.mk\/#website\",\"url\":\"https:\/\/azlp.mk\/\",\"name\":\"\u0410\u0433\u0435\u043d\u0446\u0438\u0458\u0430 \u0437\u0430 \u0437\u0430\u0448\u0442\u0438\u0442\u0430 \u043d\u0430 \u043b\u0438\u0447\u043d\u0438\u0442\u0435 \u043f\u043e\u0434\u0430\u0442\u043e\u0446\u0438\",\"description\":\"\",\"potentialAction\":[{\"@type\":\"SearchAction\",\"target\":{\"@type\":\"EntryPoint\",\"urlTemplate\":\"https:\/\/azlp.mk\/?s={search_term_string}\"},\"query-input\":\"required name=search_term_string\"}],\"inLanguage\":\"sq-AL\"},{\"@type\":\"Person\",\"@id\":\"https:\/\/azlp.mk\/#\/schema\/person\/ce9320961c1b4baefce70d27ca3dbffe\",\"name\":\"\u0421\u043b\u043e\u0431\u043e\u0434\u0430\u043d\u043a\u0430 \u0421\u043b\u0430\u0432\u043a\u043e\u0432\u0441\u043a\u0430\",\"image\":{\"@type\":\"ImageObject\",\"inLanguage\":\"sq-AL\",\"@id\":\"https:\/\/azlp.mk\/#\/schema\/person\/image\/\",\"url\":\"https:\/\/secure.gravatar.com\/avatar\/2ec57d2f4a0c24feecf5a7d8219d2c34?s=96&d=mm&r=g\",\"contentUrl\":\"https:\/\/secure.gravatar.com\/avatar\/2ec57d2f4a0c24feecf5a7d8219d2c34?s=96&d=mm&r=g\",\"caption\":\"\u0421\u043b\u043e\u0431\u043e\u0434\u0430\u043d\u043a\u0430 \u0421\u043b\u0430\u0432\u043a\u043e\u0432\u0441\u043a\u0430\"},\"sameAs\":[\"https:\/\/www.azlp.mk\"],\"url\":\"https:\/\/azlp.mk\/sq\/author\/slobodanka_sdkhjdashjkr47\/\"}]}<\/script>\n<!-- \/ Yoast SEO plugin. -->","yoast_head_json":{"title":"Konferenc\u00eb me tem\u00eb ,,Rreziqet dhe harmonizimi me GDPR n\u00eb epok\u00ebn e inteligjenc\u00ebs artificiale\" - \u0410\u0433\u0435\u043d\u0446\u0438\u0458\u0430 \u0437\u0430 \u0437\u0430\u0448\u0442\u0438\u0442\u0430 \u043d\u0430 \u043b\u0438\u0447\u043d\u0438\u0442\u0435 \u043f\u043e\u0434\u0430\u0442\u043e\u0446\u0438","robots":{"index":"index","follow":"follow","max-snippet":"max-snippet:-1","max-image-preview":"max-image-preview:large","max-video-preview":"max-video-preview:-1"},"canonical":"https:\/\/azlp.mk\/konference-me-teme-rreziqet-dhe-harmonizimi-me-gdpr-ne-epoken-e-inteligjences-artificiale\/","og_locale":"sq_AL","og_type":"article","og_title":"Konferenc\u00eb me tem\u00eb ,,Rreziqet dhe harmonizimi me GDPR n\u00eb epok\u00ebn e inteligjenc\u00ebs artificiale\" - \u0410\u0433\u0435\u043d\u0446\u0438\u0458\u0430 \u0437\u0430 \u0437\u0430\u0448\u0442\u0438\u0442\u0430 \u043d\u0430 \u043b\u0438\u0447\u043d\u0438\u0442\u0435 \u043f\u043e\u0434\u0430\u0442\u043e\u0446\u0438","og_description":"Me ftes\u00eb t\u00eb Agjencis\u00eb Kroate p\u00ebr Mbrojtjen e t\u00eb Dh\u00ebnave [&hellip;]","og_url":"https:\/\/azlp.mk\/konference-me-teme-rreziqet-dhe-harmonizimi-me-gdpr-ne-epoken-e-inteligjences-artificiale\/","og_site_name":"\u0410\u0433\u0435\u043d\u0446\u0438\u0458\u0430 \u0437\u0430 \u0437\u0430\u0448\u0442\u0438\u0442\u0430 \u043d\u0430 \u043b\u0438\u0447\u043d\u0438\u0442\u0435 \u043f\u043e\u0434\u0430\u0442\u043e\u0446\u0438","article_published_time":"2024-06-06T13:50:50+00:00","author":"\u0421\u043b\u043e\u0431\u043e\u0434\u0430\u043d\u043a\u0430 \u0421\u043b\u0430\u0432\u043a\u043e\u0432\u0441\u043a\u0430","twitter_card":"summary_large_image","twitter_misc":{"Written by":"\u0421\u043b\u043e\u0431\u043e\u0434\u0430\u043d\u043a\u0430 \u0421\u043b\u0430\u0432\u043a\u043e\u0432\u0441\u043a\u0430","Est. reading time":"1 minute"},"schema":{"@context":"https:\/\/schema.org","@graph":[{"@type":"WebPage","@id":"https:\/\/azlp.mk\/konference-me-teme-rreziqet-dhe-harmonizimi-me-gdpr-ne-epoken-e-inteligjences-artificiale\/","url":"https:\/\/azlp.mk\/konference-me-teme-rreziqet-dhe-harmonizimi-me-gdpr-ne-epoken-e-inteligjences-artificiale\/","name":"Konferenc\u00eb me tem\u00eb ,,Rreziqet dhe harmonizimi me GDPR n\u00eb epok\u00ebn e inteligjenc\u00ebs artificiale\" - \u0410\u0433\u0435\u043d\u0446\u0438\u0458\u0430 \u0437\u0430 \u0437\u0430\u0448\u0442\u0438\u0442\u0430 \u043d\u0430 \u043b\u0438\u0447\u043d\u0438\u0442\u0435 \u043f\u043e\u0434\u0430\u0442\u043e\u0446\u0438","isPartOf":{"@id":"https:\/\/azlp.mk\/#website"},"datePublished":"2024-06-06T13:50:50+00:00","dateModified":"2024-06-06T13:50:50+00:00","author":{"@id":"https:\/\/azlp.mk\/#\/schema\/person\/ce9320961c1b4baefce70d27ca3dbffe"},"breadcrumb":{"@id":"https:\/\/azlp.mk\/konference-me-teme-rreziqet-dhe-harmonizimi-me-gdpr-ne-epoken-e-inteligjences-artificiale\/#breadcrumb"},"inLanguage":"sq-AL","potentialAction":[{"@type":"ReadAction","target":["https:\/\/azlp.mk\/konference-me-teme-rreziqet-dhe-harmonizimi-me-gdpr-ne-epoken-e-inteligjences-artificiale\/"]}]},{"@type":"BreadcrumbList","@id":"https:\/\/azlp.mk\/konference-me-teme-rreziqet-dhe-harmonizimi-me-gdpr-ne-epoken-e-inteligjences-artificiale\/#breadcrumb","itemListElement":[{"@type":"ListItem","position":1,"name":"Ballina","item":"https:\/\/azlp.mk\/sq\/"},{"@type":"ListItem","position":2,"name":"Konferenc\u00eb me tem\u00eb ,,Rreziqet dhe harmonizimi me GDPR n\u00eb epok\u00ebn e inteligjenc\u00ebs artificiale&#8221;"}]},{"@type":"WebSite","@id":"https:\/\/azlp.mk\/#website","url":"https:\/\/azlp.mk\/","name":"\u0410\u0433\u0435\u043d\u0446\u0438\u0458\u0430 \u0437\u0430 \u0437\u0430\u0448\u0442\u0438\u0442\u0430 \u043d\u0430 \u043b\u0438\u0447\u043d\u0438\u0442\u0435 \u043f\u043e\u0434\u0430\u0442\u043e\u0446\u0438","description":"","potentialAction":[{"@type":"SearchAction","target":{"@type":"EntryPoint","urlTemplate":"https:\/\/azlp.mk\/?s={search_term_string}"},"query-input":"required name=search_term_string"}],"inLanguage":"sq-AL"},{"@type":"Person","@id":"https:\/\/azlp.mk\/#\/schema\/person\/ce9320961c1b4baefce70d27ca3dbffe","name":"\u0421\u043b\u043e\u0431\u043e\u0434\u0430\u043d\u043a\u0430 \u0421\u043b\u0430\u0432\u043a\u043e\u0432\u0441\u043a\u0430","image":{"@type":"ImageObject","inLanguage":"sq-AL","@id":"https:\/\/azlp.mk\/#\/schema\/person\/image\/","url":"https:\/\/secure.gravatar.com\/avatar\/2ec57d2f4a0c24feecf5a7d8219d2c34?s=96&d=mm&r=g","contentUrl":"https:\/\/secure.gravatar.com\/avatar\/2ec57d2f4a0c24feecf5a7d8219d2c34?s=96&d=mm&r=g","caption":"\u0421\u043b\u043e\u0431\u043e\u0434\u0430\u043d\u043a\u0430 \u0421\u043b\u0430\u0432\u043a\u043e\u0432\u0441\u043a\u0430"},"sameAs":["https:\/\/www.azlp.mk"],"url":"https:\/\/azlp.mk\/sq\/author\/slobodanka_sdkhjdashjkr47\/"}]}},"_links":{"self":[{"href":"https:\/\/azlp.mk\/sq\/wp-json\/wp\/v2\/posts\/15886"}],"collection":[{"href":"https:\/\/azlp.mk\/sq\/wp-json\/wp\/v2\/posts"}],"about":[{"href":"https:\/\/azlp.mk\/sq\/wp-json\/wp\/v2\/types\/post"}],"author":[{"embeddable":true,"href":"https:\/\/azlp.mk\/sq\/wp-json\/wp\/v2\/users\/6"}],"replies":[{"embeddable":true,"href":"https:\/\/azlp.mk\/sq\/wp-json\/wp\/v2\/comments?post=15886"}],"version-history":[{"count":0,"href":"https:\/\/azlp.mk\/sq\/wp-json\/wp\/v2\/posts\/15886\/revisions"}],"wp:featuredmedia":[{"embeddable":true,"href":"https:\/\/azlp.mk\/sq\/wp-json\/wp\/v2\/media\/15883"}],"wp:attachment":[{"href":"https:\/\/azlp.mk\/sq\/wp-json\/wp\/v2\/media?parent=15886"}],"wp:term":[{"taxonomy":"category","embeddable":true,"href":"https:\/\/azlp.mk\/sq\/wp-json\/wp\/v2\/categories?post=15886"},{"taxonomy":"post_tag","embeddable":true,"href":"https:\/\/azlp.mk\/sq\/wp-json\/wp\/v2\/tags?post=15886"}],"curies":[{"name":"wp","href":"https:\/\/api.w.org\/{rel}","templated":true}]}}