{"id":15879,"date":"2024-06-06T15:19:39","date_gmt":"2024-06-06T13:19:39","guid":{"rendered":"https:\/\/azlp.mk\/konferenca-e-32-pranverore-e-organeve-mbikeqyrese-evropiane\/"},"modified":"2024-06-06T15:19:39","modified_gmt":"2024-06-06T13:19:39","slug":"konferenca-e-32-pranverore-e-organeve-mbikeqyrese-evropiane","status":"publish","type":"post","link":"https:\/\/azlp.mk\/sq\/konferenca-e-32-pranverore-e-organeve-mbikeqyrese-evropiane\/","title":{"rendered":"Konferenca e 32- Pranverore e organeve mbik\u00ebqyr\u00ebse evropiane"},"content":{"rendered":"<p>P\u00ebrfaq\u00ebsues t\u00eb Agjencis\u00eb p\u00ebr Mbrojtjen e t\u00eb Dh\u00ebnave Personale mor\u00ebn pjes\u00eb n\u00eb Konferenc\u00ebn e 32-t\u00eb Pranverore t\u00eb organeve mbik\u00ebqyr\u00ebse evropiane p\u00ebr mbrojtjen e t\u00eb dh\u00ebnave personale, e cila u mbajt nga data 13-16 maj 2024 n\u00eb Riga, Republika e Letonis\u00eb.<\/p>\n<p>Konferenca e pranverore \u00ebsht\u00eb takim vjetor i t\u00eb gjitha autoriteteve p\u00ebr mbrojtjen e t\u00eb dh\u00ebnave personale nga vendet e Bashkimit Evropian dhe jasht\u00eb EEA. Konferenca sh\u00ebrben si forum i vet\u00ebm pan-evropian dedikuar bashk\u00ebpunimit praktik midis rregullator\u00ebve, tejkalimit t\u00eb kufijve dhe inkurajimit t\u00eb bashk\u00ebpunimit p\u00ebr mbrojtjen e t\u00eb dh\u00ebnave personale dhe privat\u00ebsis\u00eb n\u00eb Evrop\u00eb.<\/p>\n<p>Konferenca u fokusua n\u00eb rolin e autoriteteve t\u00eb mbrojtjes s\u00eb t\u00eb dh\u00ebnave n\u00eb epok\u00ebn digjitale t\u00eb rregulloreve n\u00eb zhvillim; lundrimi i privat\u00ebsis\u00eb dhe mbrojtjes s\u00eb t\u00eb dh\u00ebnave n\u00eb epok\u00ebn e teknologjive dhe inovacioneve t\u00eb reja; mbrojtja e t\u00eb dh\u00ebnave sh\u00ebndet\u00ebsore n\u00eb epok\u00ebn e digjitalizimit; form\u00ebsimi i mbrojtjes s\u00eb t\u00eb dh\u00ebnave n\u00ebp\u00ebrmjet p\u00ebrvoj\u00ebs s\u00eb bashk\u00ebpunimit t\u00eb autoriteteve p\u00ebr mbrojtjen e t\u00eb dh\u00ebnave; navigimi ndaj dispozitave p\u00ebr AML (AML \u2013 Anti Money Laundering) dhe Rregullores s\u00eb P\u00ebrgjithshme t\u00eb Mbrojtjes s\u00eb t\u00eb Dh\u00ebnave (GDPR); Autoritetet p\u00ebr mbrojtjen e t\u00eb dh\u00ebnave, zyrtar\u00ebt e mbrojtjes s\u00eb t\u00eb dh\u00ebnave dhe bizneset; mbrojtjen e p\u00ebrpunimit dhe mbrojtjes s\u00eb t\u00eb dh\u00ebnave personale n\u00ebp\u00ebrmjet bashk\u00ebpunimit efikas nd\u00ebrmjet autoriteteve p\u00ebr mbrojtjen e t\u00eb dh\u00ebnave personale, si dhe shqyrtimit t\u00eb vendimeve gjyq\u00ebsore t\u00eb Gjykat\u00ebs Evropiane t\u00eb Drejt\u00ebsis\u00eb dhe GJEDNJ.<\/p>\n","protected":false},"excerpt":{"rendered":"<p>P\u00ebrfaq\u00ebsues t\u00eb Agjencis\u00eb p\u00ebr Mbrojtjen e t\u00eb Dh\u00ebnave Personale mor\u00ebn [&hellip;]<\/p>\n","protected":false},"author":6,"featured_media":15875,"comment_status":"closed","ping_status":"open","sticky":false,"template":"","format":"standard","meta":{"footnotes":""},"categories":[228,80],"tags":[],"yoast_head":"<!-- This site is optimized with the Yoast SEO plugin v19.9 - https:\/\/yoast.com\/wordpress\/plugins\/seo\/ -->\n<title>Konferenca e 32- Pranverore e organeve mbik\u00ebqyr\u00ebse evropiane - \u0410\u0433\u0435\u043d\u0446\u0438\u0458\u0430 \u0437\u0430 \u0437\u0430\u0448\u0442\u0438\u0442\u0430 \u043d\u0430 \u043b\u0438\u0447\u043d\u0438\u0442\u0435 \u043f\u043e\u0434\u0430\u0442\u043e\u0446\u0438<\/title>\n<meta name=\"robots\" content=\"index, follow, max-snippet:-1, max-image-preview:large, max-video-preview:-1\" \/>\n<link rel=\"canonical\" href=\"https:\/\/azlp.mk\/konferenca-e-32-pranverore-e-organeve-mbikeqyrese-evropiane\/\" \/>\n<meta property=\"og:locale\" content=\"sq_AL\" \/>\n<meta property=\"og:type\" content=\"article\" \/>\n<meta property=\"og:title\" content=\"Konferenca e 32- Pranverore e organeve mbik\u00ebqyr\u00ebse evropiane - \u0410\u0433\u0435\u043d\u0446\u0438\u0458\u0430 \u0437\u0430 \u0437\u0430\u0448\u0442\u0438\u0442\u0430 \u043d\u0430 \u043b\u0438\u0447\u043d\u0438\u0442\u0435 \u043f\u043e\u0434\u0430\u0442\u043e\u0446\u0438\" \/>\n<meta property=\"og:description\" content=\"P\u00ebrfaq\u00ebsues t\u00eb Agjencis\u00eb p\u00ebr Mbrojtjen e t\u00eb Dh\u00ebnave Personale mor\u00ebn [&hellip;]\" \/>\n<meta property=\"og:url\" content=\"https:\/\/azlp.mk\/konferenca-e-32-pranverore-e-organeve-mbikeqyrese-evropiane\/\" \/>\n<meta property=\"og:site_name\" content=\"\u0410\u0433\u0435\u043d\u0446\u0438\u0458\u0430 \u0437\u0430 \u0437\u0430\u0448\u0442\u0438\u0442\u0430 \u043d\u0430 \u043b\u0438\u0447\u043d\u0438\u0442\u0435 \u043f\u043e\u0434\u0430\u0442\u043e\u0446\u0438\" \/>\n<meta property=\"article:published_time\" content=\"2024-06-06T13:19:39+00:00\" \/>\n<meta name=\"author\" content=\"\u0421\u043b\u043e\u0431\u043e\u0434\u0430\u043d\u043a\u0430 \u0421\u043b\u0430\u0432\u043a\u043e\u0432\u0441\u043a\u0430\" \/>\n<meta name=\"twitter:card\" content=\"summary_large_image\" \/>\n<meta name=\"twitter:label1\" content=\"Written by\" \/>\n\t<meta name=\"twitter:data1\" content=\"\u0421\u043b\u043e\u0431\u043e\u0434\u0430\u043d\u043a\u0430 \u0421\u043b\u0430\u0432\u043a\u043e\u0432\u0441\u043a\u0430\" \/>\n\t<meta name=\"twitter:label2\" content=\"Est. reading time\" \/>\n\t<meta name=\"twitter:data2\" content=\"1 minute\" \/>\n<script type=\"application\/ld+json\" class=\"yoast-schema-graph\">{\"@context\":\"https:\/\/schema.org\",\"@graph\":[{\"@type\":\"WebPage\",\"@id\":\"https:\/\/azlp.mk\/konferenca-e-32-pranverore-e-organeve-mbikeqyrese-evropiane\/\",\"url\":\"https:\/\/azlp.mk\/konferenca-e-32-pranverore-e-organeve-mbikeqyrese-evropiane\/\",\"name\":\"Konferenca e 32- Pranverore e organeve mbik\u00ebqyr\u00ebse evropiane - \u0410\u0433\u0435\u043d\u0446\u0438\u0458\u0430 \u0437\u0430 \u0437\u0430\u0448\u0442\u0438\u0442\u0430 \u043d\u0430 \u043b\u0438\u0447\u043d\u0438\u0442\u0435 \u043f\u043e\u0434\u0430\u0442\u043e\u0446\u0438\",\"isPartOf\":{\"@id\":\"https:\/\/azlp.mk\/#website\"},\"datePublished\":\"2024-06-06T13:19:39+00:00\",\"dateModified\":\"2024-06-06T13:19:39+00:00\",\"author\":{\"@id\":\"https:\/\/azlp.mk\/#\/schema\/person\/ce9320961c1b4baefce70d27ca3dbffe\"},\"breadcrumb\":{\"@id\":\"https:\/\/azlp.mk\/konferenca-e-32-pranverore-e-organeve-mbikeqyrese-evropiane\/#breadcrumb\"},\"inLanguage\":\"sq-AL\",\"potentialAction\":[{\"@type\":\"ReadAction\",\"target\":[\"https:\/\/azlp.mk\/konferenca-e-32-pranverore-e-organeve-mbikeqyrese-evropiane\/\"]}]},{\"@type\":\"BreadcrumbList\",\"@id\":\"https:\/\/azlp.mk\/konferenca-e-32-pranverore-e-organeve-mbikeqyrese-evropiane\/#breadcrumb\",\"itemListElement\":[{\"@type\":\"ListItem\",\"position\":1,\"name\":\"Ballina\",\"item\":\"https:\/\/azlp.mk\/sq\/\"},{\"@type\":\"ListItem\",\"position\":2,\"name\":\"Konferenca e 32- Pranverore e organeve mbik\u00ebqyr\u00ebse evropiane\"}]},{\"@type\":\"WebSite\",\"@id\":\"https:\/\/azlp.mk\/#website\",\"url\":\"https:\/\/azlp.mk\/\",\"name\":\"\u0410\u0433\u0435\u043d\u0446\u0438\u0458\u0430 \u0437\u0430 \u0437\u0430\u0448\u0442\u0438\u0442\u0430 \u043d\u0430 \u043b\u0438\u0447\u043d\u0438\u0442\u0435 \u043f\u043e\u0434\u0430\u0442\u043e\u0446\u0438\",\"description\":\"\",\"potentialAction\":[{\"@type\":\"SearchAction\",\"target\":{\"@type\":\"EntryPoint\",\"urlTemplate\":\"https:\/\/azlp.mk\/?s={search_term_string}\"},\"query-input\":\"required name=search_term_string\"}],\"inLanguage\":\"sq-AL\"},{\"@type\":\"Person\",\"@id\":\"https:\/\/azlp.mk\/#\/schema\/person\/ce9320961c1b4baefce70d27ca3dbffe\",\"name\":\"\u0421\u043b\u043e\u0431\u043e\u0434\u0430\u043d\u043a\u0430 \u0421\u043b\u0430\u0432\u043a\u043e\u0432\u0441\u043a\u0430\",\"image\":{\"@type\":\"ImageObject\",\"inLanguage\":\"sq-AL\",\"@id\":\"https:\/\/azlp.mk\/#\/schema\/person\/image\/\",\"url\":\"https:\/\/secure.gravatar.com\/avatar\/2ec57d2f4a0c24feecf5a7d8219d2c34?s=96&d=mm&r=g\",\"contentUrl\":\"https:\/\/secure.gravatar.com\/avatar\/2ec57d2f4a0c24feecf5a7d8219d2c34?s=96&d=mm&r=g\",\"caption\":\"\u0421\u043b\u043e\u0431\u043e\u0434\u0430\u043d\u043a\u0430 \u0421\u043b\u0430\u0432\u043a\u043e\u0432\u0441\u043a\u0430\"},\"sameAs\":[\"https:\/\/www.azlp.mk\"],\"url\":\"https:\/\/azlp.mk\/sq\/author\/slobodanka_sdkhjdashjkr47\/\"}]}<\/script>\n<!-- \/ Yoast SEO plugin. -->","yoast_head_json":{"title":"Konferenca e 32- Pranverore e organeve mbik\u00ebqyr\u00ebse evropiane - \u0410\u0433\u0435\u043d\u0446\u0438\u0458\u0430 \u0437\u0430 \u0437\u0430\u0448\u0442\u0438\u0442\u0430 \u043d\u0430 \u043b\u0438\u0447\u043d\u0438\u0442\u0435 \u043f\u043e\u0434\u0430\u0442\u043e\u0446\u0438","robots":{"index":"index","follow":"follow","max-snippet":"max-snippet:-1","max-image-preview":"max-image-preview:large","max-video-preview":"max-video-preview:-1"},"canonical":"https:\/\/azlp.mk\/konferenca-e-32-pranverore-e-organeve-mbikeqyrese-evropiane\/","og_locale":"sq_AL","og_type":"article","og_title":"Konferenca e 32- Pranverore e organeve mbik\u00ebqyr\u00ebse evropiane - \u0410\u0433\u0435\u043d\u0446\u0438\u0458\u0430 \u0437\u0430 \u0437\u0430\u0448\u0442\u0438\u0442\u0430 \u043d\u0430 \u043b\u0438\u0447\u043d\u0438\u0442\u0435 \u043f\u043e\u0434\u0430\u0442\u043e\u0446\u0438","og_description":"P\u00ebrfaq\u00ebsues t\u00eb Agjencis\u00eb p\u00ebr Mbrojtjen e t\u00eb Dh\u00ebnave Personale mor\u00ebn [&hellip;]","og_url":"https:\/\/azlp.mk\/konferenca-e-32-pranverore-e-organeve-mbikeqyrese-evropiane\/","og_site_name":"\u0410\u0433\u0435\u043d\u0446\u0438\u0458\u0430 \u0437\u0430 \u0437\u0430\u0448\u0442\u0438\u0442\u0430 \u043d\u0430 \u043b\u0438\u0447\u043d\u0438\u0442\u0435 \u043f\u043e\u0434\u0430\u0442\u043e\u0446\u0438","article_published_time":"2024-06-06T13:19:39+00:00","author":"\u0421\u043b\u043e\u0431\u043e\u0434\u0430\u043d\u043a\u0430 \u0421\u043b\u0430\u0432\u043a\u043e\u0432\u0441\u043a\u0430","twitter_card":"summary_large_image","twitter_misc":{"Written by":"\u0421\u043b\u043e\u0431\u043e\u0434\u0430\u043d\u043a\u0430 \u0421\u043b\u0430\u0432\u043a\u043e\u0432\u0441\u043a\u0430","Est. reading time":"1 minute"},"schema":{"@context":"https:\/\/schema.org","@graph":[{"@type":"WebPage","@id":"https:\/\/azlp.mk\/konferenca-e-32-pranverore-e-organeve-mbikeqyrese-evropiane\/","url":"https:\/\/azlp.mk\/konferenca-e-32-pranverore-e-organeve-mbikeqyrese-evropiane\/","name":"Konferenca e 32- Pranverore e organeve mbik\u00ebqyr\u00ebse evropiane - \u0410\u0433\u0435\u043d\u0446\u0438\u0458\u0430 \u0437\u0430 \u0437\u0430\u0448\u0442\u0438\u0442\u0430 \u043d\u0430 \u043b\u0438\u0447\u043d\u0438\u0442\u0435 \u043f\u043e\u0434\u0430\u0442\u043e\u0446\u0438","isPartOf":{"@id":"https:\/\/azlp.mk\/#website"},"datePublished":"2024-06-06T13:19:39+00:00","dateModified":"2024-06-06T13:19:39+00:00","author":{"@id":"https:\/\/azlp.mk\/#\/schema\/person\/ce9320961c1b4baefce70d27ca3dbffe"},"breadcrumb":{"@id":"https:\/\/azlp.mk\/konferenca-e-32-pranverore-e-organeve-mbikeqyrese-evropiane\/#breadcrumb"},"inLanguage":"sq-AL","potentialAction":[{"@type":"ReadAction","target":["https:\/\/azlp.mk\/konferenca-e-32-pranverore-e-organeve-mbikeqyrese-evropiane\/"]}]},{"@type":"BreadcrumbList","@id":"https:\/\/azlp.mk\/konferenca-e-32-pranverore-e-organeve-mbikeqyrese-evropiane\/#breadcrumb","itemListElement":[{"@type":"ListItem","position":1,"name":"Ballina","item":"https:\/\/azlp.mk\/sq\/"},{"@type":"ListItem","position":2,"name":"Konferenca e 32- Pranverore e organeve mbik\u00ebqyr\u00ebse evropiane"}]},{"@type":"WebSite","@id":"https:\/\/azlp.mk\/#website","url":"https:\/\/azlp.mk\/","name":"\u0410\u0433\u0435\u043d\u0446\u0438\u0458\u0430 \u0437\u0430 \u0437\u0430\u0448\u0442\u0438\u0442\u0430 \u043d\u0430 \u043b\u0438\u0447\u043d\u0438\u0442\u0435 \u043f\u043e\u0434\u0430\u0442\u043e\u0446\u0438","description":"","potentialAction":[{"@type":"SearchAction","target":{"@type":"EntryPoint","urlTemplate":"https:\/\/azlp.mk\/?s={search_term_string}"},"query-input":"required name=search_term_string"}],"inLanguage":"sq-AL"},{"@type":"Person","@id":"https:\/\/azlp.mk\/#\/schema\/person\/ce9320961c1b4baefce70d27ca3dbffe","name":"\u0421\u043b\u043e\u0431\u043e\u0434\u0430\u043d\u043a\u0430 \u0421\u043b\u0430\u0432\u043a\u043e\u0432\u0441\u043a\u0430","image":{"@type":"ImageObject","inLanguage":"sq-AL","@id":"https:\/\/azlp.mk\/#\/schema\/person\/image\/","url":"https:\/\/secure.gravatar.com\/avatar\/2ec57d2f4a0c24feecf5a7d8219d2c34?s=96&d=mm&r=g","contentUrl":"https:\/\/secure.gravatar.com\/avatar\/2ec57d2f4a0c24feecf5a7d8219d2c34?s=96&d=mm&r=g","caption":"\u0421\u043b\u043e\u0431\u043e\u0434\u0430\u043d\u043a\u0430 \u0421\u043b\u0430\u0432\u043a\u043e\u0432\u0441\u043a\u0430"},"sameAs":["https:\/\/www.azlp.mk"],"url":"https:\/\/azlp.mk\/sq\/author\/slobodanka_sdkhjdashjkr47\/"}]}},"_links":{"self":[{"href":"https:\/\/azlp.mk\/sq\/wp-json\/wp\/v2\/posts\/15879"}],"collection":[{"href":"https:\/\/azlp.mk\/sq\/wp-json\/wp\/v2\/posts"}],"about":[{"href":"https:\/\/azlp.mk\/sq\/wp-json\/wp\/v2\/types\/post"}],"author":[{"embeddable":true,"href":"https:\/\/azlp.mk\/sq\/wp-json\/wp\/v2\/users\/6"}],"replies":[{"embeddable":true,"href":"https:\/\/azlp.mk\/sq\/wp-json\/wp\/v2\/comments?post=15879"}],"version-history":[{"count":0,"href":"https:\/\/azlp.mk\/sq\/wp-json\/wp\/v2\/posts\/15879\/revisions"}],"wp:featuredmedia":[{"embeddable":true,"href":"https:\/\/azlp.mk\/sq\/wp-json\/wp\/v2\/media\/15875"}],"wp:attachment":[{"href":"https:\/\/azlp.mk\/sq\/wp-json\/wp\/v2\/media?parent=15879"}],"wp:term":[{"taxonomy":"category","embeddable":true,"href":"https:\/\/azlp.mk\/sq\/wp-json\/wp\/v2\/categories?post=15879"},{"taxonomy":"post_tag","embeddable":true,"href":"https:\/\/azlp.mk\/sq\/wp-json\/wp\/v2\/tags?post=15879"}],"curies":[{"name":"wp","href":"https:\/\/api.w.org\/{rel}","templated":true}]}}