{"id":10464,"date":"2021-06-22T13:03:31","date_gmt":"2021-06-22T11:03:31","guid":{"rendered":"https:\/\/azlp.mk\/festimi-i-16-vjetorit-te-themelimit-te-azlp\/"},"modified":"2022-12-14T14:02:13","modified_gmt":"2022-12-14T12:02:13","slug":"festimi-i-16-vjetorit-te-themelimit-te-azlp","status":"publish","type":"post","link":"https:\/\/azlp.mk\/sq\/festimi-i-16-vjetorit-te-themelimit-te-azlp\/","title":{"rendered":"Sh\u00ebnohet 16-vjetori i themelimit t\u00eb AMDhP"},"content":{"rendered":"<p>Sot sh\u00ebnohet 16-vjetori i ekzistimit t\u00eb Agjencis\u00eb p\u00ebr Mbrojtjen e t\u00eb Dh\u00ebnave Personale. Agjencia p\u00ebr her\u00eb t\u00eb par\u00eb \u00ebsht\u00eb themeluar m\u00eb 22 qershor t\u00eb vitit 2005 si Drejtoria p\u00ebr Mbrojtjen e t\u00eb Dh\u00ebnave Personale, kur u em\u00ebrua drejtori i par\u00eb me Vendim t\u00eb Kuvendit t\u00eb Republik\u00ebs s\u00eb Maqedonis\u00eb. Gjat\u00eb ekzistimit t\u00eb saj ajo e p\u00ebrforcoi \u00a0pozicionin si mbrojt\u00ebs dhe promotor \u00a0i njohur i t\u00eb drejt\u00ebs p\u00ebr privat\u00ebsi t\u00eb personave fizik n\u00eb drejtim t\u00eb p\u00ebrpunimit t\u00eb t\u00eb dh\u00ebnave t\u00eb tyre personale, e \u00a0gatshme t&#8217;i p\u00ebrgjigj\u0435t \u00a0sfidave t\u00eb zhvillimit teknologjik gjithnj\u00eb e m\u00eb t\u00eb sofistikuar.<\/p>\n<p>Me rastin e 16 vjetorit, Agjencia n\u00eb bashk\u00ebpunim me Qendr\u00ebn e Gjenev\u00ebs p\u00ebr menaxhimin e sektorit t\u00eb siguris\u00eb \u2013 DKAF \u00ebsht\u00eb krenare t\u00eb njoftoj\u00eb se ka krijuar Udh\u00ebzuesin Virtual origjinal t\u00eb Agjencis\u00eb p\u00ebr Mbrojtjen e t\u00eb Dh\u00ebnave Personale \u2013 Di-pi-o (DPO), si nj\u00eb hap tjet\u00ebr n\u00eb p\u00ebrafrimin e fush\u00ebs s\u00eb privat\u00ebsis\u00eb dhe mbrojtjes s\u00eb t\u00eb dh\u00ebnave personale m\u00eb pran\u00eb qytetar\u00ebve t\u00eb Republik\u00ebs s\u00eb Maqedonis\u00eb s\u00eb Veriut. Q\u00ebllimi i Di-Pi-o \u00a0\u00ebsht\u00eb njohja e qytetar\u00ebve me t\u00eb drejtat e tyre n\u00eb k\u00ebt\u00eb fush\u00eb n\u00eb m\u00ebnyr\u00eb m\u00eb t\u00eb thjesht\u00eb, me \u00e7ka do t\u00eb mund\u00ebsohej realizimi i k\u00ebtyre t\u00eb drejtave n\u00eb m\u00ebnyr\u00eb m\u00eb efikase. Udh\u00ebzuesi ofron k\u00ebshilla t\u00eb dobishme se si qytetar\u00ebt mund t\u00eb mbrojn\u00eb t\u00eb dh\u00ebnat e tyre personale dhe informacionet e ndjeshme, zbulimi i t\u00eb cilave do t\u00eb cenonte privat\u00ebsin\u00eb e tyre. Gjithashtu udh\u00ebzohen qytetar\u00ebt se si dhe ku t\u00eb paraqesin keqp\u00ebrdorimin e t\u00eb dh\u00ebnave personale dhe cilat hapa duhet t\u2019i nd\u00ebrmarrin. Agjencia konsideron \u00a0se me rritjen e njohurive p\u00ebr vlerat e t\u00eb dh\u00ebnave personale q\u00eb posedojm\u00eb do t\u00eb ndihmoj\u00eb n\u00eb trajtimin m\u00eb t\u00eb leht\u00eb t\u00eb rreziqeve q\u00eb ekzistojn\u00eb p\u00ebr ta n\u00eb k\u00ebt\u00eb epok\u00eb digjitale.<\/p>\n","protected":false},"excerpt":{"rendered":"<p>Sot sh\u00ebnohet 16-vjetori i ekzistimit t\u00eb Agjencis\u00eb p\u00ebr Mbrojtjen e [&hellip;]<\/p>\n","protected":false},"author":1,"featured_media":10465,"comment_status":"open","ping_status":"open","sticky":false,"template":"","format":"standard","meta":{"footnotes":""},"categories":[80],"tags":[],"yoast_head":"<!-- This site is optimized with the Yoast SEO plugin v19.9 - https:\/\/yoast.com\/wordpress\/plugins\/seo\/ -->\n<title>Sh\u00ebnohet 16-vjetori i themelimit t\u00eb AMDhP - \u0410\u0433\u0435\u043d\u0446\u0438\u0458\u0430 \u0437\u0430 \u0437\u0430\u0448\u0442\u0438\u0442\u0430 \u043d\u0430 \u043b\u0438\u0447\u043d\u0438\u0442\u0435 \u043f\u043e\u0434\u0430\u0442\u043e\u0446\u0438<\/title>\n<meta name=\"robots\" content=\"index, follow, max-snippet:-1, max-image-preview:large, max-video-preview:-1\" \/>\n<link rel=\"canonical\" href=\"https:\/\/azlp.mk\/sq\/festimi-i-16-vjetorit-te-themelimit-te-azlp\/\" \/>\n<meta property=\"og:locale\" content=\"sq_AL\" \/>\n<meta property=\"og:type\" content=\"article\" \/>\n<meta property=\"og:title\" content=\"Sh\u00ebnohet 16-vjetori i themelimit t\u00eb AMDhP - \u0410\u0433\u0435\u043d\u0446\u0438\u0458\u0430 \u0437\u0430 \u0437\u0430\u0448\u0442\u0438\u0442\u0430 \u043d\u0430 \u043b\u0438\u0447\u043d\u0438\u0442\u0435 \u043f\u043e\u0434\u0430\u0442\u043e\u0446\u0438\" \/>\n<meta property=\"og:description\" content=\"Sot sh\u00ebnohet 16-vjetori i ekzistimit t\u00eb Agjencis\u00eb p\u00ebr Mbrojtjen e [&hellip;]\" \/>\n<meta property=\"og:url\" content=\"https:\/\/azlp.mk\/sq\/festimi-i-16-vjetorit-te-themelimit-te-azlp\/\" \/>\n<meta property=\"og:site_name\" content=\"\u0410\u0433\u0435\u043d\u0446\u0438\u0458\u0430 \u0437\u0430 \u0437\u0430\u0448\u0442\u0438\u0442\u0430 \u043d\u0430 \u043b\u0438\u0447\u043d\u0438\u0442\u0435 \u043f\u043e\u0434\u0430\u0442\u043e\u0446\u0438\" \/>\n<meta property=\"article:published_time\" content=\"2021-06-22T11:03:31+00:00\" \/>\n<meta property=\"article:modified_time\" content=\"2022-12-14T12:02:13+00:00\" \/>\n<meta property=\"og:image\" content=\"https:\/\/azlp.mk\/wp-content\/uploads\/2022\/11\/di-pi-o.jpg\" \/>\n\t<meta property=\"og:image:width\" content=\"480\" \/>\n\t<meta property=\"og:image:height\" content=\"302\" \/>\n\t<meta property=\"og:image:type\" content=\"image\/jpeg\" \/>\n<meta name=\"author\" content=\"admin\" \/>\n<meta name=\"twitter:card\" content=\"summary_large_image\" \/>\n<meta name=\"twitter:label1\" content=\"Written by\" \/>\n\t<meta name=\"twitter:data1\" content=\"admin\" \/>\n\t<meta name=\"twitter:label2\" content=\"Est. reading time\" \/>\n\t<meta name=\"twitter:data2\" content=\"2 minutes\" \/>\n<script type=\"application\/ld+json\" class=\"yoast-schema-graph\">{\"@context\":\"https:\/\/schema.org\",\"@graph\":[{\"@type\":\"WebPage\",\"@id\":\"https:\/\/azlp.mk\/sq\/festimi-i-16-vjetorit-te-themelimit-te-azlp\/\",\"url\":\"https:\/\/azlp.mk\/sq\/festimi-i-16-vjetorit-te-themelimit-te-azlp\/\",\"name\":\"Sh\u00ebnohet 16-vjetori i themelimit t\u00eb AMDhP - \u0410\u0433\u0435\u043d\u0446\u0438\u0458\u0430 \u0437\u0430 \u0437\u0430\u0448\u0442\u0438\u0442\u0430 \u043d\u0430 \u043b\u0438\u0447\u043d\u0438\u0442\u0435 \u043f\u043e\u0434\u0430\u0442\u043e\u0446\u0438\",\"isPartOf\":{\"@id\":\"https:\/\/azlp.mk\/#website\"},\"datePublished\":\"2021-06-22T11:03:31+00:00\",\"dateModified\":\"2022-12-14T12:02:13+00:00\",\"author\":{\"@id\":\"https:\/\/azlp.mk\/#\/schema\/person\/9ea716567edd00a311020cf60d084df5\"},\"breadcrumb\":{\"@id\":\"https:\/\/azlp.mk\/sq\/festimi-i-16-vjetorit-te-themelimit-te-azlp\/#breadcrumb\"},\"inLanguage\":\"sq-AL\",\"potentialAction\":[{\"@type\":\"ReadAction\",\"target\":[\"https:\/\/azlp.mk\/sq\/festimi-i-16-vjetorit-te-themelimit-te-azlp\/\"]}]},{\"@type\":\"BreadcrumbList\",\"@id\":\"https:\/\/azlp.mk\/sq\/festimi-i-16-vjetorit-te-themelimit-te-azlp\/#breadcrumb\",\"itemListElement\":[{\"@type\":\"ListItem\",\"position\":1,\"name\":\"Ballina\",\"item\":\"https:\/\/azlp.mk\/sq\/\"},{\"@type\":\"ListItem\",\"position\":2,\"name\":\"Sh\u00ebnohet 16-vjetori i themelimit t\u00eb AMDhP\"}]},{\"@type\":\"WebSite\",\"@id\":\"https:\/\/azlp.mk\/#website\",\"url\":\"https:\/\/azlp.mk\/\",\"name\":\"\u0410\u0433\u0435\u043d\u0446\u0438\u0458\u0430 \u0437\u0430 \u0437\u0430\u0448\u0442\u0438\u0442\u0430 \u043d\u0430 \u043b\u0438\u0447\u043d\u0438\u0442\u0435 \u043f\u043e\u0434\u0430\u0442\u043e\u0446\u0438\",\"description\":\"\",\"potentialAction\":[{\"@type\":\"SearchAction\",\"target\":{\"@type\":\"EntryPoint\",\"urlTemplate\":\"https:\/\/azlp.mk\/?s={search_term_string}\"},\"query-input\":\"required name=search_term_string\"}],\"inLanguage\":\"sq-AL\"},{\"@type\":\"Person\",\"@id\":\"https:\/\/azlp.mk\/#\/schema\/person\/9ea716567edd00a311020cf60d084df5\",\"name\":\"admin\",\"image\":{\"@type\":\"ImageObject\",\"inLanguage\":\"sq-AL\",\"@id\":\"https:\/\/azlp.mk\/#\/schema\/person\/image\/\",\"url\":\"https:\/\/secure.gravatar.com\/avatar\/d7fd94b33a4de95adb8a3b93535db69b?s=96&d=mm&r=g\",\"contentUrl\":\"https:\/\/secure.gravatar.com\/avatar\/d7fd94b33a4de95adb8a3b93535db69b?s=96&d=mm&r=g\",\"caption\":\"admin\"},\"sameAs\":[\"https:\/\/azlp.mk\"],\"url\":\"https:\/\/azlp.mk\/sq\/author\/oliver\/\"}]}<\/script>\n<!-- \/ Yoast SEO plugin. -->","yoast_head_json":{"title":"Sh\u00ebnohet 16-vjetori i themelimit t\u00eb AMDhP - \u0410\u0433\u0435\u043d\u0446\u0438\u0458\u0430 \u0437\u0430 \u0437\u0430\u0448\u0442\u0438\u0442\u0430 \u043d\u0430 \u043b\u0438\u0447\u043d\u0438\u0442\u0435 \u043f\u043e\u0434\u0430\u0442\u043e\u0446\u0438","robots":{"index":"index","follow":"follow","max-snippet":"max-snippet:-1","max-image-preview":"max-image-preview:large","max-video-preview":"max-video-preview:-1"},"canonical":"https:\/\/azlp.mk\/sq\/festimi-i-16-vjetorit-te-themelimit-te-azlp\/","og_locale":"sq_AL","og_type":"article","og_title":"Sh\u00ebnohet 16-vjetori i themelimit t\u00eb AMDhP - \u0410\u0433\u0435\u043d\u0446\u0438\u0458\u0430 \u0437\u0430 \u0437\u0430\u0448\u0442\u0438\u0442\u0430 \u043d\u0430 \u043b\u0438\u0447\u043d\u0438\u0442\u0435 \u043f\u043e\u0434\u0430\u0442\u043e\u0446\u0438","og_description":"Sot sh\u00ebnohet 16-vjetori i ekzistimit t\u00eb Agjencis\u00eb p\u00ebr Mbrojtjen e [&hellip;]","og_url":"https:\/\/azlp.mk\/sq\/festimi-i-16-vjetorit-te-themelimit-te-azlp\/","og_site_name":"\u0410\u0433\u0435\u043d\u0446\u0438\u0458\u0430 \u0437\u0430 \u0437\u0430\u0448\u0442\u0438\u0442\u0430 \u043d\u0430 \u043b\u0438\u0447\u043d\u0438\u0442\u0435 \u043f\u043e\u0434\u0430\u0442\u043e\u0446\u0438","article_published_time":"2021-06-22T11:03:31+00:00","article_modified_time":"2022-12-14T12:02:13+00:00","og_image":[{"width":480,"height":302,"url":"https:\/\/azlp.mk\/wp-content\/uploads\/2022\/11\/di-pi-o.jpg","type":"image\/jpeg"}],"author":"admin","twitter_card":"summary_large_image","twitter_misc":{"Written by":"admin","Est. reading time":"2 minutes"},"schema":{"@context":"https:\/\/schema.org","@graph":[{"@type":"WebPage","@id":"https:\/\/azlp.mk\/sq\/festimi-i-16-vjetorit-te-themelimit-te-azlp\/","url":"https:\/\/azlp.mk\/sq\/festimi-i-16-vjetorit-te-themelimit-te-azlp\/","name":"Sh\u00ebnohet 16-vjetori i themelimit t\u00eb AMDhP - \u0410\u0433\u0435\u043d\u0446\u0438\u0458\u0430 \u0437\u0430 \u0437\u0430\u0448\u0442\u0438\u0442\u0430 \u043d\u0430 \u043b\u0438\u0447\u043d\u0438\u0442\u0435 \u043f\u043e\u0434\u0430\u0442\u043e\u0446\u0438","isPartOf":{"@id":"https:\/\/azlp.mk\/#website"},"datePublished":"2021-06-22T11:03:31+00:00","dateModified":"2022-12-14T12:02:13+00:00","author":{"@id":"https:\/\/azlp.mk\/#\/schema\/person\/9ea716567edd00a311020cf60d084df5"},"breadcrumb":{"@id":"https:\/\/azlp.mk\/sq\/festimi-i-16-vjetorit-te-themelimit-te-azlp\/#breadcrumb"},"inLanguage":"sq-AL","potentialAction":[{"@type":"ReadAction","target":["https:\/\/azlp.mk\/sq\/festimi-i-16-vjetorit-te-themelimit-te-azlp\/"]}]},{"@type":"BreadcrumbList","@id":"https:\/\/azlp.mk\/sq\/festimi-i-16-vjetorit-te-themelimit-te-azlp\/#breadcrumb","itemListElement":[{"@type":"ListItem","position":1,"name":"Ballina","item":"https:\/\/azlp.mk\/sq\/"},{"@type":"ListItem","position":2,"name":"Sh\u00ebnohet 16-vjetori i themelimit t\u00eb AMDhP"}]},{"@type":"WebSite","@id":"https:\/\/azlp.mk\/#website","url":"https:\/\/azlp.mk\/","name":"\u0410\u0433\u0435\u043d\u0446\u0438\u0458\u0430 \u0437\u0430 \u0437\u0430\u0448\u0442\u0438\u0442\u0430 \u043d\u0430 \u043b\u0438\u0447\u043d\u0438\u0442\u0435 \u043f\u043e\u0434\u0430\u0442\u043e\u0446\u0438","description":"","potentialAction":[{"@type":"SearchAction","target":{"@type":"EntryPoint","urlTemplate":"https:\/\/azlp.mk\/?s={search_term_string}"},"query-input":"required name=search_term_string"}],"inLanguage":"sq-AL"},{"@type":"Person","@id":"https:\/\/azlp.mk\/#\/schema\/person\/9ea716567edd00a311020cf60d084df5","name":"admin","image":{"@type":"ImageObject","inLanguage":"sq-AL","@id":"https:\/\/azlp.mk\/#\/schema\/person\/image\/","url":"https:\/\/secure.gravatar.com\/avatar\/d7fd94b33a4de95adb8a3b93535db69b?s=96&d=mm&r=g","contentUrl":"https:\/\/secure.gravatar.com\/avatar\/d7fd94b33a4de95adb8a3b93535db69b?s=96&d=mm&r=g","caption":"admin"},"sameAs":["https:\/\/azlp.mk"],"url":"https:\/\/azlp.mk\/sq\/author\/oliver\/"}]}},"_links":{"self":[{"href":"https:\/\/azlp.mk\/sq\/wp-json\/wp\/v2\/posts\/10464"}],"collection":[{"href":"https:\/\/azlp.mk\/sq\/wp-json\/wp\/v2\/posts"}],"about":[{"href":"https:\/\/azlp.mk\/sq\/wp-json\/wp\/v2\/types\/post"}],"author":[{"embeddable":true,"href":"https:\/\/azlp.mk\/sq\/wp-json\/wp\/v2\/users\/1"}],"replies":[{"embeddable":true,"href":"https:\/\/azlp.mk\/sq\/wp-json\/wp\/v2\/comments?post=10464"}],"version-history":[{"count":1,"href":"https:\/\/azlp.mk\/sq\/wp-json\/wp\/v2\/posts\/10464\/revisions"}],"predecessor-version":[{"id":12712,"href":"https:\/\/azlp.mk\/sq\/wp-json\/wp\/v2\/posts\/10464\/revisions\/12712"}],"wp:featuredmedia":[{"embeddable":true,"href":"https:\/\/azlp.mk\/sq\/wp-json\/wp\/v2\/media\/10465"}],"wp:attachment":[{"href":"https:\/\/azlp.mk\/sq\/wp-json\/wp\/v2\/media?parent=10464"}],"wp:term":[{"taxonomy":"category","embeddable":true,"href":"https:\/\/azlp.mk\/sq\/wp-json\/wp\/v2\/categories?post=10464"},{"taxonomy":"post_tag","embeddable":true,"href":"https:\/\/azlp.mk\/sq\/wp-json\/wp\/v2\/tags?post=10464"}],"curies":[{"name":"wp","href":"https:\/\/api.w.org\/{rel}","templated":true}]}}