{"id":10460,"date":"2021-07-02T13:57:39","date_gmt":"2021-07-02T11:57:39","guid":{"rendered":"https:\/\/azlp.mk\/prezantimi-i-projektit-te-binjakezimit-mbeshtetje-ne-zbatimin-e-kuadrit-ligjor-te-modernizuar-per-mbrojtjen-e-te-dhenave-personale\/"},"modified":"2022-12-14T14:00:27","modified_gmt":"2022-12-14T12:00:27","slug":"prezantimi-i-projektit-te-binjakezimit-mbeshtetje-ne-zbatimin-e-kuadrit-ligjor-te-modernizuar-per-mbrojtjen-e-te-dhenave-personale","status":"publish","type":"post","link":"https:\/\/azlp.mk\/sq\/prezantimi-i-projektit-te-binjakezimit-mbeshtetje-ne-zbatimin-e-kuadrit-ligjor-te-modernizuar-per-mbrojtjen-e-te-dhenave-personale\/","title":{"rendered":"Prezantimi i twinning projektit &#8220;Mb\u00ebshtetje n\u00eb zbatimin e korniz\u00ebs s\u00eb modernizuar komb\u00ebtare p\u00ebr mbrojtjen e t\u00eb dh\u00ebnave personale&#8221;"},"content":{"rendered":"<p>M\u00eb dat\u00eb 01.07.2021 u mbajt prezantimi online i twinning projektit &#8220;Mb\u00ebshtetje n\u00eb zbatimin e korniz\u00ebs s\u00eb modernizuar komb\u00ebtare p\u00ebr mbrojtjen e t\u00eb dh\u00ebnave personale&#8221;, i cili do t\u00eb zbatohet nga konsorciumi i p\u00ebrb\u00ebr\u00eb nga Agjencia p\u00ebr Mbrojtjen e t\u00eb Dh\u00ebnave Personale t\u00eb Republik\u00ebs s\u00eb Kroacis\u00eb dhe Fondacioni Gjerman p\u00ebr bashk\u00ebpunimin juridik nd\u00ebrkomb\u00ebtar t\u00eb Republik\u00ebs Federale t\u00eb Gjermanis\u00eb.<\/p>\n<p>Q\u00ebllimi kryesor i projektit \u00ebsht\u00eb t\u00eb p\u00ebrmir\u00ebsoj\u00eb mbrojtjen e t\u00eb drejtave themelore t\u00eb njeriut dhe sistemin komb\u00ebtar p\u00ebr mbrojtjen e t\u00eb dh\u00ebnave personale n\u00eb Maqedonin\u00eb e Veriut n\u00eb p\u00ebrputhje me standardet e legjislacionit t\u00eb Bashkimit Evropian. Q\u00ebllimi specifik i projektit \u00ebsht\u00eb t\u00eb p\u00ebrmir\u00ebsoj\u00eb performanc\u00ebn e Agjencis\u00eb p\u00ebr Mbrojtjen e t\u00eb Dh\u00ebnave Personale p\u00ebr t\u00eb zbatuar korniz\u00ebn ligjore t\u00eb modernizuar p\u00ebr mbrojtjen e t\u00eb dh\u00ebnave personale duke forcuar kapacitetin institucional, korniz\u00ebn ligjore dhe rregullatore dhe nd\u00ebrgjegj\u00ebsimin e publikut p\u00ebr mbrojtjen e t\u00eb dh\u00ebnave personale.<\/p>\n<p>N\u00eb fjal\u00ebn hyr\u00ebse, drejtori i AMDhP-s\u00eb z. Imer Aliu theksoi se &#8221; Twinning projekti fillon n\u00eb nj\u00eb moment vendimtar p\u00ebr Agjencin\u00eb, duke pasur parasysh q\u00eb n\u00eb Gusht p\u00ebrfundon procesi i harmonizimit me Ligjin e ri p\u00ebr Mbrojtjen e t\u00eb Dh\u00ebnave Personale. Agjencia ekziston p\u00ebr 16 vjet dhe vazhdimisht po zhvillohet. Prandaj, projekti \u00ebsht\u00eb i r\u00ebnd\u00ebsish\u00ebm p\u00ebr forcimin e kapaciteteve institucionale t\u00eb Agjencis\u00eb. &#8220;Agjencia ka nj\u00eb ekip me p\u00ebrvoj\u00eb dhe t\u00eb p\u00ebrkushtuar q\u00eb do t\u00eb punoj\u00eb me koleg\u00eb dhe ekspert\u00eb nga Kroacia dhe Gjermania.&#8221; Z. Aliu \u00ebsht\u00eb i bindur se do t\u00eb ket\u00eb nj\u00eb bashk\u00ebpunim t\u00eb suksessh\u00ebm dhe t\u00eb frytsh\u00ebm dhe se do t\u00eb vazhdoj\u00eb edhe pas p\u00ebrfundimit t\u00eb projektit.<\/p>\n<p>Faleminderim t\u00eb ve\u00e7ant\u00eb z. Aliu i ka shprehur Delegacionit t\u00eb BE-s\u00eb i cili ka leht\u00ebsuar dhe mb\u00ebshtetur k\u00ebt\u00eb bashk\u00ebpunim.<\/p>\n<p><em>Gjat\u00eb prezantimit t\u00eb projektit, n\u00eb fjal\u00ebn e tij hyr\u00ebse, Drejtori i Agjencis\u00eb p\u00ebr Mbrojtjen e t\u00eb Dh\u00ebnave Personale t\u00eb Republik\u00ebs s\u00eb Kroacis\u00eb Zdravko Vukiq iu fal\u00ebnderua p\u00ebr besimin dhe mund\u00ebsin\u00eb e dh\u00ebn\u00eb Agjencis\u00eb p\u00ebr t\u00eb mb\u00ebshtetur zbatimin e korniz\u00ebs ligjore t\u00eb modernizuar p\u00ebr mbrojtjen e t\u00eb dh\u00ebnave personale n\u00eb Maqedonin\u00eb e Veriut &#8220;Ne i kuptojm\u00eb v\u00ebshtir\u00ebsit\u00eb me t\u00eb cilat p\u00ebrballeni sepse deri von\u00eb i kemi pasur ato vet\u00eb. S\u00eb bashku me koleg\u00ebt gjerman\u00eb me p\u00ebrvoj\u00eb, ne mund t\u00eb p\u00ebrballojm\u00eb me sukses t\u00eb gjitha sfidat dhe t\u00eb sigurojm\u00eb mb\u00ebshtetje n\u00eb rrug\u00ebn tuaj drejt Bashkimit Evropian.<\/em><\/p>\n<p>Un\u00eb kam besim se s\u00eb bashku do t\u00eb arrijm\u00eb rezultate t\u00eb q\u00ebndrueshme dhe se ky projekt do t\u00eb siguroj\u00eb nj\u00eb baz\u00eb t\u00eb mir\u00eb p\u00ebr pun\u00ebn e Agjencis\u00eb p\u00ebr Mbrojtjen e t\u00eb Dh\u00ebnave t\u00eb Maqedonis s\u00eb Veriut dhe institucioneve t\u00eb tjera.&#8221;<\/p>\n<p>Twininng projekti &#8220;Mb\u00ebshtetje n\u00eb zbatimin e korniz\u00ebs komb\u00ebtare t\u00eb modernizuar p\u00ebr mbrojtjen e t\u00eb dh\u00ebnave personale&#8221; do t\u00eb zbatohet p\u00ebr nj\u00eb periudh\u00eb prej 15 muajsh.P\u00ebrmes projektit \u00ebsht\u00eb planifikuar t\u00eb arrihen m\u00eb shum\u00eb rezultate:<\/p>\n<ul>\n<li>P\u00ebrpilimi i udh\u00ebzuesve p\u00ebr zbatimin e risive t\u00eb Ligjit p\u00ebr mbrojtjen e t\u00eb dh\u00ebnave personale n\u00eb temat vijuese: transparenca dhe t\u00eb drejtat e subjektit t\u00eb t\u00eb dh\u00ebnave personale, e drejta p\u00ebr transferimin e t\u00eb dh\u00ebnave personale, vler\u00ebsimi i ndikimit t\u00eb mbrojtjes s\u00eb t\u00eb dh\u00ebnave personale,mbrojta teknike dhe e integruar e t\u00eb dh\u00ebnave (data protection by design and by default), pseudonimizimi dhe teknikat e anonimizimit, p\u00ebrpunimi i t\u00eb dh\u00ebnave personale p\u00ebr q\u00ebllime shkencore, historike dhe statistikore, transferimi i t\u00eb dh\u00ebnave personale, vendimmarrja automatike p\u00ebrfshir\u00eb profilizimin;<\/li>\n<li>P\u00ebrpilimi i procedurave standarde operative t\u00eb funksionimit p\u00ebr zbatimin efikas t\u00eb kompetencave t\u00eb reja t\u00eb Agjencis\u00eb q\u00eb dalin nga Ligji p\u00ebr mbrojtjen e t\u00eb dh\u00ebnave personale;<\/li>\n<li>P\u00ebrpilimi i metodologjis\u00eb p\u00ebr harmonizimin e rregulloreve sektoriale dhe vler\u00ebsimin e ndikimit t\u00eb mbrojtjes s\u00eb t\u00eb dh\u00ebnave personale t\u00eb rregulluara n\u00eb Ligjin p\u00ebr mbrojtjen e t\u00eb dh\u00ebnave personale;<\/li>\n<li>Forcimi i kapaciteteve t\u00eb punonj\u00ebsve n\u00eb Agjenci dhe punonj\u00ebsve nga institucionet e tjera p\u00ebrkat\u00ebse shtet\u00ebrore dhe organet p\u00ebr zbatim t\u00eb ligjit p\u00ebrmes organizimit t\u00eb pun\u00ebtorive n\u00eb lidhje me risit\u00eb nga Rregullorja e P\u00ebrgjithshme p\u00ebr Mbrojtjen e t\u00eb Dh\u00ebnave Personale dhe e ashtuquajtura Direktiv\u00eb Policore; dhe<\/li>\n<li>\u00a0P\u00ebrgatitja e mjeteve t\u00eb reja p\u00ebr kontrolluesit dhe qytetar\u00ebt p\u00ebr zbatimin m\u00eb t\u00eb leht\u00eb t\u00eb Ligjit p\u00ebr mbrojtjen e t\u00eb dh\u00ebnave personale.<\/li>\n<\/ul>\n","protected":false},"excerpt":{"rendered":"<p>M\u00eb dat\u00eb 01.07.2021 u mbajt prezantimi online i twinning projektit [&hellip;]<\/p>\n","protected":false},"author":1,"featured_media":10461,"comment_status":"open","ping_status":"open","sticky":false,"template":"","format":"standard","meta":{"footnotes":""},"categories":[80],"tags":[],"yoast_head":"<!-- This site is optimized with the Yoast SEO plugin v19.9 - https:\/\/yoast.com\/wordpress\/plugins\/seo\/ -->\n<title>Prezantimi i twinning projektit &quot;Mb\u00ebshtetje n\u00eb zbatimin e korniz\u00ebs s\u00eb modernizuar komb\u00ebtare p\u00ebr mbrojtjen e t\u00eb dh\u00ebnave personale&quot; - \u0410\u0433\u0435\u043d\u0446\u0438\u0458\u0430 \u0437\u0430 \u0437\u0430\u0448\u0442\u0438\u0442\u0430 \u043d\u0430 \u043b\u0438\u0447\u043d\u0438\u0442\u0435 \u043f\u043e\u0434\u0430\u0442\u043e\u0446\u0438<\/title>\n<meta name=\"robots\" content=\"index, follow, max-snippet:-1, max-image-preview:large, max-video-preview:-1\" \/>\n<link rel=\"canonical\" href=\"https:\/\/azlp.mk\/sq\/prezantimi-i-projektit-te-binjakezimit-mbeshtetje-ne-zbatimin-e-kuadrit-ligjor-te-modernizuar-per-mbrojtjen-e-te-dhenave-personale\/\" \/>\n<meta property=\"og:locale\" content=\"sq_AL\" \/>\n<meta property=\"og:type\" content=\"article\" \/>\n<meta property=\"og:title\" content=\"Prezantimi i twinning projektit &quot;Mb\u00ebshtetje n\u00eb zbatimin e korniz\u00ebs s\u00eb modernizuar komb\u00ebtare p\u00ebr mbrojtjen e t\u00eb dh\u00ebnave personale&quot; - \u0410\u0433\u0435\u043d\u0446\u0438\u0458\u0430 \u0437\u0430 \u0437\u0430\u0448\u0442\u0438\u0442\u0430 \u043d\u0430 \u043b\u0438\u0447\u043d\u0438\u0442\u0435 \u043f\u043e\u0434\u0430\u0442\u043e\u0446\u0438\" \/>\n<meta property=\"og:description\" content=\"M\u00eb dat\u00eb 01.07.2021 u mbajt prezantimi online i twinning projektit [&hellip;]\" \/>\n<meta property=\"og:url\" content=\"https:\/\/azlp.mk\/sq\/prezantimi-i-projektit-te-binjakezimit-mbeshtetje-ne-zbatimin-e-kuadrit-ligjor-te-modernizuar-per-mbrojtjen-e-te-dhenave-personale\/\" \/>\n<meta property=\"og:site_name\" content=\"\u0410\u0433\u0435\u043d\u0446\u0438\u0458\u0430 \u0437\u0430 \u0437\u0430\u0448\u0442\u0438\u0442\u0430 \u043d\u0430 \u043b\u0438\u0447\u043d\u0438\u0442\u0435 \u043f\u043e\u0434\u0430\u0442\u043e\u0446\u0438\" \/>\n<meta property=\"article:published_time\" content=\"2021-07-02T11:57:39+00:00\" \/>\n<meta property=\"article:modified_time\" content=\"2022-12-14T12:00:27+00:00\" \/>\n<meta property=\"og:image\" content=\"https:\/\/azlp.mk\/wp-content\/uploads\/2022\/11\/twinning.jpg\" \/>\n\t<meta property=\"og:image:width\" content=\"332\" \/>\n\t<meta property=\"og:image:height\" content=\"378\" \/>\n\t<meta property=\"og:image:type\" content=\"image\/jpeg\" \/>\n<meta name=\"author\" content=\"admin\" \/>\n<meta name=\"twitter:card\" content=\"summary_large_image\" \/>\n<meta name=\"twitter:label1\" content=\"Written by\" \/>\n\t<meta name=\"twitter:data1\" content=\"admin\" \/>\n\t<meta name=\"twitter:label2\" content=\"Est. reading time\" \/>\n\t<meta name=\"twitter:data2\" content=\"3 minutes\" \/>\n<script type=\"application\/ld+json\" class=\"yoast-schema-graph\">{\"@context\":\"https:\/\/schema.org\",\"@graph\":[{\"@type\":\"WebPage\",\"@id\":\"https:\/\/azlp.mk\/sq\/prezantimi-i-projektit-te-binjakezimit-mbeshtetje-ne-zbatimin-e-kuadrit-ligjor-te-modernizuar-per-mbrojtjen-e-te-dhenave-personale\/\",\"url\":\"https:\/\/azlp.mk\/sq\/prezantimi-i-projektit-te-binjakezimit-mbeshtetje-ne-zbatimin-e-kuadrit-ligjor-te-modernizuar-per-mbrojtjen-e-te-dhenave-personale\/\",\"name\":\"Prezantimi i twinning projektit \\\"Mb\u00ebshtetje n\u00eb zbatimin e korniz\u00ebs s\u00eb modernizuar komb\u00ebtare p\u00ebr mbrojtjen e t\u00eb dh\u00ebnave personale\\\" - \u0410\u0433\u0435\u043d\u0446\u0438\u0458\u0430 \u0437\u0430 \u0437\u0430\u0448\u0442\u0438\u0442\u0430 \u043d\u0430 \u043b\u0438\u0447\u043d\u0438\u0442\u0435 \u043f\u043e\u0434\u0430\u0442\u043e\u0446\u0438\",\"isPartOf\":{\"@id\":\"https:\/\/azlp.mk\/#website\"},\"datePublished\":\"2021-07-02T11:57:39+00:00\",\"dateModified\":\"2022-12-14T12:00:27+00:00\",\"author\":{\"@id\":\"https:\/\/azlp.mk\/#\/schema\/person\/9ea716567edd00a311020cf60d084df5\"},\"breadcrumb\":{\"@id\":\"https:\/\/azlp.mk\/sq\/prezantimi-i-projektit-te-binjakezimit-mbeshtetje-ne-zbatimin-e-kuadrit-ligjor-te-modernizuar-per-mbrojtjen-e-te-dhenave-personale\/#breadcrumb\"},\"inLanguage\":\"sq-AL\",\"potentialAction\":[{\"@type\":\"ReadAction\",\"target\":[\"https:\/\/azlp.mk\/sq\/prezantimi-i-projektit-te-binjakezimit-mbeshtetje-ne-zbatimin-e-kuadrit-ligjor-te-modernizuar-per-mbrojtjen-e-te-dhenave-personale\/\"]}]},{\"@type\":\"BreadcrumbList\",\"@id\":\"https:\/\/azlp.mk\/sq\/prezantimi-i-projektit-te-binjakezimit-mbeshtetje-ne-zbatimin-e-kuadrit-ligjor-te-modernizuar-per-mbrojtjen-e-te-dhenave-personale\/#breadcrumb\",\"itemListElement\":[{\"@type\":\"ListItem\",\"position\":1,\"name\":\"Ballina\",\"item\":\"https:\/\/azlp.mk\/sq\/\"},{\"@type\":\"ListItem\",\"position\":2,\"name\":\"Prezantimi i twinning projektit &#8220;Mb\u00ebshtetje n\u00eb zbatimin e korniz\u00ebs s\u00eb modernizuar komb\u00ebtare p\u00ebr mbrojtjen e t\u00eb dh\u00ebnave personale&#8221;\"}]},{\"@type\":\"WebSite\",\"@id\":\"https:\/\/azlp.mk\/#website\",\"url\":\"https:\/\/azlp.mk\/\",\"name\":\"\u0410\u0433\u0435\u043d\u0446\u0438\u0458\u0430 \u0437\u0430 \u0437\u0430\u0448\u0442\u0438\u0442\u0430 \u043d\u0430 \u043b\u0438\u0447\u043d\u0438\u0442\u0435 \u043f\u043e\u0434\u0430\u0442\u043e\u0446\u0438\",\"description\":\"\",\"potentialAction\":[{\"@type\":\"SearchAction\",\"target\":{\"@type\":\"EntryPoint\",\"urlTemplate\":\"https:\/\/azlp.mk\/?s={search_term_string}\"},\"query-input\":\"required name=search_term_string\"}],\"inLanguage\":\"sq-AL\"},{\"@type\":\"Person\",\"@id\":\"https:\/\/azlp.mk\/#\/schema\/person\/9ea716567edd00a311020cf60d084df5\",\"name\":\"admin\",\"image\":{\"@type\":\"ImageObject\",\"inLanguage\":\"sq-AL\",\"@id\":\"https:\/\/azlp.mk\/#\/schema\/person\/image\/\",\"url\":\"https:\/\/secure.gravatar.com\/avatar\/d7fd94b33a4de95adb8a3b93535db69b?s=96&d=mm&r=g\",\"contentUrl\":\"https:\/\/secure.gravatar.com\/avatar\/d7fd94b33a4de95adb8a3b93535db69b?s=96&d=mm&r=g\",\"caption\":\"admin\"},\"sameAs\":[\"https:\/\/azlp.mk\"],\"url\":\"https:\/\/azlp.mk\/sq\/author\/oliver\/\"}]}<\/script>\n<!-- \/ Yoast SEO plugin. -->","yoast_head_json":{"title":"Prezantimi i twinning projektit \"Mb\u00ebshtetje n\u00eb zbatimin e korniz\u00ebs s\u00eb modernizuar komb\u00ebtare p\u00ebr mbrojtjen e t\u00eb dh\u00ebnave personale\" - \u0410\u0433\u0435\u043d\u0446\u0438\u0458\u0430 \u0437\u0430 \u0437\u0430\u0448\u0442\u0438\u0442\u0430 \u043d\u0430 \u043b\u0438\u0447\u043d\u0438\u0442\u0435 \u043f\u043e\u0434\u0430\u0442\u043e\u0446\u0438","robots":{"index":"index","follow":"follow","max-snippet":"max-snippet:-1","max-image-preview":"max-image-preview:large","max-video-preview":"max-video-preview:-1"},"canonical":"https:\/\/azlp.mk\/sq\/prezantimi-i-projektit-te-binjakezimit-mbeshtetje-ne-zbatimin-e-kuadrit-ligjor-te-modernizuar-per-mbrojtjen-e-te-dhenave-personale\/","og_locale":"sq_AL","og_type":"article","og_title":"Prezantimi i twinning projektit \"Mb\u00ebshtetje n\u00eb zbatimin e korniz\u00ebs s\u00eb modernizuar komb\u00ebtare p\u00ebr mbrojtjen e t\u00eb dh\u00ebnave personale\" - \u0410\u0433\u0435\u043d\u0446\u0438\u0458\u0430 \u0437\u0430 \u0437\u0430\u0448\u0442\u0438\u0442\u0430 \u043d\u0430 \u043b\u0438\u0447\u043d\u0438\u0442\u0435 \u043f\u043e\u0434\u0430\u0442\u043e\u0446\u0438","og_description":"M\u00eb dat\u00eb 01.07.2021 u mbajt prezantimi online i twinning projektit [&hellip;]","og_url":"https:\/\/azlp.mk\/sq\/prezantimi-i-projektit-te-binjakezimit-mbeshtetje-ne-zbatimin-e-kuadrit-ligjor-te-modernizuar-per-mbrojtjen-e-te-dhenave-personale\/","og_site_name":"\u0410\u0433\u0435\u043d\u0446\u0438\u0458\u0430 \u0437\u0430 \u0437\u0430\u0448\u0442\u0438\u0442\u0430 \u043d\u0430 \u043b\u0438\u0447\u043d\u0438\u0442\u0435 \u043f\u043e\u0434\u0430\u0442\u043e\u0446\u0438","article_published_time":"2021-07-02T11:57:39+00:00","article_modified_time":"2022-12-14T12:00:27+00:00","og_image":[{"width":332,"height":378,"url":"https:\/\/azlp.mk\/wp-content\/uploads\/2022\/11\/twinning.jpg","type":"image\/jpeg"}],"author":"admin","twitter_card":"summary_large_image","twitter_misc":{"Written by":"admin","Est. reading time":"3 minutes"},"schema":{"@context":"https:\/\/schema.org","@graph":[{"@type":"WebPage","@id":"https:\/\/azlp.mk\/sq\/prezantimi-i-projektit-te-binjakezimit-mbeshtetje-ne-zbatimin-e-kuadrit-ligjor-te-modernizuar-per-mbrojtjen-e-te-dhenave-personale\/","url":"https:\/\/azlp.mk\/sq\/prezantimi-i-projektit-te-binjakezimit-mbeshtetje-ne-zbatimin-e-kuadrit-ligjor-te-modernizuar-per-mbrojtjen-e-te-dhenave-personale\/","name":"Prezantimi i twinning projektit \"Mb\u00ebshtetje n\u00eb zbatimin e korniz\u00ebs s\u00eb modernizuar komb\u00ebtare p\u00ebr mbrojtjen e t\u00eb dh\u00ebnave personale\" - \u0410\u0433\u0435\u043d\u0446\u0438\u0458\u0430 \u0437\u0430 \u0437\u0430\u0448\u0442\u0438\u0442\u0430 \u043d\u0430 \u043b\u0438\u0447\u043d\u0438\u0442\u0435 \u043f\u043e\u0434\u0430\u0442\u043e\u0446\u0438","isPartOf":{"@id":"https:\/\/azlp.mk\/#website"},"datePublished":"2021-07-02T11:57:39+00:00","dateModified":"2022-12-14T12:00:27+00:00","author":{"@id":"https:\/\/azlp.mk\/#\/schema\/person\/9ea716567edd00a311020cf60d084df5"},"breadcrumb":{"@id":"https:\/\/azlp.mk\/sq\/prezantimi-i-projektit-te-binjakezimit-mbeshtetje-ne-zbatimin-e-kuadrit-ligjor-te-modernizuar-per-mbrojtjen-e-te-dhenave-personale\/#breadcrumb"},"inLanguage":"sq-AL","potentialAction":[{"@type":"ReadAction","target":["https:\/\/azlp.mk\/sq\/prezantimi-i-projektit-te-binjakezimit-mbeshtetje-ne-zbatimin-e-kuadrit-ligjor-te-modernizuar-per-mbrojtjen-e-te-dhenave-personale\/"]}]},{"@type":"BreadcrumbList","@id":"https:\/\/azlp.mk\/sq\/prezantimi-i-projektit-te-binjakezimit-mbeshtetje-ne-zbatimin-e-kuadrit-ligjor-te-modernizuar-per-mbrojtjen-e-te-dhenave-personale\/#breadcrumb","itemListElement":[{"@type":"ListItem","position":1,"name":"Ballina","item":"https:\/\/azlp.mk\/sq\/"},{"@type":"ListItem","position":2,"name":"Prezantimi i twinning projektit &#8220;Mb\u00ebshtetje n\u00eb zbatimin e korniz\u00ebs s\u00eb modernizuar komb\u00ebtare p\u00ebr mbrojtjen e t\u00eb dh\u00ebnave personale&#8221;"}]},{"@type":"WebSite","@id":"https:\/\/azlp.mk\/#website","url":"https:\/\/azlp.mk\/","name":"\u0410\u0433\u0435\u043d\u0446\u0438\u0458\u0430 \u0437\u0430 \u0437\u0430\u0448\u0442\u0438\u0442\u0430 \u043d\u0430 \u043b\u0438\u0447\u043d\u0438\u0442\u0435 \u043f\u043e\u0434\u0430\u0442\u043e\u0446\u0438","description":"","potentialAction":[{"@type":"SearchAction","target":{"@type":"EntryPoint","urlTemplate":"https:\/\/azlp.mk\/?s={search_term_string}"},"query-input":"required name=search_term_string"}],"inLanguage":"sq-AL"},{"@type":"Person","@id":"https:\/\/azlp.mk\/#\/schema\/person\/9ea716567edd00a311020cf60d084df5","name":"admin","image":{"@type":"ImageObject","inLanguage":"sq-AL","@id":"https:\/\/azlp.mk\/#\/schema\/person\/image\/","url":"https:\/\/secure.gravatar.com\/avatar\/d7fd94b33a4de95adb8a3b93535db69b?s=96&d=mm&r=g","contentUrl":"https:\/\/secure.gravatar.com\/avatar\/d7fd94b33a4de95adb8a3b93535db69b?s=96&d=mm&r=g","caption":"admin"},"sameAs":["https:\/\/azlp.mk"],"url":"https:\/\/azlp.mk\/sq\/author\/oliver\/"}]}},"_links":{"self":[{"href":"https:\/\/azlp.mk\/sq\/wp-json\/wp\/v2\/posts\/10460"}],"collection":[{"href":"https:\/\/azlp.mk\/sq\/wp-json\/wp\/v2\/posts"}],"about":[{"href":"https:\/\/azlp.mk\/sq\/wp-json\/wp\/v2\/types\/post"}],"author":[{"embeddable":true,"href":"https:\/\/azlp.mk\/sq\/wp-json\/wp\/v2\/users\/1"}],"replies":[{"embeddable":true,"href":"https:\/\/azlp.mk\/sq\/wp-json\/wp\/v2\/comments?post=10460"}],"version-history":[{"count":1,"href":"https:\/\/azlp.mk\/sq\/wp-json\/wp\/v2\/posts\/10460\/revisions"}],"predecessor-version":[{"id":12804,"href":"https:\/\/azlp.mk\/sq\/wp-json\/wp\/v2\/posts\/10460\/revisions\/12804"}],"wp:featuredmedia":[{"embeddable":true,"href":"https:\/\/azlp.mk\/sq\/wp-json\/wp\/v2\/media\/10461"}],"wp:attachment":[{"href":"https:\/\/azlp.mk\/sq\/wp-json\/wp\/v2\/media?parent=10460"}],"wp:term":[{"taxonomy":"category","embeddable":true,"href":"https:\/\/azlp.mk\/sq\/wp-json\/wp\/v2\/categories?post=10460"},{"taxonomy":"post_tag","embeddable":true,"href":"https:\/\/azlp.mk\/sq\/wp-json\/wp\/v2\/tags?post=10460"}],"curies":[{"name":"wp","href":"https:\/\/api.w.org\/{rel}","templated":true}]}}