{"id":10456,"date":"2021-07-08T13:58:30","date_gmt":"2021-07-08T11:58:30","guid":{"rendered":"https:\/\/azlp.mk\/nenshkrimi-i-memorandumit-te-bashkepunimit-ndermjet-azlp-dhe-nuk\/"},"modified":"2022-12-14T13:58:22","modified_gmt":"2022-12-14T11:58:22","slug":"nenshkrimi-i-memorandumit-te-bashkepunimit-ndermjet-azlp-dhe-nuk","status":"publish","type":"post","link":"https:\/\/azlp.mk\/sq\/nenshkrimi-i-memorandumit-te-bashkepunimit-ndermjet-azlp-dhe-nuk\/","title":{"rendered":"N\u00ebnshkruhet Memorandum bashk\u00ebpunimi nd\u00ebrmjet AMDhP dhe OPH"},"content":{"rendered":"<p>M\u00eb dat\u00eb 07.07.2021, Agjencia p\u00ebr Mbrojtjen e t\u00eb Dh\u00ebnave Personale e p\u00ebrfaq\u00ebsuar nga drejtori Imer Aliu dhe Oda e Pavarur Hotelerike e p\u00ebrfaq\u00ebsuar nga kryetari\u00a0 Zdravko Josifovski n\u00ebnshkruan Memorandum p\u00ebr bashk\u00ebpunim.<\/p>\n<p>Ky memorandum konfirmon angazhimin dhe interesin e p\u00ebrbashk\u00ebt p\u00ebr t\u00eb rritur bashk\u00ebpunimin nd\u00ebrmjet Agjencis\u00eb dhe Od\u00ebs n\u00eb fush\u00ebn e sigurimit t\u00eb informacionit, edukimit, mb\u00ebshtetjes s\u00eb hotelier\u00ebve n\u00eb harmonizimin e pun\u00ebs s\u00eb tyre me parimet, vlerat dhe rregullat p\u00ebr mbrojtjen e t\u00eb dh\u00ebnave personale t\u00eb parashikuara n\u00eb rregulloret e mbrojtjes.t\u00eb t\u00eb dh\u00ebnave personale.<\/p>\n<p>N\u00eb k\u00ebt\u00eb drejtim, Agjencia dhe Oda do t\u00eb bashk\u00ebpunojn\u00eb dhe veprojn\u00eb n\u00eb m\u00ebnyr\u00eb q\u00eb t\u00eb zbatojn\u00eb aktivitete t\u00eb p\u00ebrbashk\u00ebta q\u00eb do t\u00eb kontribuojn\u00eb n\u00eb ngritjen e vet\u00ebdijes s\u00eb publikut p\u00ebr t\u00eb drejt\u00ebn e mbrojtjes s\u00eb t\u00eb dh\u00ebnave personale dhe p\u00ebrmir\u00ebsimin, azhurnimin dhe p\u00ebrshtatjen e sistemeve t\u00eb vendosura p\u00ebr mbrojtjen e t\u00eb dh\u00ebnave personale t\u00eb hotelier\u00ebve me rregulloret p\u00ebr mbrojtjen e t\u00eb dh\u00ebnave personale.<\/p>\n<p>Prandaj, Oda do t\u00eb ket\u00eb rol koordinues n\u00eb m\u00ebnyr\u00eb q\u00eb t\u00eb informoj\u00eb me koh\u00eb an\u00ebtar\u00ebt e tyre dhe hotelier\u00ebt p\u00ebr detyrimet n\u00eb p\u00ebrputhje me rregulloret p\u00ebr mbrojtjen e t\u00eb dh\u00ebnave personale, bazuar n\u00eb udh\u00ebzimet e dh\u00ebna m\u00eb par\u00eb nga Agjencia se cilat hapa duhet t\u00eb nd\u00ebrmerren nga hotelier\u00ebt p\u00ebr harmonizimin e\u00a0 pun\u00ebs s\u00eb tyre me rregulloret p\u00ebr mbrojtjen e t\u00eb dh\u00ebnave personale dhe \u00e7far\u00eb dokumentacioni ata duhet t\u00eb sjellin p\u00ebr t\u00eb siguruar sigurin\u00eb e p\u00ebrpunimit t\u00eb t\u00eb dh\u00ebnave personale n\u00eb p\u00ebrputhje me rrezikun e p\u00ebrpunimit, q\u00eb pasaj t\u00eb jen\u00eb n\u00eb gjendje t\u00eb demonstrojn\u00eb pajtueshm\u00ebrin\u00eb me parimet n\u00eb lidhje me p\u00ebrpunimin e t\u00eb dh\u00ebnave personale. Gjithashtu, Oda do t\u00eb siguroj\u00eb mb\u00ebshtetje t\u00eb plot\u00eb logjistike n\u00eb kryerjen e trajnimeve p\u00ebr mbrojtjen e t\u00eb dh\u00ebnave personale p\u00ebr p\u00ebrfaq\u00ebsuesit e interesuar t\u00eb hotelier\u00ebve t\u00eb regjistruar p\u00ebrmes vet\u00eb Od\u00ebs pas nenshkrimit paraprak \u00a0t\u00eb marr\u00ebveshjes p\u00ebr secilin hotelier t\u00eb paraqitur me Agjencin\u00eb n\u00eb drejtim t\u00eb organizimit dhe sigurimit t\u00eb pranis\u00eb s\u00eb grupeve t\u00eb synuara.<\/p>\n<p>Duke pasur parasysh karakteristikat specifike t\u00eb sektor\u00ebve t\u00eb ndrysh\u00ebm t\u00eb p\u00ebrpunimit t\u00eb t\u00eb dh\u00ebnave personale n\u00eb industrin\u00eb e hoteleris\u00eb dhe nevojat specifike t\u00eb kompanive hotelierike dhe shoqatave\u00a0 mikro, t\u00eb vogla, t\u00eb mesme dhe t\u00eb m\u00ebdha, p\u00ebr t\u00eb kontribuar n\u00eb zbatimin e duhur t\u00eb rregulloreve p\u00ebr mbrojtjen e t\u00eb dh\u00ebnave personale, Oda filloi me p\u00ebrpilimin e Kodit t\u00eb Sjelljes p\u00ebr industrin\u00eb e hotelieris\u00eb p\u00ebr t\u00eb specifikuar zbatimin e rregulloreve p\u00ebr mbrojtjen e t\u00eb dh\u00ebnave personale n\u00eb lidhje me p\u00ebrpunimin e drejt\u00eb dhe transparent, mbledhjen e t\u00eb dh\u00ebnave personale, realizimin e t\u00eb drejtave t\u00eb subjekteve t\u00eb t\u00eb dh\u00ebnave personale, masat q\u00eb garantojn\u00eb sigurin\u00eb e p\u00ebrpunimit n\u00eb p\u00ebrputhje me rrezikun sipas nenit 44 t\u00eb Ligjit p\u00ebr mbrojtjen e t\u00eb dh\u00ebnave personale.<\/p>\n","protected":false},"excerpt":{"rendered":"<p>M\u00eb dat\u00eb 07.07.2021, Agjencia p\u00ebr Mbrojtjen e t\u00eb Dh\u00ebnave Personale [&hellip;]<\/p>\n","protected":false},"author":1,"featured_media":10457,"comment_status":"open","ping_status":"open","sticky":false,"template":"","format":"standard","meta":{"footnotes":""},"categories":[80],"tags":[],"yoast_head":"<!-- This site is optimized with the Yoast SEO plugin v19.9 - https:\/\/yoast.com\/wordpress\/plugins\/seo\/ -->\n<title>N\u00ebnshkruhet Memorandum bashk\u00ebpunimi nd\u00ebrmjet AMDhP dhe OPH - \u0410\u0433\u0435\u043d\u0446\u0438\u0458\u0430 \u0437\u0430 \u0437\u0430\u0448\u0442\u0438\u0442\u0430 \u043d\u0430 \u043b\u0438\u0447\u043d\u0438\u0442\u0435 \u043f\u043e\u0434\u0430\u0442\u043e\u0446\u0438<\/title>\n<meta name=\"robots\" content=\"index, follow, max-snippet:-1, max-image-preview:large, max-video-preview:-1\" \/>\n<link rel=\"canonical\" href=\"https:\/\/azlp.mk\/sq\/nenshkrimi-i-memorandumit-te-bashkepunimit-ndermjet-azlp-dhe-nuk\/\" \/>\n<meta property=\"og:locale\" content=\"sq_AL\" \/>\n<meta property=\"og:type\" content=\"article\" \/>\n<meta property=\"og:title\" content=\"N\u00ebnshkruhet Memorandum bashk\u00ebpunimi nd\u00ebrmjet AMDhP dhe OPH - \u0410\u0433\u0435\u043d\u0446\u0438\u0458\u0430 \u0437\u0430 \u0437\u0430\u0448\u0442\u0438\u0442\u0430 \u043d\u0430 \u043b\u0438\u0447\u043d\u0438\u0442\u0435 \u043f\u043e\u0434\u0430\u0442\u043e\u0446\u0438\" \/>\n<meta property=\"og:description\" content=\"M\u00eb dat\u00eb 07.07.2021, Agjencia p\u00ebr Mbrojtjen e t\u00eb Dh\u00ebnave Personale [&hellip;]\" \/>\n<meta property=\"og:url\" content=\"https:\/\/azlp.mk\/sq\/nenshkrimi-i-memorandumit-te-bashkepunimit-ndermjet-azlp-dhe-nuk\/\" \/>\n<meta property=\"og:site_name\" content=\"\u0410\u0433\u0435\u043d\u0446\u0438\u0458\u0430 \u0437\u0430 \u0437\u0430\u0448\u0442\u0438\u0442\u0430 \u043d\u0430 \u043b\u0438\u0447\u043d\u0438\u0442\u0435 \u043f\u043e\u0434\u0430\u0442\u043e\u0446\u0438\" \/>\n<meta property=\"article:published_time\" content=\"2021-07-08T11:58:30+00:00\" \/>\n<meta property=\"article:modified_time\" content=\"2022-12-14T11:58:22+00:00\" \/>\n<meta property=\"og:image\" content=\"https:\/\/azlp.mk\/wp-content\/uploads\/2022\/11\/img-a25bd0a974c98da4730a2ddd512257c9-v.jpg\" \/>\n\t<meta property=\"og:image:width\" content=\"480\" \/>\n\t<meta property=\"og:image:height\" content=\"337\" \/>\n\t<meta property=\"og:image:type\" content=\"image\/jpeg\" \/>\n<meta name=\"author\" content=\"admin\" \/>\n<meta name=\"twitter:card\" content=\"summary_large_image\" \/>\n<meta name=\"twitter:label1\" content=\"Written by\" \/>\n\t<meta name=\"twitter:data1\" content=\"admin\" \/>\n\t<meta name=\"twitter:label2\" content=\"Est. reading time\" \/>\n\t<meta name=\"twitter:data2\" content=\"2 minutes\" \/>\n<script type=\"application\/ld+json\" class=\"yoast-schema-graph\">{\"@context\":\"https:\/\/schema.org\",\"@graph\":[{\"@type\":\"WebPage\",\"@id\":\"https:\/\/azlp.mk\/sq\/nenshkrimi-i-memorandumit-te-bashkepunimit-ndermjet-azlp-dhe-nuk\/\",\"url\":\"https:\/\/azlp.mk\/sq\/nenshkrimi-i-memorandumit-te-bashkepunimit-ndermjet-azlp-dhe-nuk\/\",\"name\":\"N\u00ebnshkruhet Memorandum bashk\u00ebpunimi nd\u00ebrmjet AMDhP dhe OPH - \u0410\u0433\u0435\u043d\u0446\u0438\u0458\u0430 \u0437\u0430 \u0437\u0430\u0448\u0442\u0438\u0442\u0430 \u043d\u0430 \u043b\u0438\u0447\u043d\u0438\u0442\u0435 \u043f\u043e\u0434\u0430\u0442\u043e\u0446\u0438\",\"isPartOf\":{\"@id\":\"https:\/\/azlp.mk\/#website\"},\"datePublished\":\"2021-07-08T11:58:30+00:00\",\"dateModified\":\"2022-12-14T11:58:22+00:00\",\"author\":{\"@id\":\"https:\/\/azlp.mk\/#\/schema\/person\/9ea716567edd00a311020cf60d084df5\"},\"breadcrumb\":{\"@id\":\"https:\/\/azlp.mk\/sq\/nenshkrimi-i-memorandumit-te-bashkepunimit-ndermjet-azlp-dhe-nuk\/#breadcrumb\"},\"inLanguage\":\"sq-AL\",\"potentialAction\":[{\"@type\":\"ReadAction\",\"target\":[\"https:\/\/azlp.mk\/sq\/nenshkrimi-i-memorandumit-te-bashkepunimit-ndermjet-azlp-dhe-nuk\/\"]}]},{\"@type\":\"BreadcrumbList\",\"@id\":\"https:\/\/azlp.mk\/sq\/nenshkrimi-i-memorandumit-te-bashkepunimit-ndermjet-azlp-dhe-nuk\/#breadcrumb\",\"itemListElement\":[{\"@type\":\"ListItem\",\"position\":1,\"name\":\"Ballina\",\"item\":\"https:\/\/azlp.mk\/sq\/\"},{\"@type\":\"ListItem\",\"position\":2,\"name\":\"N\u00ebnshkruhet Memorandum bashk\u00ebpunimi nd\u00ebrmjet AMDhP dhe OPH\"}]},{\"@type\":\"WebSite\",\"@id\":\"https:\/\/azlp.mk\/#website\",\"url\":\"https:\/\/azlp.mk\/\",\"name\":\"\u0410\u0433\u0435\u043d\u0446\u0438\u0458\u0430 \u0437\u0430 \u0437\u0430\u0448\u0442\u0438\u0442\u0430 \u043d\u0430 \u043b\u0438\u0447\u043d\u0438\u0442\u0435 \u043f\u043e\u0434\u0430\u0442\u043e\u0446\u0438\",\"description\":\"\",\"potentialAction\":[{\"@type\":\"SearchAction\",\"target\":{\"@type\":\"EntryPoint\",\"urlTemplate\":\"https:\/\/azlp.mk\/?s={search_term_string}\"},\"query-input\":\"required name=search_term_string\"}],\"inLanguage\":\"sq-AL\"},{\"@type\":\"Person\",\"@id\":\"https:\/\/azlp.mk\/#\/schema\/person\/9ea716567edd00a311020cf60d084df5\",\"name\":\"admin\",\"image\":{\"@type\":\"ImageObject\",\"inLanguage\":\"sq-AL\",\"@id\":\"https:\/\/azlp.mk\/#\/schema\/person\/image\/\",\"url\":\"https:\/\/secure.gravatar.com\/avatar\/d7fd94b33a4de95adb8a3b93535db69b?s=96&d=mm&r=g\",\"contentUrl\":\"https:\/\/secure.gravatar.com\/avatar\/d7fd94b33a4de95adb8a3b93535db69b?s=96&d=mm&r=g\",\"caption\":\"admin\"},\"sameAs\":[\"https:\/\/azlp.mk\"],\"url\":\"https:\/\/azlp.mk\/sq\/author\/oliver\/\"}]}<\/script>\n<!-- \/ Yoast SEO plugin. -->","yoast_head_json":{"title":"N\u00ebnshkruhet Memorandum bashk\u00ebpunimi nd\u00ebrmjet AMDhP dhe OPH - \u0410\u0433\u0435\u043d\u0446\u0438\u0458\u0430 \u0437\u0430 \u0437\u0430\u0448\u0442\u0438\u0442\u0430 \u043d\u0430 \u043b\u0438\u0447\u043d\u0438\u0442\u0435 \u043f\u043e\u0434\u0430\u0442\u043e\u0446\u0438","robots":{"index":"index","follow":"follow","max-snippet":"max-snippet:-1","max-image-preview":"max-image-preview:large","max-video-preview":"max-video-preview:-1"},"canonical":"https:\/\/azlp.mk\/sq\/nenshkrimi-i-memorandumit-te-bashkepunimit-ndermjet-azlp-dhe-nuk\/","og_locale":"sq_AL","og_type":"article","og_title":"N\u00ebnshkruhet Memorandum bashk\u00ebpunimi nd\u00ebrmjet AMDhP dhe OPH - \u0410\u0433\u0435\u043d\u0446\u0438\u0458\u0430 \u0437\u0430 \u0437\u0430\u0448\u0442\u0438\u0442\u0430 \u043d\u0430 \u043b\u0438\u0447\u043d\u0438\u0442\u0435 \u043f\u043e\u0434\u0430\u0442\u043e\u0446\u0438","og_description":"M\u00eb dat\u00eb 07.07.2021, Agjencia p\u00ebr Mbrojtjen e t\u00eb Dh\u00ebnave Personale [&hellip;]","og_url":"https:\/\/azlp.mk\/sq\/nenshkrimi-i-memorandumit-te-bashkepunimit-ndermjet-azlp-dhe-nuk\/","og_site_name":"\u0410\u0433\u0435\u043d\u0446\u0438\u0458\u0430 \u0437\u0430 \u0437\u0430\u0448\u0442\u0438\u0442\u0430 \u043d\u0430 \u043b\u0438\u0447\u043d\u0438\u0442\u0435 \u043f\u043e\u0434\u0430\u0442\u043e\u0446\u0438","article_published_time":"2021-07-08T11:58:30+00:00","article_modified_time":"2022-12-14T11:58:22+00:00","og_image":[{"width":480,"height":337,"url":"https:\/\/azlp.mk\/wp-content\/uploads\/2022\/11\/img-a25bd0a974c98da4730a2ddd512257c9-v.jpg","type":"image\/jpeg"}],"author":"admin","twitter_card":"summary_large_image","twitter_misc":{"Written by":"admin","Est. reading time":"2 minutes"},"schema":{"@context":"https:\/\/schema.org","@graph":[{"@type":"WebPage","@id":"https:\/\/azlp.mk\/sq\/nenshkrimi-i-memorandumit-te-bashkepunimit-ndermjet-azlp-dhe-nuk\/","url":"https:\/\/azlp.mk\/sq\/nenshkrimi-i-memorandumit-te-bashkepunimit-ndermjet-azlp-dhe-nuk\/","name":"N\u00ebnshkruhet Memorandum bashk\u00ebpunimi nd\u00ebrmjet AMDhP dhe OPH - \u0410\u0433\u0435\u043d\u0446\u0438\u0458\u0430 \u0437\u0430 \u0437\u0430\u0448\u0442\u0438\u0442\u0430 \u043d\u0430 \u043b\u0438\u0447\u043d\u0438\u0442\u0435 \u043f\u043e\u0434\u0430\u0442\u043e\u0446\u0438","isPartOf":{"@id":"https:\/\/azlp.mk\/#website"},"datePublished":"2021-07-08T11:58:30+00:00","dateModified":"2022-12-14T11:58:22+00:00","author":{"@id":"https:\/\/azlp.mk\/#\/schema\/person\/9ea716567edd00a311020cf60d084df5"},"breadcrumb":{"@id":"https:\/\/azlp.mk\/sq\/nenshkrimi-i-memorandumit-te-bashkepunimit-ndermjet-azlp-dhe-nuk\/#breadcrumb"},"inLanguage":"sq-AL","potentialAction":[{"@type":"ReadAction","target":["https:\/\/azlp.mk\/sq\/nenshkrimi-i-memorandumit-te-bashkepunimit-ndermjet-azlp-dhe-nuk\/"]}]},{"@type":"BreadcrumbList","@id":"https:\/\/azlp.mk\/sq\/nenshkrimi-i-memorandumit-te-bashkepunimit-ndermjet-azlp-dhe-nuk\/#breadcrumb","itemListElement":[{"@type":"ListItem","position":1,"name":"Ballina","item":"https:\/\/azlp.mk\/sq\/"},{"@type":"ListItem","position":2,"name":"N\u00ebnshkruhet Memorandum bashk\u00ebpunimi nd\u00ebrmjet AMDhP dhe OPH"}]},{"@type":"WebSite","@id":"https:\/\/azlp.mk\/#website","url":"https:\/\/azlp.mk\/","name":"\u0410\u0433\u0435\u043d\u0446\u0438\u0458\u0430 \u0437\u0430 \u0437\u0430\u0448\u0442\u0438\u0442\u0430 \u043d\u0430 \u043b\u0438\u0447\u043d\u0438\u0442\u0435 \u043f\u043e\u0434\u0430\u0442\u043e\u0446\u0438","description":"","potentialAction":[{"@type":"SearchAction","target":{"@type":"EntryPoint","urlTemplate":"https:\/\/azlp.mk\/?s={search_term_string}"},"query-input":"required name=search_term_string"}],"inLanguage":"sq-AL"},{"@type":"Person","@id":"https:\/\/azlp.mk\/#\/schema\/person\/9ea716567edd00a311020cf60d084df5","name":"admin","image":{"@type":"ImageObject","inLanguage":"sq-AL","@id":"https:\/\/azlp.mk\/#\/schema\/person\/image\/","url":"https:\/\/secure.gravatar.com\/avatar\/d7fd94b33a4de95adb8a3b93535db69b?s=96&d=mm&r=g","contentUrl":"https:\/\/secure.gravatar.com\/avatar\/d7fd94b33a4de95adb8a3b93535db69b?s=96&d=mm&r=g","caption":"admin"},"sameAs":["https:\/\/azlp.mk"],"url":"https:\/\/azlp.mk\/sq\/author\/oliver\/"}]}},"_links":{"self":[{"href":"https:\/\/azlp.mk\/sq\/wp-json\/wp\/v2\/posts\/10456"}],"collection":[{"href":"https:\/\/azlp.mk\/sq\/wp-json\/wp\/v2\/posts"}],"about":[{"href":"https:\/\/azlp.mk\/sq\/wp-json\/wp\/v2\/types\/post"}],"author":[{"embeddable":true,"href":"https:\/\/azlp.mk\/sq\/wp-json\/wp\/v2\/users\/1"}],"replies":[{"embeddable":true,"href":"https:\/\/azlp.mk\/sq\/wp-json\/wp\/v2\/comments?post=10456"}],"version-history":[{"count":1,"href":"https:\/\/azlp.mk\/sq\/wp-json\/wp\/v2\/posts\/10456\/revisions"}],"predecessor-version":[{"id":12801,"href":"https:\/\/azlp.mk\/sq\/wp-json\/wp\/v2\/posts\/10456\/revisions\/12801"}],"wp:featuredmedia":[{"embeddable":true,"href":"https:\/\/azlp.mk\/sq\/wp-json\/wp\/v2\/media\/10457"}],"wp:attachment":[{"href":"https:\/\/azlp.mk\/sq\/wp-json\/wp\/v2\/media?parent=10456"}],"wp:term":[{"taxonomy":"category","embeddable":true,"href":"https:\/\/azlp.mk\/sq\/wp-json\/wp\/v2\/categories?post=10456"},{"taxonomy":"post_tag","embeddable":true,"href":"https:\/\/azlp.mk\/sq\/wp-json\/wp\/v2\/tags?post=10456"}],"curies":[{"name":"wp","href":"https:\/\/api.w.org\/{rel}","templated":true}]}}