{"id":10448,"date":"2021-08-10T16:51:47","date_gmt":"2021-08-10T14:51:47","guid":{"rendered":"https:\/\/azlp.mk\/njoftim-lidhur-me-vendimin-e-qeverise-se-republikes-se-maqedonise-se-veriut-nr-40-678-25\/"},"modified":"2022-12-14T13:53:45","modified_gmt":"2022-12-14T11:53:45","slug":"njoftim-lidhur-me-vendimin-e-qeverise-se-republikes-se-maqedonise-se-veriut-nr-40-678-25","status":"publish","type":"post","link":"https:\/\/azlp.mk\/sq\/njoftim-lidhur-me-vendimin-e-qeverise-se-republikes-se-maqedonise-se-veriut-nr-40-678-25\/","title":{"rendered":"Kumtes\u00eb n\u00eb lidhje me Vendimin e Qeveris\u00eb s\u00eb Republik\u00ebs s\u00eb Maqedonis\u00eb s\u00eb Veriut nr.40-678\/25"},"content":{"rendered":"<p>Duke u nisur nga interesimi i madh i publikut n\u00eb lidhje me Vendimin e Qeveris\u00eb s\u00eb Republik\u00ebs s\u00eb Maqedonis\u00eb s\u00eb Veriut nr. 40-678\/25 t\u00eb 7 gusht 2021 botuar n\u00eb Gazet\u00ebn Zyrtare m\u00eb 9 gusht 2021 i\u00a0 cili nd\u00ebr t\u00eb tjera ndalon hyrjen n\u00eb \u00e7do objekt, p\u00ebrfshir\u00eb edhe objektet e hoteleris\u00eb, ku ka m\u00eb shum\u00eb se 30 pjes\u00ebmarr\u00ebs \/mysafir\u00eb \/ persona, p\u00ebr ngjarje t\u00eb \u00e7far\u00ebdo\u00a0 lloji (fest\u00eb, aheng, martes\u00eb, dit\u00eblindje, pag\u00ebzim, koncert, seminar, trajnim, pun\u00ebtori, konferenc\u00eb, ngjarje kulturore ose sportive), pa poseduar dhe paraqitur certifikat\u00eb p\u00ebr kryerjen e imunizimit kund\u00ebr virusit SARS-CoV-2, t\u00eb pakt\u00ebn doz\u00ebn e par\u00eb t\u00eb vaksin\u00ebs, duke filluar nga 16 gusht 2021, nd\u00ebrsa n\u00eb\u00a0 aspekt t\u00eb zbatimit t\u00eb k\u00ebtij vendimi a cenohet e drejta e privat\u00ebsis\u00eb dhe mbrojtja e t\u00eb dh\u00ebnave personale, Agjencia p\u00ebr Mbrojtjen e t\u00eb Dh\u00ebnave Personale Ju informon:<\/p>\n<p>Ligji p\u00ebr mbrojtjen e t\u00eb dh\u00ebnave personale zbatohet vet\u00ebm n\u00eb raste kur kryhet p\u00ebrpunim t\u00eb t\u00eb dh\u00ebnave personale. P\u00ebrpunim i t\u00eb dh\u00ebnave personale n\u00eb p\u00ebrputhje me ligjin konsiderohet \u00e7do operacion ose p\u00ebrmbledhje e operacioneve t\u00eb cilat kryhen mbi t\u00eb dh\u00ebnat personale, ose grup i t\u00eb dh\u00ebnave personale, n\u00eb m\u00ebnyr\u00eb automatike ose tjet\u00ebr, si\u00e7 jan\u00eb: grumbullim, evidentim, organizim, strukturim, ruajtje, adaptim ose ndryshim, t\u00ebrheqje, konsultim, qasje, p\u00ebrdorim, zbulim n\u00ebp\u00ebrmjet transmetimit, publikim ose b\u00ebrje t\u00eb kapshme ndryshe, harmonizim ose kombinim, kufizim, shlyerje ose asgj\u00ebsim.<\/p>\n<p>Prandaj, informojm\u00eb se n\u00eb qoft\u00eb se kryhet verifikim\u00a0 vizual i \u00e7ertifikat\u00ebs s\u00eb imunizimit kund\u00ebr virusit SARS-CoV-2 (pavar\u00ebsisht\u00a0\u00a0 n\u00ebse \u00ebsht\u00eb n\u00eb form\u00eb t\u00eb shkruar ose ruhet n\u00eb pajisje digjitale) dhe paras\u00eb gjithash nuk mbahen t\u00eb dh\u00ebna personale gjat\u00eb verifikimit t\u00eb till\u00eb, ajo nuk p\u00ebrb\u00ebn &#8220;p\u00ebrpunim t\u00eb t\u00eb dh\u00ebnave personale\u201d dhe rrjedhimisht\u00a0 aktiviteti i till\u00eb \u00ebsht\u00eb jasht\u00eb fush\u00ebveprimit t\u00eb Ligjit p\u00ebr mbrojtjen e t\u00eb dh\u00ebnave personale.<\/p>\n<p>Duke marr\u00eb parasysh t\u00eb lartp\u00ebrmendur\u00ebn, nd\u00ebrsa miratimi i Vendimit nr. 40-678\/25 t\u00eb dat\u00ebs 7 gusht 2021\u00a0 nd\u00ebr t\u00eb tjera, ndalon hyrjen n\u00eb \u00e7do objekt, p\u00ebrfshir\u00eb edhe objektet e hoteleris\u00eb, ku ka m\u00eb shum\u00eb se 30 pjes\u00ebmarr\u00ebs \/ mysafir\u00eb \/ persona, p\u00ebr ngjarje t\u00eb \u00e7far\u00ebdo lloji (fest\u00eb, aheng, martes\u00eb, dit\u00eblindje, pag\u00ebzim, koncert, seminar, trajnim, pun\u00ebtori, konferenc\u00eb, ngjarje kulturore ose sportive), pa poseduar dhe paraqitur\u00a0 certifikat\u00eb p\u00ebr kryerjen e imunizimit kund\u00ebr virusit SARS-CoV-2, t\u00eb pakt\u00ebn doz\u00ebn e par\u00eb t\u00eb vaksin\u00ebs, duke filluar nga data 16 gusht 2021, rrjedh\u00a0 se n\u00ebse gjat\u00eb zbatimit t\u00eb k\u00ebtij vendimi kryhet vet\u00ebm verifikim vizual i certifikat\u00ebs p\u00ebr\u00a0 imunizim kund\u00ebr virusit SARS-CoV-2 (n\u00eb parimin \u201cparaqet ose nuk paraqet certifikat\u00eb&#8221;), aktiviti i till\u00eb \u00ebsht\u00eb jasht\u00eb fush\u00ebveprimit t\u00eb Ligjit p\u00ebr mbrojtjen e t\u00eb dh\u00ebnave personale dhe rrjedhimisht nuk do t\u00eb paraqiste keqp\u00ebrdorim t\u00eb t\u00eb dh\u00ebnave personale.<\/p>\n","protected":false},"excerpt":{"rendered":"<p>Duke u nisur nga interesimi i madh i publikut n\u00eb [&hellip;]<\/p>\n","protected":false},"author":1,"featured_media":10449,"comment_status":"open","ping_status":"open","sticky":false,"template":"","format":"standard","meta":{"footnotes":""},"categories":[80],"tags":[],"yoast_head":"<!-- This site is optimized with the Yoast SEO plugin v19.9 - https:\/\/yoast.com\/wordpress\/plugins\/seo\/ -->\n<title>Kumtes\u00eb n\u00eb lidhje me Vendimin e Qeveris\u00eb s\u00eb Republik\u00ebs s\u00eb Maqedonis\u00eb s\u00eb Veriut nr.40-678\/25 - \u0410\u0433\u0435\u043d\u0446\u0438\u0458\u0430 \u0437\u0430 \u0437\u0430\u0448\u0442\u0438\u0442\u0430 \u043d\u0430 \u043b\u0438\u0447\u043d\u0438\u0442\u0435 \u043f\u043e\u0434\u0430\u0442\u043e\u0446\u0438<\/title>\n<meta name=\"robots\" content=\"index, follow, max-snippet:-1, max-image-preview:large, max-video-preview:-1\" \/>\n<link rel=\"canonical\" href=\"https:\/\/azlp.mk\/sq\/njoftim-lidhur-me-vendimin-e-qeverise-se-republikes-se-maqedonise-se-veriut-nr-40-678-25\/\" \/>\n<meta property=\"og:locale\" content=\"sq_AL\" \/>\n<meta property=\"og:type\" content=\"article\" \/>\n<meta property=\"og:title\" content=\"Kumtes\u00eb n\u00eb lidhje me Vendimin e Qeveris\u00eb s\u00eb Republik\u00ebs s\u00eb Maqedonis\u00eb s\u00eb Veriut nr.40-678\/25 - \u0410\u0433\u0435\u043d\u0446\u0438\u0458\u0430 \u0437\u0430 \u0437\u0430\u0448\u0442\u0438\u0442\u0430 \u043d\u0430 \u043b\u0438\u0447\u043d\u0438\u0442\u0435 \u043f\u043e\u0434\u0430\u0442\u043e\u0446\u0438\" \/>\n<meta property=\"og:description\" content=\"Duke u nisur nga interesimi i madh i publikut n\u00eb [&hellip;]\" \/>\n<meta property=\"og:url\" content=\"https:\/\/azlp.mk\/sq\/njoftim-lidhur-me-vendimin-e-qeverise-se-republikes-se-maqedonise-se-veriut-nr-40-678-25\/\" \/>\n<meta property=\"og:site_name\" content=\"\u0410\u0433\u0435\u043d\u0446\u0438\u0458\u0430 \u0437\u0430 \u0437\u0430\u0448\u0442\u0438\u0442\u0430 \u043d\u0430 \u043b\u0438\u0447\u043d\u0438\u0442\u0435 \u043f\u043e\u0434\u0430\u0442\u043e\u0446\u0438\" \/>\n<meta property=\"article:published_time\" content=\"2021-08-10T14:51:47+00:00\" \/>\n<meta property=\"article:modified_time\" content=\"2022-12-14T11:53:45+00:00\" \/>\n<meta property=\"og:image\" content=\"https:\/\/azlp.mk\/wp-content\/uploads\/2022\/11\/logo_za_web_21.jpg\" \/>\n\t<meta property=\"og:image:width\" content=\"338\" \/>\n\t<meta property=\"og:image:height\" content=\"283\" \/>\n\t<meta property=\"og:image:type\" content=\"image\/jpeg\" \/>\n<meta name=\"author\" content=\"admin\" \/>\n<meta name=\"twitter:card\" content=\"summary_large_image\" \/>\n<meta name=\"twitter:label1\" content=\"Written by\" \/>\n\t<meta name=\"twitter:data1\" content=\"admin\" \/>\n\t<meta name=\"twitter:label2\" content=\"Est. reading time\" \/>\n\t<meta name=\"twitter:data2\" content=\"2 minutes\" \/>\n<script type=\"application\/ld+json\" class=\"yoast-schema-graph\">{\"@context\":\"https:\/\/schema.org\",\"@graph\":[{\"@type\":\"WebPage\",\"@id\":\"https:\/\/azlp.mk\/sq\/njoftim-lidhur-me-vendimin-e-qeverise-se-republikes-se-maqedonise-se-veriut-nr-40-678-25\/\",\"url\":\"https:\/\/azlp.mk\/sq\/njoftim-lidhur-me-vendimin-e-qeverise-se-republikes-se-maqedonise-se-veriut-nr-40-678-25\/\",\"name\":\"Kumtes\u00eb n\u00eb lidhje me Vendimin e Qeveris\u00eb s\u00eb Republik\u00ebs s\u00eb Maqedonis\u00eb s\u00eb Veriut nr.40-678\/25 - \u0410\u0433\u0435\u043d\u0446\u0438\u0458\u0430 \u0437\u0430 \u0437\u0430\u0448\u0442\u0438\u0442\u0430 \u043d\u0430 \u043b\u0438\u0447\u043d\u0438\u0442\u0435 \u043f\u043e\u0434\u0430\u0442\u043e\u0446\u0438\",\"isPartOf\":{\"@id\":\"https:\/\/azlp.mk\/#website\"},\"datePublished\":\"2021-08-10T14:51:47+00:00\",\"dateModified\":\"2022-12-14T11:53:45+00:00\",\"author\":{\"@id\":\"https:\/\/azlp.mk\/#\/schema\/person\/9ea716567edd00a311020cf60d084df5\"},\"breadcrumb\":{\"@id\":\"https:\/\/azlp.mk\/sq\/njoftim-lidhur-me-vendimin-e-qeverise-se-republikes-se-maqedonise-se-veriut-nr-40-678-25\/#breadcrumb\"},\"inLanguage\":\"sq-AL\",\"potentialAction\":[{\"@type\":\"ReadAction\",\"target\":[\"https:\/\/azlp.mk\/sq\/njoftim-lidhur-me-vendimin-e-qeverise-se-republikes-se-maqedonise-se-veriut-nr-40-678-25\/\"]}]},{\"@type\":\"BreadcrumbList\",\"@id\":\"https:\/\/azlp.mk\/sq\/njoftim-lidhur-me-vendimin-e-qeverise-se-republikes-se-maqedonise-se-veriut-nr-40-678-25\/#breadcrumb\",\"itemListElement\":[{\"@type\":\"ListItem\",\"position\":1,\"name\":\"Ballina\",\"item\":\"https:\/\/azlp.mk\/sq\/\"},{\"@type\":\"ListItem\",\"position\":2,\"name\":\"Kumtes\u00eb n\u00eb lidhje me Vendimin e Qeveris\u00eb s\u00eb Republik\u00ebs s\u00eb Maqedonis\u00eb s\u00eb Veriut nr.40-678\/25\"}]},{\"@type\":\"WebSite\",\"@id\":\"https:\/\/azlp.mk\/#website\",\"url\":\"https:\/\/azlp.mk\/\",\"name\":\"\u0410\u0433\u0435\u043d\u0446\u0438\u0458\u0430 \u0437\u0430 \u0437\u0430\u0448\u0442\u0438\u0442\u0430 \u043d\u0430 \u043b\u0438\u0447\u043d\u0438\u0442\u0435 \u043f\u043e\u0434\u0430\u0442\u043e\u0446\u0438\",\"description\":\"\",\"potentialAction\":[{\"@type\":\"SearchAction\",\"target\":{\"@type\":\"EntryPoint\",\"urlTemplate\":\"https:\/\/azlp.mk\/?s={search_term_string}\"},\"query-input\":\"required name=search_term_string\"}],\"inLanguage\":\"sq-AL\"},{\"@type\":\"Person\",\"@id\":\"https:\/\/azlp.mk\/#\/schema\/person\/9ea716567edd00a311020cf60d084df5\",\"name\":\"admin\",\"image\":{\"@type\":\"ImageObject\",\"inLanguage\":\"sq-AL\",\"@id\":\"https:\/\/azlp.mk\/#\/schema\/person\/image\/\",\"url\":\"https:\/\/secure.gravatar.com\/avatar\/d7fd94b33a4de95adb8a3b93535db69b?s=96&d=mm&r=g\",\"contentUrl\":\"https:\/\/secure.gravatar.com\/avatar\/d7fd94b33a4de95adb8a3b93535db69b?s=96&d=mm&r=g\",\"caption\":\"admin\"},\"sameAs\":[\"https:\/\/azlp.mk\"],\"url\":\"https:\/\/azlp.mk\/sq\/author\/oliver\/\"}]}<\/script>\n<!-- \/ Yoast SEO plugin. -->","yoast_head_json":{"title":"Kumtes\u00eb n\u00eb lidhje me Vendimin e Qeveris\u00eb s\u00eb Republik\u00ebs s\u00eb Maqedonis\u00eb s\u00eb Veriut nr.40-678\/25 - \u0410\u0433\u0435\u043d\u0446\u0438\u0458\u0430 \u0437\u0430 \u0437\u0430\u0448\u0442\u0438\u0442\u0430 \u043d\u0430 \u043b\u0438\u0447\u043d\u0438\u0442\u0435 \u043f\u043e\u0434\u0430\u0442\u043e\u0446\u0438","robots":{"index":"index","follow":"follow","max-snippet":"max-snippet:-1","max-image-preview":"max-image-preview:large","max-video-preview":"max-video-preview:-1"},"canonical":"https:\/\/azlp.mk\/sq\/njoftim-lidhur-me-vendimin-e-qeverise-se-republikes-se-maqedonise-se-veriut-nr-40-678-25\/","og_locale":"sq_AL","og_type":"article","og_title":"Kumtes\u00eb n\u00eb lidhje me Vendimin e Qeveris\u00eb s\u00eb Republik\u00ebs s\u00eb Maqedonis\u00eb s\u00eb Veriut nr.40-678\/25 - \u0410\u0433\u0435\u043d\u0446\u0438\u0458\u0430 \u0437\u0430 \u0437\u0430\u0448\u0442\u0438\u0442\u0430 \u043d\u0430 \u043b\u0438\u0447\u043d\u0438\u0442\u0435 \u043f\u043e\u0434\u0430\u0442\u043e\u0446\u0438","og_description":"Duke u nisur nga interesimi i madh i publikut n\u00eb [&hellip;]","og_url":"https:\/\/azlp.mk\/sq\/njoftim-lidhur-me-vendimin-e-qeverise-se-republikes-se-maqedonise-se-veriut-nr-40-678-25\/","og_site_name":"\u0410\u0433\u0435\u043d\u0446\u0438\u0458\u0430 \u0437\u0430 \u0437\u0430\u0448\u0442\u0438\u0442\u0430 \u043d\u0430 \u043b\u0438\u0447\u043d\u0438\u0442\u0435 \u043f\u043e\u0434\u0430\u0442\u043e\u0446\u0438","article_published_time":"2021-08-10T14:51:47+00:00","article_modified_time":"2022-12-14T11:53:45+00:00","og_image":[{"width":338,"height":283,"url":"https:\/\/azlp.mk\/wp-content\/uploads\/2022\/11\/logo_za_web_21.jpg","type":"image\/jpeg"}],"author":"admin","twitter_card":"summary_large_image","twitter_misc":{"Written by":"admin","Est. reading time":"2 minutes"},"schema":{"@context":"https:\/\/schema.org","@graph":[{"@type":"WebPage","@id":"https:\/\/azlp.mk\/sq\/njoftim-lidhur-me-vendimin-e-qeverise-se-republikes-se-maqedonise-se-veriut-nr-40-678-25\/","url":"https:\/\/azlp.mk\/sq\/njoftim-lidhur-me-vendimin-e-qeverise-se-republikes-se-maqedonise-se-veriut-nr-40-678-25\/","name":"Kumtes\u00eb n\u00eb lidhje me Vendimin e Qeveris\u00eb s\u00eb Republik\u00ebs s\u00eb Maqedonis\u00eb s\u00eb Veriut nr.40-678\/25 - \u0410\u0433\u0435\u043d\u0446\u0438\u0458\u0430 \u0437\u0430 \u0437\u0430\u0448\u0442\u0438\u0442\u0430 \u043d\u0430 \u043b\u0438\u0447\u043d\u0438\u0442\u0435 \u043f\u043e\u0434\u0430\u0442\u043e\u0446\u0438","isPartOf":{"@id":"https:\/\/azlp.mk\/#website"},"datePublished":"2021-08-10T14:51:47+00:00","dateModified":"2022-12-14T11:53:45+00:00","author":{"@id":"https:\/\/azlp.mk\/#\/schema\/person\/9ea716567edd00a311020cf60d084df5"},"breadcrumb":{"@id":"https:\/\/azlp.mk\/sq\/njoftim-lidhur-me-vendimin-e-qeverise-se-republikes-se-maqedonise-se-veriut-nr-40-678-25\/#breadcrumb"},"inLanguage":"sq-AL","potentialAction":[{"@type":"ReadAction","target":["https:\/\/azlp.mk\/sq\/njoftim-lidhur-me-vendimin-e-qeverise-se-republikes-se-maqedonise-se-veriut-nr-40-678-25\/"]}]},{"@type":"BreadcrumbList","@id":"https:\/\/azlp.mk\/sq\/njoftim-lidhur-me-vendimin-e-qeverise-se-republikes-se-maqedonise-se-veriut-nr-40-678-25\/#breadcrumb","itemListElement":[{"@type":"ListItem","position":1,"name":"Ballina","item":"https:\/\/azlp.mk\/sq\/"},{"@type":"ListItem","position":2,"name":"Kumtes\u00eb n\u00eb lidhje me Vendimin e Qeveris\u00eb s\u00eb Republik\u00ebs s\u00eb Maqedonis\u00eb s\u00eb Veriut nr.40-678\/25"}]},{"@type":"WebSite","@id":"https:\/\/azlp.mk\/#website","url":"https:\/\/azlp.mk\/","name":"\u0410\u0433\u0435\u043d\u0446\u0438\u0458\u0430 \u0437\u0430 \u0437\u0430\u0448\u0442\u0438\u0442\u0430 \u043d\u0430 \u043b\u0438\u0447\u043d\u0438\u0442\u0435 \u043f\u043e\u0434\u0430\u0442\u043e\u0446\u0438","description":"","potentialAction":[{"@type":"SearchAction","target":{"@type":"EntryPoint","urlTemplate":"https:\/\/azlp.mk\/?s={search_term_string}"},"query-input":"required name=search_term_string"}],"inLanguage":"sq-AL"},{"@type":"Person","@id":"https:\/\/azlp.mk\/#\/schema\/person\/9ea716567edd00a311020cf60d084df5","name":"admin","image":{"@type":"ImageObject","inLanguage":"sq-AL","@id":"https:\/\/azlp.mk\/#\/schema\/person\/image\/","url":"https:\/\/secure.gravatar.com\/avatar\/d7fd94b33a4de95adb8a3b93535db69b?s=96&d=mm&r=g","contentUrl":"https:\/\/secure.gravatar.com\/avatar\/d7fd94b33a4de95adb8a3b93535db69b?s=96&d=mm&r=g","caption":"admin"},"sameAs":["https:\/\/azlp.mk"],"url":"https:\/\/azlp.mk\/sq\/author\/oliver\/"}]}},"_links":{"self":[{"href":"https:\/\/azlp.mk\/sq\/wp-json\/wp\/v2\/posts\/10448"}],"collection":[{"href":"https:\/\/azlp.mk\/sq\/wp-json\/wp\/v2\/posts"}],"about":[{"href":"https:\/\/azlp.mk\/sq\/wp-json\/wp\/v2\/types\/post"}],"author":[{"embeddable":true,"href":"https:\/\/azlp.mk\/sq\/wp-json\/wp\/v2\/users\/1"}],"replies":[{"embeddable":true,"href":"https:\/\/azlp.mk\/sq\/wp-json\/wp\/v2\/comments?post=10448"}],"version-history":[{"count":1,"href":"https:\/\/azlp.mk\/sq\/wp-json\/wp\/v2\/posts\/10448\/revisions"}],"predecessor-version":[{"id":12795,"href":"https:\/\/azlp.mk\/sq\/wp-json\/wp\/v2\/posts\/10448\/revisions\/12795"}],"wp:featuredmedia":[{"embeddable":true,"href":"https:\/\/azlp.mk\/sq\/wp-json\/wp\/v2\/media\/10449"}],"wp:attachment":[{"href":"https:\/\/azlp.mk\/sq\/wp-json\/wp\/v2\/media?parent=10448"}],"wp:term":[{"taxonomy":"category","embeddable":true,"href":"https:\/\/azlp.mk\/sq\/wp-json\/wp\/v2\/categories?post=10448"},{"taxonomy":"post_tag","embeddable":true,"href":"https:\/\/azlp.mk\/sq\/wp-json\/wp\/v2\/tags?post=10448"}],"curies":[{"name":"wp","href":"https:\/\/api.w.org\/{rel}","templated":true}]}}