{"id":10444,"date":"2021-08-25T16:14:06","date_gmt":"2021-08-25T14:14:06","guid":{"rendered":"https:\/\/azlp.mk\/anketa-per-kontrolloret-lidhur-me-ndergjegjesimin-per-mbrojtjen-e-te-dhenave-personale-dhe-kuptimin-e-detyrimeve-sipas-ligjit-per-mbrojtjen-e-te-dhenave-personale\/"},"modified":"2022-12-14T13:51:49","modified_gmt":"2022-12-14T11:51:49","slug":"anketa-per-kontrolloret-lidhur-me-ndergjegjesimin-per-mbrojtjen-e-te-dhenave-personale-dhe-kuptimin-e-detyrimeve-sipas-ligjit-per-mbrojtjen-e-te-dhenave-personale","status":"publish","type":"post","link":"https:\/\/azlp.mk\/sq\/anketa-per-kontrolloret-lidhur-me-ndergjegjesimin-per-mbrojtjen-e-te-dhenave-personale-dhe-kuptimin-e-detyrimeve-sipas-ligjit-per-mbrojtjen-e-te-dhenave-personale\/","title":{"rendered":"Anket\u00eb p\u00ebr kontrolluesit n\u00eb lidhje me nd\u00ebrgjegj\u00ebsimin p\u00ebr mbrojtjen e t\u00eb dh\u00ebnave personale dhe kuptimin e detyrimeve nga Ligji p\u00ebr mbrojtjen e t\u00eb dh\u00ebnave personale"},"content":{"rendered":"<p>T\u00eb nderuar kontrollues,<\/p>\n<p>Ju ftojm\u00eb t\u00eb plot\u00ebsoni\u00a0<a href=\"https:\/\/translate.google.com\/translate?hl=en&amp;prev=_t&amp;sl=mk&amp;tl=sq&amp;u=https:\/\/ec.europa.eu\/eusurvey\/runner\/personal-data-protection-survey\">Anket\u00ebn n\u00eb lidhje me nd\u00ebrgjegj\u00ebsimin p\u00ebr mbrojtjen e t\u00eb dh\u00ebnave personale dhe kuptimin e detyrimeve nga ligji p\u00ebr mbrojtjen e t\u00eb dh\u00ebnave personale<\/a>\u00a0!<\/p>\n<p>N\u00eb qoft\u00eb se n\u00eb kuad\u00ebr t\u00eb aktiviteteve tuaja p\u00ebrpunoni t\u00eb dh\u00ebna personale , at\u00ebher\u00eb Ligji p\u00ebr mbrojtjen e t\u00eb dh\u00ebnave personale zbatohet edhe p\u00ebr ju. Me r\u00ebnd\u00ebsi \u00ebsht\u00eb se Ligji p\u00ebr mbrojtjen e t\u00eb dh\u00ebnave personale zbatohet edhe p\u00ebr t\u00eb dh\u00ebnat personale p\u00ebr t\u00eb pun\u00ebsuarit tuaj.\u00a0N\u00ebse mendoni se nuk p\u00ebrpunoni t\u00eb dh\u00ebna personale, mendoni edhe nj\u00ebher\u00eb!\u00a0A kryeni video mbik\u00ebqyrje n\u00eb hap\u00ebsirat tuaja?\u00a0A d\u00ebrgoni materiale promovuese klient\u00ebve si pjes\u00eb t\u00eb biznesit tuaj dhe a postoni fotografi n\u00eb mediat sociale?\u00a0A i ruani i rezultatet e testeve t\u00eb student\u00ebve tuaj?\u00a0A i kopjoni let\u00ebrnjoftimiet e mysafir\u00ebve tuaj?\u00a0A i grumbulloni t\u00eb dh\u00ebnat personale p\u00ebrmes t\u00eb ashtuquajtur\u00ebs\u00a0cookies n\u00eb ueb faqet tuaja zyrtare?\u00a0Mbani mend, edhe at\u00ebher\u00eb kur ruani t\u00eb dh\u00ebnat personale p\u00ebr t\u00eb pun\u00ebsuarit ose t\u00eb klient\u00ebt\u00a0 vet\u00ebm n\u00eb dosje, edhe kjo\u00a0 konsiderohet p\u00ebrpunim i t\u00eb dh\u00ebnave personale.<\/p>\n<p>Mbrojtja e t\u00eb dh\u00ebnave personale \u00ebsht\u00eb e drejt\u00eb themelore e njeriut e garantuar n\u00eb nenin 18 t\u00eb Kushtetut\u00ebs s\u00eb Republik\u00ebs s\u00eb Maqedonis\u00eb s\u00eb Veriut\u00a0 dhe garanton mbrojtje nga shkelja e integritetit personal si rezultat i sh\u00ebnimit t\u00eb informacioneve personale p\u00ebrmes p\u00ebrpunimit t\u00eb automatizuar dhe jo t\u00eb automatizuar t\u00eb t\u00eb dh\u00ebnave personale.\u00a0N\u00eb Bashkimin Evropian, e drejta p\u00ebr mbrojtjen e t\u00eb dh\u00ebnave personale \u00ebsht\u00eb e drejt\u00eb themelore dhe mbrohet me Rregulloren e P\u00ebrgjithshme t\u00eb Mbrojtjes s\u00eb t\u00eb Dh\u00ebnave.<\/p>\n<p>P\u00ebr t\u00eb siguruar t\u00eb nj\u00ebjtin nivel t\u00eb mbrojtjes s\u00eb t\u00eb dh\u00ebnave personale p\u00ebr qytetar\u00ebt e Republik\u00ebs s\u00eb Maqedonis\u00eb s\u00eb Veriut dhe p\u00ebr t\u00eb qen\u00eb n\u00eb hap me legjislacionin Evropian, n\u00eb shkurt t\u00eb vitit 2020 u miratua Ligj i ri p\u00ebr mbrojtjen e t\u00eb dh\u00ebnave personale (&#8220;Gazeta Zyrtare e Republik\u00ebs s\u00eb Maqedonis\u00eb s\u00eb Veriut&#8221; nr. 42\/20) q\u00eb transponon Rregulloren e BE -s\u00eb 2016\/679 p\u00ebr Mbrojtjen e t\u00eb Dh\u00ebnave Personale (GDPR).<\/p>\n<p>M\u00eb dat\u00eb 24 gusht t\u00eb vitit 2021,\u00a0 filloi t\u00eb zbatohet t\u00ebr\u00ebsisht\u00a0Ligji\u00a0 p\u00ebr mbrojtjen e t\u00eb dh\u00ebnave personale.<\/p>\n<p>Kjo anket\u00eb\u00a0 do t&#8217;ju ndihmoj\u00eb t\u00eb identifikoni dhe kuptoni detyrimet tuaja q\u00eb rrjedhin nga Ligji p\u00ebr mbrojtjen e t\u00eb dh\u00ebnave personale.<\/p>\n<p>P\u00ebrve\u00e7 k\u00ebsaj, anketa do\u00a0t&#8217;i ndihmonte edhe Agjencis\u00eb p\u00ebr Mbrojtjen e t\u00eb Dh\u00ebnave Personale\u00a0p\u00ebr t\u00eb marr\u00eb informacione m\u00eb t\u00eb detajuara mbi nevojat e kontrolluesve n\u00eb Republik\u00ebn e Maqedonis\u00eb\u00a0 s\u00eb Veriut.\u00a0N\u00eb baz\u00eb t\u00eb konkluzioneve t\u00eb anket\u00ebs, do t\u00eb p\u00ebrpilojm\u00eb \u00a0udh\u00ebzime dhe mjete p\u00ebr p\u00ebrgjegjshm\u00ebrin\u00eb t\u00eb p\u00ebrshtatura p\u00ebr\u00a0nevojat\u00a0tuaja\u00a0, dhe n\u00eb k\u00ebt\u00eb m\u00ebnyr\u00eb\u00a0do t&#8217;ju mb\u00ebshtesim n\u00eb paraqitjen e p\u00ebrgjegjshm\u00ebris\u00eb, dhe arritjen e pajtueshm\u00ebris\u00eb me\u00a0Ligjin.<\/p>\n<p>P\u00ebrfundimi i k\u00ebsaj ankete\u00a0 do t&#8217;ju marr\u00eb rreth 25 minuta nga koha juaj.\u00a0Afati i fundit p\u00ebr plot\u00ebsimin e anket\u00ebs\u00a0 \u00ebsht\u00eb 21 shtator 2021.<\/p>\n<p>Anketa mund t\u00eb plot\u00ebsohet nga t\u00eb gjith\u00eb personat e pun\u00ebsuar dhe t\u00eb angazhuar nga kontrolluesit.<\/p>\n<p>Anketa realizohet\u00a0 n\u00eb m\u00ebnyr\u00eb anonime, nd\u00ebrsa rezultatet do t\u00eb bazohen n\u00eb t\u00eb dh\u00ebnat e grumbulluara.<\/p>\n<p>Ju lutemi\u00a0 ta ndani k\u00ebt\u00eb informacion deri te t\u00eb \u00a0gjith\u00eb \u00a0t\u00eb pun\u00ebsuarit, partner\u00ebt, bashk\u00ebpun\u00ebtor\u00ebt\u00a0dhe\u00a0an\u00ebtar\u00ebt tuaj.<\/p>\n<p>* Anketa realizohet\u00a0 si pjes\u00eb e aktiviteteve t\u00eb Twinning projektit &#8220;Mb\u00ebshtetje p\u00ebr zbatimin e korniz\u00ebs s\u00eb modernizuar ligjore p\u00ebr mbrojtjen e t\u00eb dh\u00ebnave personale n\u00eb Maqedonin\u00eb e Veriut&#8221;, financuar nga Bashkimi Evropian.<\/p>\n<p><strong>Lidhja deri te anketa:\u00a0<\/strong><a href=\"https:\/\/translate.google.com\/translate?hl=en&amp;prev=_t&amp;sl=mk&amp;tl=sq&amp;u=https:\/\/ec.europa.eu\/eusurvey\/runner\/personal-data-protection-survey\"><strong>https:\/\/ec.europa.eu\/eusurvey\/runner\/personal-data-protection-survey<\/strong><\/a><\/p>\n<p>Agjencia p\u00ebr Mbrojtjen e t\u00eb Dh\u00ebnave Personale<\/p>\n","protected":false},"excerpt":{"rendered":"<p>T\u00eb nderuar kontrollues, Ju ftojm\u00eb t\u00eb plot\u00ebsoni\u00a0Anket\u00ebn n\u00eb lidhje me [&hellip;]<\/p>\n","protected":false},"author":1,"featured_media":10445,"comment_status":"closed","ping_status":"closed","sticky":false,"template":"","format":"standard","meta":{"footnotes":""},"categories":[80],"tags":[],"yoast_head":"<!-- This site is optimized with the Yoast SEO plugin v19.9 - https:\/\/yoast.com\/wordpress\/plugins\/seo\/ -->\n<title>Anket\u00eb p\u00ebr kontrolluesit n\u00eb lidhje me nd\u00ebrgjegj\u00ebsimin p\u00ebr mbrojtjen e t\u00eb dh\u00ebnave personale dhe kuptimin e detyrimeve nga Ligji p\u00ebr mbrojtjen e t\u00eb dh\u00ebnave personale - \u0410\u0433\u0435\u043d\u0446\u0438\u0458\u0430 \u0437\u0430 \u0437\u0430\u0448\u0442\u0438\u0442\u0430 \u043d\u0430 \u043b\u0438\u0447\u043d\u0438\u0442\u0435 \u043f\u043e\u0434\u0430\u0442\u043e\u0446\u0438<\/title>\n<meta name=\"robots\" content=\"index, follow, max-snippet:-1, max-image-preview:large, max-video-preview:-1\" \/>\n<link rel=\"canonical\" href=\"https:\/\/azlp.mk\/sq\/anketa-per-kontrolloret-lidhur-me-ndergjegjesimin-per-mbrojtjen-e-te-dhenave-personale-dhe-kuptimin-e-detyrimeve-sipas-ligjit-per-mbrojtjen-e-te-dhenave-personale\/\" \/>\n<meta property=\"og:locale\" content=\"sq_AL\" \/>\n<meta property=\"og:type\" content=\"article\" \/>\n<meta property=\"og:title\" content=\"Anket\u00eb p\u00ebr kontrolluesit n\u00eb lidhje me nd\u00ebrgjegj\u00ebsimin p\u00ebr mbrojtjen e t\u00eb dh\u00ebnave personale dhe kuptimin e detyrimeve nga Ligji p\u00ebr mbrojtjen e t\u00eb dh\u00ebnave personale - \u0410\u0433\u0435\u043d\u0446\u0438\u0458\u0430 \u0437\u0430 \u0437\u0430\u0448\u0442\u0438\u0442\u0430 \u043d\u0430 \u043b\u0438\u0447\u043d\u0438\u0442\u0435 \u043f\u043e\u0434\u0430\u0442\u043e\u0446\u0438\" \/>\n<meta property=\"og:description\" content=\"T\u00eb nderuar kontrollues, Ju ftojm\u00eb t\u00eb plot\u00ebsoni\u00a0Anket\u00ebn n\u00eb lidhje me [&hellip;]\" \/>\n<meta property=\"og:url\" content=\"https:\/\/azlp.mk\/sq\/anketa-per-kontrolloret-lidhur-me-ndergjegjesimin-per-mbrojtjen-e-te-dhenave-personale-dhe-kuptimin-e-detyrimeve-sipas-ligjit-per-mbrojtjen-e-te-dhenave-personale\/\" \/>\n<meta property=\"og:site_name\" content=\"\u0410\u0433\u0435\u043d\u0446\u0438\u0458\u0430 \u0437\u0430 \u0437\u0430\u0448\u0442\u0438\u0442\u0430 \u043d\u0430 \u043b\u0438\u0447\u043d\u0438\u0442\u0435 \u043f\u043e\u0434\u0430\u0442\u043e\u0446\u0438\" \/>\n<meta property=\"article:published_time\" content=\"2021-08-25T14:14:06+00:00\" \/>\n<meta property=\"article:modified_time\" content=\"2022-12-14T11:51:49+00:00\" \/>\n<meta property=\"og:image\" content=\"https:\/\/azlp.mk\/wp-content\/uploads\/2022\/11\/anketa1_0.jpg\" \/>\n\t<meta property=\"og:image:width\" content=\"480\" \/>\n\t<meta property=\"og:image:height\" content=\"259\" \/>\n\t<meta property=\"og:image:type\" content=\"image\/jpeg\" \/>\n<meta name=\"author\" content=\"admin\" \/>\n<meta name=\"twitter:card\" content=\"summary_large_image\" \/>\n<meta name=\"twitter:label1\" content=\"Written by\" \/>\n\t<meta name=\"twitter:data1\" content=\"admin\" \/>\n\t<meta name=\"twitter:label2\" content=\"Est. reading time\" \/>\n\t<meta name=\"twitter:data2\" content=\"3 minutes\" \/>\n<script type=\"application\/ld+json\" class=\"yoast-schema-graph\">{\"@context\":\"https:\/\/schema.org\",\"@graph\":[{\"@type\":\"WebPage\",\"@id\":\"https:\/\/azlp.mk\/sq\/anketa-per-kontrolloret-lidhur-me-ndergjegjesimin-per-mbrojtjen-e-te-dhenave-personale-dhe-kuptimin-e-detyrimeve-sipas-ligjit-per-mbrojtjen-e-te-dhenave-personale\/\",\"url\":\"https:\/\/azlp.mk\/sq\/anketa-per-kontrolloret-lidhur-me-ndergjegjesimin-per-mbrojtjen-e-te-dhenave-personale-dhe-kuptimin-e-detyrimeve-sipas-ligjit-per-mbrojtjen-e-te-dhenave-personale\/\",\"name\":\"Anket\u00eb p\u00ebr kontrolluesit n\u00eb lidhje me nd\u00ebrgjegj\u00ebsimin p\u00ebr mbrojtjen e t\u00eb dh\u00ebnave personale dhe kuptimin e detyrimeve nga Ligji p\u00ebr mbrojtjen e t\u00eb dh\u00ebnave personale - \u0410\u0433\u0435\u043d\u0446\u0438\u0458\u0430 \u0437\u0430 \u0437\u0430\u0448\u0442\u0438\u0442\u0430 \u043d\u0430 \u043b\u0438\u0447\u043d\u0438\u0442\u0435 \u043f\u043e\u0434\u0430\u0442\u043e\u0446\u0438\",\"isPartOf\":{\"@id\":\"https:\/\/azlp.mk\/#website\"},\"datePublished\":\"2021-08-25T14:14:06+00:00\",\"dateModified\":\"2022-12-14T11:51:49+00:00\",\"author\":{\"@id\":\"https:\/\/azlp.mk\/#\/schema\/person\/9ea716567edd00a311020cf60d084df5\"},\"breadcrumb\":{\"@id\":\"https:\/\/azlp.mk\/sq\/anketa-per-kontrolloret-lidhur-me-ndergjegjesimin-per-mbrojtjen-e-te-dhenave-personale-dhe-kuptimin-e-detyrimeve-sipas-ligjit-per-mbrojtjen-e-te-dhenave-personale\/#breadcrumb\"},\"inLanguage\":\"sq-AL\",\"potentialAction\":[{\"@type\":\"ReadAction\",\"target\":[\"https:\/\/azlp.mk\/sq\/anketa-per-kontrolloret-lidhur-me-ndergjegjesimin-per-mbrojtjen-e-te-dhenave-personale-dhe-kuptimin-e-detyrimeve-sipas-ligjit-per-mbrojtjen-e-te-dhenave-personale\/\"]}]},{\"@type\":\"BreadcrumbList\",\"@id\":\"https:\/\/azlp.mk\/sq\/anketa-per-kontrolloret-lidhur-me-ndergjegjesimin-per-mbrojtjen-e-te-dhenave-personale-dhe-kuptimin-e-detyrimeve-sipas-ligjit-per-mbrojtjen-e-te-dhenave-personale\/#breadcrumb\",\"itemListElement\":[{\"@type\":\"ListItem\",\"position\":1,\"name\":\"Ballina\",\"item\":\"https:\/\/azlp.mk\/sq\/\"},{\"@type\":\"ListItem\",\"position\":2,\"name\":\"Anket\u00eb p\u00ebr kontrolluesit n\u00eb lidhje me nd\u00ebrgjegj\u00ebsimin p\u00ebr mbrojtjen e t\u00eb dh\u00ebnave personale dhe kuptimin e detyrimeve nga Ligji p\u00ebr mbrojtjen e t\u00eb dh\u00ebnave personale\"}]},{\"@type\":\"WebSite\",\"@id\":\"https:\/\/azlp.mk\/#website\",\"url\":\"https:\/\/azlp.mk\/\",\"name\":\"\u0410\u0433\u0435\u043d\u0446\u0438\u0458\u0430 \u0437\u0430 \u0437\u0430\u0448\u0442\u0438\u0442\u0430 \u043d\u0430 \u043b\u0438\u0447\u043d\u0438\u0442\u0435 \u043f\u043e\u0434\u0430\u0442\u043e\u0446\u0438\",\"description\":\"\",\"potentialAction\":[{\"@type\":\"SearchAction\",\"target\":{\"@type\":\"EntryPoint\",\"urlTemplate\":\"https:\/\/azlp.mk\/?s={search_term_string}\"},\"query-input\":\"required name=search_term_string\"}],\"inLanguage\":\"sq-AL\"},{\"@type\":\"Person\",\"@id\":\"https:\/\/azlp.mk\/#\/schema\/person\/9ea716567edd00a311020cf60d084df5\",\"name\":\"admin\",\"image\":{\"@type\":\"ImageObject\",\"inLanguage\":\"sq-AL\",\"@id\":\"https:\/\/azlp.mk\/#\/schema\/person\/image\/\",\"url\":\"https:\/\/secure.gravatar.com\/avatar\/d7fd94b33a4de95adb8a3b93535db69b?s=96&d=mm&r=g\",\"contentUrl\":\"https:\/\/secure.gravatar.com\/avatar\/d7fd94b33a4de95adb8a3b93535db69b?s=96&d=mm&r=g\",\"caption\":\"admin\"},\"sameAs\":[\"https:\/\/azlp.mk\"],\"url\":\"https:\/\/azlp.mk\/sq\/author\/oliver\/\"}]}<\/script>\n<!-- \/ Yoast SEO plugin. -->","yoast_head_json":{"title":"Anket\u00eb p\u00ebr kontrolluesit n\u00eb lidhje me nd\u00ebrgjegj\u00ebsimin p\u00ebr mbrojtjen e t\u00eb dh\u00ebnave personale dhe kuptimin e detyrimeve nga Ligji p\u00ebr mbrojtjen e t\u00eb dh\u00ebnave personale - \u0410\u0433\u0435\u043d\u0446\u0438\u0458\u0430 \u0437\u0430 \u0437\u0430\u0448\u0442\u0438\u0442\u0430 \u043d\u0430 \u043b\u0438\u0447\u043d\u0438\u0442\u0435 \u043f\u043e\u0434\u0430\u0442\u043e\u0446\u0438","robots":{"index":"index","follow":"follow","max-snippet":"max-snippet:-1","max-image-preview":"max-image-preview:large","max-video-preview":"max-video-preview:-1"},"canonical":"https:\/\/azlp.mk\/sq\/anketa-per-kontrolloret-lidhur-me-ndergjegjesimin-per-mbrojtjen-e-te-dhenave-personale-dhe-kuptimin-e-detyrimeve-sipas-ligjit-per-mbrojtjen-e-te-dhenave-personale\/","og_locale":"sq_AL","og_type":"article","og_title":"Anket\u00eb p\u00ebr kontrolluesit n\u00eb lidhje me nd\u00ebrgjegj\u00ebsimin p\u00ebr mbrojtjen e t\u00eb dh\u00ebnave personale dhe kuptimin e detyrimeve nga Ligji p\u00ebr mbrojtjen e t\u00eb dh\u00ebnave personale - \u0410\u0433\u0435\u043d\u0446\u0438\u0458\u0430 \u0437\u0430 \u0437\u0430\u0448\u0442\u0438\u0442\u0430 \u043d\u0430 \u043b\u0438\u0447\u043d\u0438\u0442\u0435 \u043f\u043e\u0434\u0430\u0442\u043e\u0446\u0438","og_description":"T\u00eb nderuar kontrollues, Ju ftojm\u00eb t\u00eb plot\u00ebsoni\u00a0Anket\u00ebn n\u00eb lidhje me [&hellip;]","og_url":"https:\/\/azlp.mk\/sq\/anketa-per-kontrolloret-lidhur-me-ndergjegjesimin-per-mbrojtjen-e-te-dhenave-personale-dhe-kuptimin-e-detyrimeve-sipas-ligjit-per-mbrojtjen-e-te-dhenave-personale\/","og_site_name":"\u0410\u0433\u0435\u043d\u0446\u0438\u0458\u0430 \u0437\u0430 \u0437\u0430\u0448\u0442\u0438\u0442\u0430 \u043d\u0430 \u043b\u0438\u0447\u043d\u0438\u0442\u0435 \u043f\u043e\u0434\u0430\u0442\u043e\u0446\u0438","article_published_time":"2021-08-25T14:14:06+00:00","article_modified_time":"2022-12-14T11:51:49+00:00","og_image":[{"width":480,"height":259,"url":"https:\/\/azlp.mk\/wp-content\/uploads\/2022\/11\/anketa1_0.jpg","type":"image\/jpeg"}],"author":"admin","twitter_card":"summary_large_image","twitter_misc":{"Written by":"admin","Est. reading time":"3 minutes"},"schema":{"@context":"https:\/\/schema.org","@graph":[{"@type":"WebPage","@id":"https:\/\/azlp.mk\/sq\/anketa-per-kontrolloret-lidhur-me-ndergjegjesimin-per-mbrojtjen-e-te-dhenave-personale-dhe-kuptimin-e-detyrimeve-sipas-ligjit-per-mbrojtjen-e-te-dhenave-personale\/","url":"https:\/\/azlp.mk\/sq\/anketa-per-kontrolloret-lidhur-me-ndergjegjesimin-per-mbrojtjen-e-te-dhenave-personale-dhe-kuptimin-e-detyrimeve-sipas-ligjit-per-mbrojtjen-e-te-dhenave-personale\/","name":"Anket\u00eb p\u00ebr kontrolluesit n\u00eb lidhje me nd\u00ebrgjegj\u00ebsimin p\u00ebr mbrojtjen e t\u00eb dh\u00ebnave personale dhe kuptimin e detyrimeve nga Ligji p\u00ebr mbrojtjen e t\u00eb dh\u00ebnave personale - \u0410\u0433\u0435\u043d\u0446\u0438\u0458\u0430 \u0437\u0430 \u0437\u0430\u0448\u0442\u0438\u0442\u0430 \u043d\u0430 \u043b\u0438\u0447\u043d\u0438\u0442\u0435 \u043f\u043e\u0434\u0430\u0442\u043e\u0446\u0438","isPartOf":{"@id":"https:\/\/azlp.mk\/#website"},"datePublished":"2021-08-25T14:14:06+00:00","dateModified":"2022-12-14T11:51:49+00:00","author":{"@id":"https:\/\/azlp.mk\/#\/schema\/person\/9ea716567edd00a311020cf60d084df5"},"breadcrumb":{"@id":"https:\/\/azlp.mk\/sq\/anketa-per-kontrolloret-lidhur-me-ndergjegjesimin-per-mbrojtjen-e-te-dhenave-personale-dhe-kuptimin-e-detyrimeve-sipas-ligjit-per-mbrojtjen-e-te-dhenave-personale\/#breadcrumb"},"inLanguage":"sq-AL","potentialAction":[{"@type":"ReadAction","target":["https:\/\/azlp.mk\/sq\/anketa-per-kontrolloret-lidhur-me-ndergjegjesimin-per-mbrojtjen-e-te-dhenave-personale-dhe-kuptimin-e-detyrimeve-sipas-ligjit-per-mbrojtjen-e-te-dhenave-personale\/"]}]},{"@type":"BreadcrumbList","@id":"https:\/\/azlp.mk\/sq\/anketa-per-kontrolloret-lidhur-me-ndergjegjesimin-per-mbrojtjen-e-te-dhenave-personale-dhe-kuptimin-e-detyrimeve-sipas-ligjit-per-mbrojtjen-e-te-dhenave-personale\/#breadcrumb","itemListElement":[{"@type":"ListItem","position":1,"name":"Ballina","item":"https:\/\/azlp.mk\/sq\/"},{"@type":"ListItem","position":2,"name":"Anket\u00eb p\u00ebr kontrolluesit n\u00eb lidhje me nd\u00ebrgjegj\u00ebsimin p\u00ebr mbrojtjen e t\u00eb dh\u00ebnave personale dhe kuptimin e detyrimeve nga Ligji p\u00ebr mbrojtjen e t\u00eb dh\u00ebnave personale"}]},{"@type":"WebSite","@id":"https:\/\/azlp.mk\/#website","url":"https:\/\/azlp.mk\/","name":"\u0410\u0433\u0435\u043d\u0446\u0438\u0458\u0430 \u0437\u0430 \u0437\u0430\u0448\u0442\u0438\u0442\u0430 \u043d\u0430 \u043b\u0438\u0447\u043d\u0438\u0442\u0435 \u043f\u043e\u0434\u0430\u0442\u043e\u0446\u0438","description":"","potentialAction":[{"@type":"SearchAction","target":{"@type":"EntryPoint","urlTemplate":"https:\/\/azlp.mk\/?s={search_term_string}"},"query-input":"required name=search_term_string"}],"inLanguage":"sq-AL"},{"@type":"Person","@id":"https:\/\/azlp.mk\/#\/schema\/person\/9ea716567edd00a311020cf60d084df5","name":"admin","image":{"@type":"ImageObject","inLanguage":"sq-AL","@id":"https:\/\/azlp.mk\/#\/schema\/person\/image\/","url":"https:\/\/secure.gravatar.com\/avatar\/d7fd94b33a4de95adb8a3b93535db69b?s=96&d=mm&r=g","contentUrl":"https:\/\/secure.gravatar.com\/avatar\/d7fd94b33a4de95adb8a3b93535db69b?s=96&d=mm&r=g","caption":"admin"},"sameAs":["https:\/\/azlp.mk"],"url":"https:\/\/azlp.mk\/sq\/author\/oliver\/"}]}},"_links":{"self":[{"href":"https:\/\/azlp.mk\/sq\/wp-json\/wp\/v2\/posts\/10444"}],"collection":[{"href":"https:\/\/azlp.mk\/sq\/wp-json\/wp\/v2\/posts"}],"about":[{"href":"https:\/\/azlp.mk\/sq\/wp-json\/wp\/v2\/types\/post"}],"author":[{"embeddable":true,"href":"https:\/\/azlp.mk\/sq\/wp-json\/wp\/v2\/users\/1"}],"replies":[{"embeddable":true,"href":"https:\/\/azlp.mk\/sq\/wp-json\/wp\/v2\/comments?post=10444"}],"version-history":[{"count":1,"href":"https:\/\/azlp.mk\/sq\/wp-json\/wp\/v2\/posts\/10444\/revisions"}],"predecessor-version":[{"id":12794,"href":"https:\/\/azlp.mk\/sq\/wp-json\/wp\/v2\/posts\/10444\/revisions\/12794"}],"wp:featuredmedia":[{"embeddable":true,"href":"https:\/\/azlp.mk\/sq\/wp-json\/wp\/v2\/media\/10445"}],"wp:attachment":[{"href":"https:\/\/azlp.mk\/sq\/wp-json\/wp\/v2\/media?parent=10444"}],"wp:term":[{"taxonomy":"category","embeddable":true,"href":"https:\/\/azlp.mk\/sq\/wp-json\/wp\/v2\/categories?post=10444"},{"taxonomy":"post_tag","embeddable":true,"href":"https:\/\/azlp.mk\/sq\/wp-json\/wp\/v2\/tags?post=10444"}],"curies":[{"name":"wp","href":"https:\/\/api.w.org\/{rel}","templated":true}]}}