{"id":10442,"date":"2021-09-06T15:49:35","date_gmt":"2021-09-06T13:49:35","guid":{"rendered":"https:\/\/azlp.mk\/informacion-mbi-percaktimin-e-nje-zyrtari-per-mbrojtjen-e-te-dhenave-personale\/"},"modified":"2022-12-14T13:50:13","modified_gmt":"2022-12-14T11:50:13","slug":"informacion-mbi-percaktimin-e-nje-zyrtari-per-mbrojtjen-e-te-dhenave-personale","status":"publish","type":"post","link":"https:\/\/azlp.mk\/sq\/informacion-mbi-percaktimin-e-nje-zyrtari-per-mbrojtjen-e-te-dhenave-personale\/","title":{"rendered":"Informacione p\u00ebr caktimin e zyrtarit (oficerit) p\u00ebr mbrojtjen e t\u00eb dh\u00ebnave personale (ZMDhP)"},"content":{"rendered":"<p>Agjencia p\u00ebr Mbrojtjen e t\u00eb Dh\u00ebnave duke e ndjekur zbatimin e Ligjit p\u00ebr mbrojtjen e t\u00eb dh\u00ebnave personale\u00a0(LMDhP), dhe duke marr\u00eb parasysh nevoj\u00ebn p\u00ebr sqarimin\u00a0e \u00e7\u00ebshtjeve q\u00eb lidhen me\u00a0zyrtarin (oficerin) p\u00ebr e\u00a0mbrojtjen e t\u00eb dh\u00ebnave personale\u00a0(ZMDhP), \u00a0ju njofton\u00a0 n\u00eb vijim:<\/p>\n<p><strong>Kur\u00a0duhet t\u00eb\u00a0caktojm\u00eb ZMDhP?<\/strong><\/p>\n<p>Sipas LMDhP, kontrolluesi dhe p\u00ebrpunuesi\u00a0<strong><u>duhet\u00a0<\/u><\/strong>t\u00eb\u00a0caktoj\u00eb ZMDhP\u00a0ather\u00eb kur:<\/p>\n<ul>\n<li>\u00a0p\u00ebrpunimi i t\u00eb dh\u00ebnave personale kryhet nga organeve t\u00eb pushtetit shtet\u00ebror,<\/li>\n<li><u>aktivitetet themelore\u00a0<\/u>t\u00eb p\u00ebrpunimit, t\u00eb cilat p\u00ebr shkak t\u00eb natyr\u00ebs, fush\u00ebveprimi dhe\/ose q\u00ebllimeve t\u00eb tyre, k\u00ebrkojn\u00eb n\u00eb mas\u00eb t\u00eb madhe ndjekjen e rregullt dhe sistematike t\u00eb subjekteve t\u00eb t\u00eb dh\u00ebnave personale, ose<\/li>\n<li><u>aktivitetet<\/u>\u00a0<u>themelore<\/u>\u00a0p\u00ebrb\u00ebhen nga p\u00ebrpunimi i gjer\u00eb i kategorive t\u00eb t\u00eb dh\u00ebnave personale t\u00eb ve\u00e7anta ose t\u00eb t\u00eb dh\u00ebnave personale n\u00eb lidhje me d\u00ebnimet penale dhe veprat penale.<\/li>\n<\/ul>\n<p>N\u00eb raste t\u00eb caktuara,\u00a0kontrolluesi apo p\u00ebrpunuesi ose shoqatat dhe organet e tjera q\u00eb p\u00ebrfaq\u00ebsojn\u00eb kategorit\u00eb e kontrolluesve ose p\u00ebrpunuesve mund\u00a0gjithashtu t\u00eb\u00a0caktojn\u00eb\u00a0zyrtar (oficer) p\u00ebr mbrojtjen e t\u00eb dh\u00ebnave personale.<\/p>\n<p>Pavar\u00ebsisht nga e lartsh\u00ebnuara,\u00a0n\u00ebse\u00a0d\u00ebshironi, mund t\u00eb\u00a0caktoni ZMDhP edhe n\u00ebse\u00a0LMDhP nuk e k\u00ebrkon at\u00eb\u00a0nga ju.N\u00eb k\u00ebt\u00eb rast, n\u00ebse vendosni t\u00eb caktoni vullnetarisht ZMDhP, duhet\u00a0t\u00eb kuptoni q\u00eb k\u00ebrkesat e njejta p\u00ebr\u00a0pozicionin, statusin\u00a0dhe detyrat vl\u0435jn\u00eb njejt\u00eb si n\u00eb rastin kur caktimi i ZMDhP \u00ebsht\u00eb i\u00a0detyruesh\u00ebm.\u00a0Gjithashtu,\u00a0pa marr\u00eb parasysh n\u00ebse\u00a0LMDhP\u00a0ju detyron t\u00eb caktoni ZMDhP, duhet t\u00eb\u00a0siguroheni\u00a0q\u00eb\u00a0n\u00eb lidhje me t\u00eb dh\u00ebnat personale q\u00eb i p\u00ebrpunoni \u00a0duhet t\u00eb respektohen t\u00eb gjitha detyrimet q\u00eb dalin\u00a0nga\u00a0LMDhP.<\/p>\n<p>N\u00eb qoft\u00eb se vendosni se nuk keni nevoj\u00eb t\u00eb caktoni ZMDhP,\u00a0vullnetarisht ose sepse nuk i plot\u00ebsoni kriteret e lartp\u00ebrmendura, at\u00ebher\u00eb ky vendim do t\u00eb duhet t\u00eb dokumentohet\u00a0me q\u00ebllim q\u00eb t&#8217;ju ndihmoj\u00eb n\u00eb demonstrimin e\u00a0parimit t\u00eb llogaridh\u00ebnies.<\/p>\n<p>M\u00eb konkretisht n\u00eb lidhje me kriteret \u00a0<strong><u>kur duhet\u00a0<\/u><\/strong>t\u00eb caktohet ZMDhP:<\/p>\n<p><strong>Kush jan\u00eb organet e pushtetit qendror?<\/strong><\/p>\n<p>N\u00ebnkuptohet se jan\u00eb organet e pushtetit qendror dhe lokal dhe organet e tjera shtet\u00ebrore t\u00eb krijuara n\u00eb p\u00ebrputhje me Kushtetut\u00ebn dhe ligjin\u00a0,\u00a0institucionet q\u00eb kryejn\u00eb veprimtari n\u00eb fush\u00ebn e arsimit, shkenc\u00ebs, sh\u00ebndet\u00ebsis\u00eb, kultur\u00ebs, pun\u00ebs, mbrojtjes sociale dhe mbrojtjes s\u00eb f\u00ebmij\u00ebve, sportit, si dhe n\u00eb aktivitete t\u00eb tjera me interes publik t\u00eb p\u00ebrcaktuara me ligj, t\u00eb organizuara si agjenci, fonde, institucione publike dhe nd\u00ebrmarrje publike t\u00eb themeluara nga Republika e\u00a0Maqedonis\u00eb\u00a0s\u00eb Veriut ose nga komunat, nga Qyteti i Shkupit, si dhe komunat e Qytetit t\u00eb Shkupit.<\/p>\n<p>N\u00eb lidhje\u00a0 me kriteret q\u00eb lidhen me\u00a0<u>aktivitetet themelore\u00a0<\/u>t\u00eb p\u00ebrpunimit, t\u00eb cilat p\u00ebr shkak t\u00eb natyr\u00ebs, fush\u00ebveprimi\u00a0 dhe\/ose q\u00ebllimeve t\u00eb tyre, k\u00ebrkojn\u00eb n\u00eb mas\u00eb t\u00eb madhe ndjekjen e rregullt dhe sistematike t\u00eb subjekteve t\u00eb t\u00eb dh\u00ebnave personale, ose kur\u00a0<u>aktivitetet themelore<\/u>\u00a0p\u00ebrb\u00ebhen nga p\u00ebrpunimi i gjer\u00eb i kategorive t\u00eb ve\u00e7anta t\u00eb t\u00eb dh\u00ebnave personale AMDhP sqaron:<\/p>\n<p>N\u00eb secilin nga rastet e m\u00ebsip\u00ebrme, duhet kuptuar q\u00eb b\u00ebhet fjal\u00eb p\u00ebr aktivitete themelore (thelb\u00ebsore) t\u00eb kontrolluesit, gjegj\u00ebsisht p\u00ebrpunuesit, n\u00eb m\u00ebnyr\u00eb q\u00eb t\u00eb ken\u00eb detyrim p\u00ebr caktimin e ZMDhP.<\/p>\n<p><strong>Cilat jan\u00eb aktivitetet themelore (thelb\u00ebsore)?<\/strong><\/p>\n<p>Aktivitetet themelore jan\u00eb aktivitetet kryesore t\u00eb biznesit t\u00eb kontrolluesit gjegj\u00ebsisht p\u00ebrpunuesit.\u00a0Kjo n\u00ebnkupton,\u00a0n\u00eb qoft\u00eb se\u00a0n\u00eb pun\u00ebn tuaj duhet t\u00eb p\u00ebrpunoni t\u00eb dh\u00ebna personale p\u00ebr t\u00eb arritur q\u00ebllimet tuaja kryesore,\u00a0at\u00ebher\u00eb aktiviteti i till\u00eb i takon nocionit aktivitetet \u00a0themelore.\u00a0Duhet t\u00eb kuptohet se kjo \u00ebsht\u00eb ndryshe nga p\u00ebrpunimi i t\u00eb dh\u00ebnave personale p\u00ebr q\u00ebllime tjera sekondare, t\u00eb cilat\u00a0gjithashtu\u00a0mund t\u00eb jen\u00eb di\u00e7ka q\u00eb ju e b\u00ebni vazhdimisht,\u00a0por q\u00eb nuk \u00ebsht\u00eb pjes\u00eb e arritjes s\u00eb q\u00ebllimeve tuaja par\u00ebsore.\u00a0P\u00ebr shembull:\u00a0n\u00eb shum\u00eb organizata p\u00ebrpunimi i t\u00eb dh\u00ebnave personale p\u00ebr burimet njer\u00ebzore do t\u00eb jet\u00eb funksion dyt\u00ebsor\u00a0n\u00eb lidhje\u00a0me aktivitetet e tyre kryesore t\u00eb\u00a0biznesit\u00a0(\u00a0kryesore)\u00a0dhe prandaj nuk do t\u00eb jen\u00eb pjes\u00eb e\u00a0<u>aktiviteteve\u00a0<\/u>t\u00eb tyre\u00a0<u>kryesore<\/u>.<\/p>\n<p>Gjithashtu,\u00a0monitorimi i rregullt dhe sistematik\u00a0i subjekteve t\u00eb\u00a0t\u00eb\u00a0dh\u00ebnave\u00a0personale\u00a0i p\u00ebrfshin\u00eb t\u00eb gjitha format e monitorimit dhe profilizimit,\u00a0pavar\u00ebsisht n\u00ebse monitorimi \u00ebsht\u00eb &#8220;online&#8221;\u00a0apo &#8220;offline&#8221;, nd\u00ebrsa gjat\u00eb p\u00ebrcaktimit n\u00ebse p\u00ebrpunimi \u00ebsht\u00eb n\u00eb mas\u00eb t\u00eb madhe duhen t\u00eb merren parasysh shum\u00eb\u00a0faktor\u00eb, ve\u00e7an\u00ebrisht\u00a0numri i subjekteve t\u00eb prekura\u00a0t\u00eb\u00a0t\u00eb\u00a0dh\u00ebnave\u00a0personale,\u00a0v\u00ebllimi\u00a0dhe kategorit\u00eb\u00a0e t\u00eb dh\u00ebnave personale t\u00eb cilat \u00a0p\u00ebrpunohen,\u00a0koh\u00ebzgjatja e p\u00ebrpunimit t\u00eb t\u00eb dh\u00ebnave, shp\u00ebrndarja gjeografik e p\u00ebrpunimit.<\/p>\n<p><strong>P\u00ebr shembull\u00a0<\/strong>: kjo\u00a0praktikisht do t\u00eb thot\u00eb q\u00eb n\u00ebse analiza &#8220;tregon&#8221; se kontrolluesi, gjegj\u00ebsisht p\u00ebrpunuesi\u00a0n\u00eb funksionimin e tij p\u00ebrpunon vet\u00ebm t\u00eb dh\u00ebna personale p\u00ebr t\u00eb pun\u00ebsuarit e tij\u00a0<u>q\u00eb nuk p\u00ebrfaq\u00ebsonaktivitetin e tij themelor<\/u>\u00a0(\u00a0kompani apo organizat\u00eb\u00a0p\u00ebr shembull deri n\u00eb\u00a050 t\u00eb t\u00eb pun\u00ebsuar)\u00a0dhe k\u00ebshtu q\u00eb nuk p\u00ebrpunon t\u00eb dh\u00ebna personale p\u00ebr kategori\u00a0tjera\u00a0t\u00eb subjekteve t\u00eb t\u00eb dh\u00ebnave personale (p\u00ebr\u00a0shembull\u00a0p\u00ebr\u00a0klient\u00eb, individ\u00eb) dhe\/ose nuk p\u00ebrpunon t\u00eb dh\u00ebnat personale p\u00ebrmes sistemit t\u00eb video mbik\u00ebqyrjes,\u00a0<strong><u>nuk i n\u00ebnshtrohet detyrimit p\u00ebr t\u00eb caktuar\u00a0ZMDhP<\/u><\/strong>.<\/p>\n<p>Theksojm\u00eb se ky proces i analiz\u00ebs duhet t\u00eb dokumentohet, duke marr\u00eb parasysh se secili\u00a0kontrollues\u00a0\u00ebsht\u00eb i detyruar t\u00eb demonstroj\u00eb harmonizimin me parimet q\u00eb lidhen me p\u00ebrpunimin e t\u00eb dh\u00ebnave personale.<\/p>\n<p><strong>Cili \u00ebsht\u00eb roli i ZMDhP?<\/strong><\/p>\n<p>Roli kryesor i ZMDhP \u00ebsht\u00eb t\u00eb ndihmoj\u00eb n\u00eb ndjekjen e harmonizimit t\u00eb\u00a0brendsh\u00ebm\u00a0t\u00eb kontrolluesit gjegj\u00ebsisht p\u00ebrpunuesit me\u00a0dispozitat p\u00ebr mbrojtjen e t\u00eb dh\u00ebnave personale\u00a0, si dhe t\u00eb informoj\u00eb dhe k\u00ebshilloj\u00eb n\u00eb lidhje me vler\u00ebsimin e ndikimit t\u00eb mbrojtjes s\u00eb t\u00eb dh\u00ebnave personale dhe vepron si pik\u00eb kontakti p\u00ebr subjektet e t\u00eb dh\u00ebnave personale dhe AMDhP.<\/p>\n<p>ZMDhP duhet t\u00eb jet\u00eb person i cili caktohet n\u00eb baz\u00eb t\u00eb kualifikimeve t\u00eb dhe njohurive t\u00eb tij profesionale p\u00ebr legjislacionin dhe praktikat n\u00eb fush\u00ebn e mbrojtjes s\u00eb t\u00eb dh\u00ebnave personale, pozit\u00eb dhe status q\u00eb i mund\u00ebson t\u2019i kryej pun\u00ebt e tij plot\u00ebsisht t\u00eb pavarura, pa marr\u00eb kurrfar\u00eb udh\u00ebzimesh nga niveli m\u00eb i lart\u00eb udh\u00ebheq\u00ebs n\u00eb lidhje me kryerjen e pun\u00ebve t\u00eb tij dhe i p\u00ebrfshir\u00ebplot\u00ebsisht dhe n\u00eb koh\u00eb n\u00eb t\u00eb gjitha \u00e7\u00ebshtjet q\u00eb lidhen me mbrojtjen e t\u00eb dh\u00ebnave personale, si dhe t\u00eb ket\u00eb burimet e nevojshme p\u00ebr kryerjen e pun\u00ebve,qasje n\u00eb t\u00eb dh\u00ebnat personale dhe operacionet e p\u00ebrpunimit dhe mund\u00ebsin\u00eb e sigurimit p\u00ebr t\u2019i ruajtur njohurit\u00eb e tij profesionale.<\/p>\n<p><strong>Konflikti i interesit<\/strong><\/p>\n<p>P\u00ebr sa i p\u00ebrket\u00a0pozit\u00ebs, \u00ebsht\u00eb e r\u00ebnd\u00ebsishme t\u00eb kuptohet q\u00eb ZMDhP p\u00ebr pun\u00ebn e tij drejtp\u00ebrdrejt i p\u00ebrgjigjet nivelit m\u00eb t\u00eb lart\u00eb udh\u00ebheq\u00ebs t\u00eb kontrolluesit gjegj\u00ebsisht p\u00ebrpunuesit.\u00a0Duke pasur parasysh se\u00a0ZMDhP mund t\u00eb kryej edhe detyra dhe p\u00ebrgjegj\u00ebsi t\u00eb tjera gjat\u00eb caktimit t\u00eb tij \u00ebsht\u00eb e r\u00ebnd\u00ebsishme t\u00eb sigurohet q\u00eb detyrat e tilla dhe p\u00ebrgjegj\u00ebsit\u00eb nuk\u00a0kan\u00eb konflikt t\u00eb interesave\u00a0n\u00eb ushtrimin e detyrave t\u00eb tij.\u00a0<strong>P\u00ebr shembull:<\/strong>\u00a0p\u00ebr ZMDhP nuk mund t\u00eb caktohet menaxheri i kontrolluesit \/ p\u00ebrpunuesit,\u00a0as t\u00eb\u00a0autorizohet\u00a0personi p\u00ebrgjegj\u00ebs p\u00ebr sigurimin e sistemit informativ (administrator\u00a0i\u00a0sistemit informativ).<\/p>\n<p>ZMDhP\u00a0 mund t\u00eb jet\u00eb i pun\u00ebsuar te kontrollouesi ose p\u00ebrpunuesi ose mund t&#8217;i kryej\u00eb pun\u00ebt n\u00eb baz\u00eb t\u00eb kontrat\u00ebs p\u00ebr sh\u00ebrbime (i pun\u00ebsuar i p\u00ebrhersh\u00ebm apo person i em\u00ebruar) nga jasht\u00eb, nd\u00ebrsa \u00a0em\u00ebrimi i tij\u00a0\u00ebsht\u00eb shembull i mir\u00eb p\u00ebr t\u00eb demonstruar\u00a0harmonizimin me LMDhP, si\u00a0edhe demonstrimin e llogaridh\u00ebnies<\/p>\n<p>T\u00eb dh\u00ebnat p\u00ebr kontakt t\u00eb ZMDhP, publikohen nga kontrolluesi, gjegj\u00ebsisht p\u00ebrpounuesi si dhe njoftohet AMDhP me shkres\u00eb t\u00eb\u00a0p\u00ebrshtatshme\u00a0e cila duhet t\u00eb p\u00ebrfshij\u00eb:<\/p>\n<ul>\n<li>em\u00ebrtimin e kontrolluesit, gjegj\u00ebsisht p\u00ebrpunuesit,<\/li>\n<li>emrin dhe mbiemrin e ZMDhP,<\/li>\n<li>\u00a0t\u00eb dh\u00ebnat p\u00ebr kontakt t\u00eb ZMDhP (post\u00ebn elektronike dhe numrin e telefonit).<\/li>\n<\/ul>\n<p><strong>A\u00a0\u00ebsht\u00eb\u00a0p\u00ebrgjegj\u00ebs\u00a0ZMDhP p\u00ebr\u00a0harmonizimin?<\/strong><\/p>\n<p>ZMDhP nuk\u00a0\u00ebsht\u00eb\u00a0personalisht\u00a0p\u00ebrgjegj\u00ebs\u00a0p\u00ebr\u00a0harmonizimin me dispozitat p\u00ebr\u00a0mbrojtjen\u00a0e t\u00eb dh\u00ebnave personale, p\u00ebrgjegj\u00ebsia i mbetet \u00a0kontrolluesit\u00a0ose\u00a0p\u00ebrpunuesit t\u00eb harmonizohen me LMDhP, mirpo n\u00eb \u00e7do rast\u00a0ZMDhP ka\u00a0rol ky\u00e7\u00a0n\u00eb p\u00ebrmbushjen e detyrimeve p\u00ebr\u00a0mbrojtjen\u00a0e\u00a0personale\u00a0t\u00eb dh\u00ebnave personale.<\/p>\n","protected":false},"excerpt":{"rendered":"<p>Agjencia p\u00ebr Mbrojtjen e t\u00eb Dh\u00ebnave duke e ndjekur zbatimin [&hellip;]<\/p>\n","protected":false},"author":1,"featured_media":10443,"comment_status":"open","ping_status":"open","sticky":false,"template":"","format":"standard","meta":{"footnotes":""},"categories":[80],"tags":[],"yoast_head":"<!-- This site is optimized with the Yoast SEO plugin v19.9 - https:\/\/yoast.com\/wordpress\/plugins\/seo\/ -->\n<title>Informacione p\u00ebr caktimin e zyrtarit (oficerit) p\u00ebr mbrojtjen e t\u00eb dh\u00ebnave personale (ZMDhP) - \u0410\u0433\u0435\u043d\u0446\u0438\u0458\u0430 \u0437\u0430 \u0437\u0430\u0448\u0442\u0438\u0442\u0430 \u043d\u0430 \u043b\u0438\u0447\u043d\u0438\u0442\u0435 \u043f\u043e\u0434\u0430\u0442\u043e\u0446\u0438<\/title>\n<meta name=\"robots\" content=\"index, follow, max-snippet:-1, max-image-preview:large, max-video-preview:-1\" \/>\n<link rel=\"canonical\" href=\"https:\/\/azlp.mk\/sq\/informacion-mbi-percaktimin-e-nje-zyrtari-per-mbrojtjen-e-te-dhenave-personale\/\" \/>\n<meta property=\"og:locale\" content=\"sq_AL\" \/>\n<meta property=\"og:type\" content=\"article\" \/>\n<meta property=\"og:title\" content=\"Informacione p\u00ebr caktimin e zyrtarit (oficerit) p\u00ebr mbrojtjen e t\u00eb dh\u00ebnave personale (ZMDhP) - \u0410\u0433\u0435\u043d\u0446\u0438\u0458\u0430 \u0437\u0430 \u0437\u0430\u0448\u0442\u0438\u0442\u0430 \u043d\u0430 \u043b\u0438\u0447\u043d\u0438\u0442\u0435 \u043f\u043e\u0434\u0430\u0442\u043e\u0446\u0438\" \/>\n<meta property=\"og:description\" content=\"Agjencia p\u00ebr Mbrojtjen e t\u00eb Dh\u00ebnave duke e ndjekur zbatimin [&hellip;]\" \/>\n<meta property=\"og:url\" content=\"https:\/\/azlp.mk\/sq\/informacion-mbi-percaktimin-e-nje-zyrtari-per-mbrojtjen-e-te-dhenave-personale\/\" \/>\n<meta property=\"og:site_name\" content=\"\u0410\u0433\u0435\u043d\u0446\u0438\u0458\u0430 \u0437\u0430 \u0437\u0430\u0448\u0442\u0438\u0442\u0430 \u043d\u0430 \u043b\u0438\u0447\u043d\u0438\u0442\u0435 \u043f\u043e\u0434\u0430\u0442\u043e\u0446\u0438\" \/>\n<meta property=\"article:published_time\" content=\"2021-09-06T13:49:35+00:00\" \/>\n<meta property=\"article:modified_time\" content=\"2022-12-14T11:50:13+00:00\" \/>\n<meta property=\"og:image\" content=\"https:\/\/azlp.mk\/wp-content\/uploads\/2022\/11\/ozlp_2.jpg\" \/>\n\t<meta property=\"og:image:width\" content=\"480\" \/>\n\t<meta property=\"og:image:height\" content=\"340\" \/>\n\t<meta property=\"og:image:type\" content=\"image\/jpeg\" \/>\n<meta name=\"author\" content=\"admin\" \/>\n<meta name=\"twitter:card\" content=\"summary_large_image\" \/>\n<meta name=\"twitter:label1\" content=\"Written by\" \/>\n\t<meta name=\"twitter:data1\" content=\"admin\" \/>\n\t<meta name=\"twitter:label2\" content=\"Est. reading time\" \/>\n\t<meta name=\"twitter:data2\" content=\"6 minutes\" \/>\n<script type=\"application\/ld+json\" class=\"yoast-schema-graph\">{\"@context\":\"https:\/\/schema.org\",\"@graph\":[{\"@type\":\"WebPage\",\"@id\":\"https:\/\/azlp.mk\/sq\/informacion-mbi-percaktimin-e-nje-zyrtari-per-mbrojtjen-e-te-dhenave-personale\/\",\"url\":\"https:\/\/azlp.mk\/sq\/informacion-mbi-percaktimin-e-nje-zyrtari-per-mbrojtjen-e-te-dhenave-personale\/\",\"name\":\"Informacione p\u00ebr caktimin e zyrtarit (oficerit) p\u00ebr mbrojtjen e t\u00eb dh\u00ebnave personale (ZMDhP) - \u0410\u0433\u0435\u043d\u0446\u0438\u0458\u0430 \u0437\u0430 \u0437\u0430\u0448\u0442\u0438\u0442\u0430 \u043d\u0430 \u043b\u0438\u0447\u043d\u0438\u0442\u0435 \u043f\u043e\u0434\u0430\u0442\u043e\u0446\u0438\",\"isPartOf\":{\"@id\":\"https:\/\/azlp.mk\/#website\"},\"datePublished\":\"2021-09-06T13:49:35+00:00\",\"dateModified\":\"2022-12-14T11:50:13+00:00\",\"author\":{\"@id\":\"https:\/\/azlp.mk\/#\/schema\/person\/9ea716567edd00a311020cf60d084df5\"},\"breadcrumb\":{\"@id\":\"https:\/\/azlp.mk\/sq\/informacion-mbi-percaktimin-e-nje-zyrtari-per-mbrojtjen-e-te-dhenave-personale\/#breadcrumb\"},\"inLanguage\":\"sq-AL\",\"potentialAction\":[{\"@type\":\"ReadAction\",\"target\":[\"https:\/\/azlp.mk\/sq\/informacion-mbi-percaktimin-e-nje-zyrtari-per-mbrojtjen-e-te-dhenave-personale\/\"]}]},{\"@type\":\"BreadcrumbList\",\"@id\":\"https:\/\/azlp.mk\/sq\/informacion-mbi-percaktimin-e-nje-zyrtari-per-mbrojtjen-e-te-dhenave-personale\/#breadcrumb\",\"itemListElement\":[{\"@type\":\"ListItem\",\"position\":1,\"name\":\"Ballina\",\"item\":\"https:\/\/azlp.mk\/sq\/\"},{\"@type\":\"ListItem\",\"position\":2,\"name\":\"Informacione p\u00ebr caktimin e zyrtarit (oficerit) p\u00ebr mbrojtjen e t\u00eb dh\u00ebnave personale (ZMDhP)\"}]},{\"@type\":\"WebSite\",\"@id\":\"https:\/\/azlp.mk\/#website\",\"url\":\"https:\/\/azlp.mk\/\",\"name\":\"\u0410\u0433\u0435\u043d\u0446\u0438\u0458\u0430 \u0437\u0430 \u0437\u0430\u0448\u0442\u0438\u0442\u0430 \u043d\u0430 \u043b\u0438\u0447\u043d\u0438\u0442\u0435 \u043f\u043e\u0434\u0430\u0442\u043e\u0446\u0438\",\"description\":\"\",\"potentialAction\":[{\"@type\":\"SearchAction\",\"target\":{\"@type\":\"EntryPoint\",\"urlTemplate\":\"https:\/\/azlp.mk\/?s={search_term_string}\"},\"query-input\":\"required name=search_term_string\"}],\"inLanguage\":\"sq-AL\"},{\"@type\":\"Person\",\"@id\":\"https:\/\/azlp.mk\/#\/schema\/person\/9ea716567edd00a311020cf60d084df5\",\"name\":\"admin\",\"image\":{\"@type\":\"ImageObject\",\"inLanguage\":\"sq-AL\",\"@id\":\"https:\/\/azlp.mk\/#\/schema\/person\/image\/\",\"url\":\"https:\/\/secure.gravatar.com\/avatar\/d7fd94b33a4de95adb8a3b93535db69b?s=96&d=mm&r=g\",\"contentUrl\":\"https:\/\/secure.gravatar.com\/avatar\/d7fd94b33a4de95adb8a3b93535db69b?s=96&d=mm&r=g\",\"caption\":\"admin\"},\"sameAs\":[\"https:\/\/azlp.mk\"],\"url\":\"https:\/\/azlp.mk\/sq\/author\/oliver\/\"}]}<\/script>\n<!-- \/ Yoast SEO plugin. -->","yoast_head_json":{"title":"Informacione p\u00ebr caktimin e zyrtarit (oficerit) p\u00ebr mbrojtjen e t\u00eb dh\u00ebnave personale (ZMDhP) - \u0410\u0433\u0435\u043d\u0446\u0438\u0458\u0430 \u0437\u0430 \u0437\u0430\u0448\u0442\u0438\u0442\u0430 \u043d\u0430 \u043b\u0438\u0447\u043d\u0438\u0442\u0435 \u043f\u043e\u0434\u0430\u0442\u043e\u0446\u0438","robots":{"index":"index","follow":"follow","max-snippet":"max-snippet:-1","max-image-preview":"max-image-preview:large","max-video-preview":"max-video-preview:-1"},"canonical":"https:\/\/azlp.mk\/sq\/informacion-mbi-percaktimin-e-nje-zyrtari-per-mbrojtjen-e-te-dhenave-personale\/","og_locale":"sq_AL","og_type":"article","og_title":"Informacione p\u00ebr caktimin e zyrtarit (oficerit) p\u00ebr mbrojtjen e t\u00eb dh\u00ebnave personale (ZMDhP) - \u0410\u0433\u0435\u043d\u0446\u0438\u0458\u0430 \u0437\u0430 \u0437\u0430\u0448\u0442\u0438\u0442\u0430 \u043d\u0430 \u043b\u0438\u0447\u043d\u0438\u0442\u0435 \u043f\u043e\u0434\u0430\u0442\u043e\u0446\u0438","og_description":"Agjencia p\u00ebr Mbrojtjen e t\u00eb Dh\u00ebnave duke e ndjekur zbatimin [&hellip;]","og_url":"https:\/\/azlp.mk\/sq\/informacion-mbi-percaktimin-e-nje-zyrtari-per-mbrojtjen-e-te-dhenave-personale\/","og_site_name":"\u0410\u0433\u0435\u043d\u0446\u0438\u0458\u0430 \u0437\u0430 \u0437\u0430\u0448\u0442\u0438\u0442\u0430 \u043d\u0430 \u043b\u0438\u0447\u043d\u0438\u0442\u0435 \u043f\u043e\u0434\u0430\u0442\u043e\u0446\u0438","article_published_time":"2021-09-06T13:49:35+00:00","article_modified_time":"2022-12-14T11:50:13+00:00","og_image":[{"width":480,"height":340,"url":"https:\/\/azlp.mk\/wp-content\/uploads\/2022\/11\/ozlp_2.jpg","type":"image\/jpeg"}],"author":"admin","twitter_card":"summary_large_image","twitter_misc":{"Written by":"admin","Est. reading time":"6 minutes"},"schema":{"@context":"https:\/\/schema.org","@graph":[{"@type":"WebPage","@id":"https:\/\/azlp.mk\/sq\/informacion-mbi-percaktimin-e-nje-zyrtari-per-mbrojtjen-e-te-dhenave-personale\/","url":"https:\/\/azlp.mk\/sq\/informacion-mbi-percaktimin-e-nje-zyrtari-per-mbrojtjen-e-te-dhenave-personale\/","name":"Informacione p\u00ebr caktimin e zyrtarit (oficerit) p\u00ebr mbrojtjen e t\u00eb dh\u00ebnave personale (ZMDhP) - \u0410\u0433\u0435\u043d\u0446\u0438\u0458\u0430 \u0437\u0430 \u0437\u0430\u0448\u0442\u0438\u0442\u0430 \u043d\u0430 \u043b\u0438\u0447\u043d\u0438\u0442\u0435 \u043f\u043e\u0434\u0430\u0442\u043e\u0446\u0438","isPartOf":{"@id":"https:\/\/azlp.mk\/#website"},"datePublished":"2021-09-06T13:49:35+00:00","dateModified":"2022-12-14T11:50:13+00:00","author":{"@id":"https:\/\/azlp.mk\/#\/schema\/person\/9ea716567edd00a311020cf60d084df5"},"breadcrumb":{"@id":"https:\/\/azlp.mk\/sq\/informacion-mbi-percaktimin-e-nje-zyrtari-per-mbrojtjen-e-te-dhenave-personale\/#breadcrumb"},"inLanguage":"sq-AL","potentialAction":[{"@type":"ReadAction","target":["https:\/\/azlp.mk\/sq\/informacion-mbi-percaktimin-e-nje-zyrtari-per-mbrojtjen-e-te-dhenave-personale\/"]}]},{"@type":"BreadcrumbList","@id":"https:\/\/azlp.mk\/sq\/informacion-mbi-percaktimin-e-nje-zyrtari-per-mbrojtjen-e-te-dhenave-personale\/#breadcrumb","itemListElement":[{"@type":"ListItem","position":1,"name":"Ballina","item":"https:\/\/azlp.mk\/sq\/"},{"@type":"ListItem","position":2,"name":"Informacione p\u00ebr caktimin e zyrtarit (oficerit) p\u00ebr mbrojtjen e t\u00eb dh\u00ebnave personale (ZMDhP)"}]},{"@type":"WebSite","@id":"https:\/\/azlp.mk\/#website","url":"https:\/\/azlp.mk\/","name":"\u0410\u0433\u0435\u043d\u0446\u0438\u0458\u0430 \u0437\u0430 \u0437\u0430\u0448\u0442\u0438\u0442\u0430 \u043d\u0430 \u043b\u0438\u0447\u043d\u0438\u0442\u0435 \u043f\u043e\u0434\u0430\u0442\u043e\u0446\u0438","description":"","potentialAction":[{"@type":"SearchAction","target":{"@type":"EntryPoint","urlTemplate":"https:\/\/azlp.mk\/?s={search_term_string}"},"query-input":"required name=search_term_string"}],"inLanguage":"sq-AL"},{"@type":"Person","@id":"https:\/\/azlp.mk\/#\/schema\/person\/9ea716567edd00a311020cf60d084df5","name":"admin","image":{"@type":"ImageObject","inLanguage":"sq-AL","@id":"https:\/\/azlp.mk\/#\/schema\/person\/image\/","url":"https:\/\/secure.gravatar.com\/avatar\/d7fd94b33a4de95adb8a3b93535db69b?s=96&d=mm&r=g","contentUrl":"https:\/\/secure.gravatar.com\/avatar\/d7fd94b33a4de95adb8a3b93535db69b?s=96&d=mm&r=g","caption":"admin"},"sameAs":["https:\/\/azlp.mk"],"url":"https:\/\/azlp.mk\/sq\/author\/oliver\/"}]}},"_links":{"self":[{"href":"https:\/\/azlp.mk\/sq\/wp-json\/wp\/v2\/posts\/10442"}],"collection":[{"href":"https:\/\/azlp.mk\/sq\/wp-json\/wp\/v2\/posts"}],"about":[{"href":"https:\/\/azlp.mk\/sq\/wp-json\/wp\/v2\/types\/post"}],"author":[{"embeddable":true,"href":"https:\/\/azlp.mk\/sq\/wp-json\/wp\/v2\/users\/1"}],"replies":[{"embeddable":true,"href":"https:\/\/azlp.mk\/sq\/wp-json\/wp\/v2\/comments?post=10442"}],"version-history":[{"count":1,"href":"https:\/\/azlp.mk\/sq\/wp-json\/wp\/v2\/posts\/10442\/revisions"}],"predecessor-version":[{"id":12793,"href":"https:\/\/azlp.mk\/sq\/wp-json\/wp\/v2\/posts\/10442\/revisions\/12793"}],"wp:featuredmedia":[{"embeddable":true,"href":"https:\/\/azlp.mk\/sq\/wp-json\/wp\/v2\/media\/10443"}],"wp:attachment":[{"href":"https:\/\/azlp.mk\/sq\/wp-json\/wp\/v2\/media?parent=10442"}],"wp:term":[{"taxonomy":"category","embeddable":true,"href":"https:\/\/azlp.mk\/sq\/wp-json\/wp\/v2\/categories?post=10442"},{"taxonomy":"post_tag","embeddable":true,"href":"https:\/\/azlp.mk\/sq\/wp-json\/wp\/v2\/tags?post=10442"}],"curies":[{"name":"wp","href":"https:\/\/api.w.org\/{rel}","templated":true}]}}