{"id":10434,"date":"2021-09-30T16:08:15","date_gmt":"2021-09-30T14:08:15","guid":{"rendered":"https:\/\/azlp.mk\/eshte-shenuar-fillimi-i-projektit-te-binjakezimit-mbeshtetje-ne-zbatimin-e-kuadrit-ligjor-te-modernizuar-per-mbrojtjen-e-te-dhenave-personale\/"},"modified":"2022-12-14T13:46:52","modified_gmt":"2022-12-14T11:46:52","slug":"eshte-shenuar-fillimi-i-projektit-te-binjakezimit-mbeshtetje-ne-zbatimin-e-kuadrit-ligjor-te-modernizuar-per-mbrojtjen-e-te-dhenave-personale","status":"publish","type":"post","link":"https:\/\/azlp.mk\/sq\/eshte-shenuar-fillimi-i-projektit-te-binjakezimit-mbeshtetje-ne-zbatimin-e-kuadrit-ligjor-te-modernizuar-per-mbrojtjen-e-te-dhenave-personale\/","title":{"rendered":"Sh\u00ebnohet fillimi i projektit &#8211; twinning \u201eMb\u00ebshtetje n\u00eb zbatimin e korniz\u00ebs ligjore t\u00eb modernizuar p\u00ebr mbrojtjen e t\u00eb dh\u00ebnave personale&#8221;"},"content":{"rendered":"<p>Sot, m\u00eb dat\u00eb 30 shtator 2021, n\u00eb Double Tree by Hilton Hotel, u organizua Eveniment p\u00ebr t\u00eb sh\u00ebnuar fillimin e projektit &#8211; twinning \u201eMb\u00ebshtetje n\u00eb zbatimin e korniz\u00ebs ligjore t\u00eb modernizuar p\u00ebr mbrojtjen e t\u00eb dh\u00ebnave personale&#8221; financuar nga Bashkimi Evropian. Proektin e realizojn\u00eb \u00a0Agjencia p\u00ebr Mbrojtjen e t\u00eb Dh\u00ebnave Personale e Republik\u00ebs s\u00eb Kroacis\u00eb dhe Fondacioni Gjerman p\u00ebr Bashk\u00ebpunim Juridik Nd\u00ebrkomb\u00ebtar (IRZ) nd\u00ebrsa shryt\u00ebzues \u00ebsht\u00eb Agjencia p\u00ebr Mbrojtjen e t\u00eb Dh\u00ebnave Personale e Republik\u00ebs s\u00eb Maqedonis\u00eb s\u00eb Veriut<\/p>\n<p>N\u00eb k\u00ebt\u00eb\u00a0 eveniment me\u00a0 fjalim hyr\u00ebs pjesmarr\u00ebsve iu drejtua Drejtori i Agjencis\u00eb p\u00ebr Mbrojtjen e t\u00eb Dh\u00ebnave Personale z. Imer Aliu, Ministri i Drejt\u00ebsis\u00eb, z. Bojan Maricic\u00a0, Udh\u00ebheq\u00ebsi i nj\u00ebsis\u00eb p\u00ebr Bashk\u00ebpunim t\u00eb Delegacionit t\u00eb BE, z. Shtefan Hudolin, Ambasadori Kroat,\u00a0SH.S Nives Tigan,\u00a0 z\u00ebvend\u00ebs ambasadori gjerman, z. Otto Graf, si dhe Drejtor i Agjencis\u00eb p\u00ebr Mbrojtjen e t\u00eb Dh\u00ebnave Personale t\u00eb Republik\u00ebs s\u00eb Kroacis\u00eb z. Zdravko Vukic<\/p>\n<p>N\u00eb pjes\u00ebn e pun\u00ebs s\u00eb evenimentit ishin t\u00eb p\u00ebrfshir\u00eb dy prezantime.\u00a0K\u00ebshilltarja e p\u00ebrhershme e projektit-twinning znj. Sanja Silaj Zeman\u00a0,prezentoi tri komponentet e\u00a0 projektit twinning\u00a0 dhe theksoi rezultatet e pritura nga projekti dhe aktivitetet e planifikuara.\u00a0Znj. Anamarija Mladinic\u00a0nga AZOP prezantoi rezultatet \u00a0nga Anketa e realizuar mes kontrolluesve lidhur me nd\u00ebrgjegj\u00ebsimin e tyre p\u00ebr mbrojtjen e t\u00eb dh\u00ebnave personale dhe kuptimin e detyrimeve nga Ligji p\u00ebr mbrojtjen e t\u00eb dh\u00ebnave personale.<\/p>\n<p>Ngjarja u p\u00ebrmbyll me panel diskutimi me tem\u00eb &#8221;\u00a0Korniza e re ligjore p\u00ebr mbrojtjen e t\u00eb dh\u00ebnave personale: sfida dhe mund\u00ebsi p\u00ebr organizata&#8221;, me pjes\u00ebmarrjevt\u00eb \u00a0e ekspert\u00ebve nd\u00ebrkomb\u00ebtar\u00eb t\u00eb cil\u00ebt adresuan sfidat e zbatimit t\u00eb Rregullores s\u00eb P\u00ebrgjithshme t\u00eb Mbrojtjes s\u00eb t\u00eb Dh\u00ebnave (GDRP) n\u00eb Gjermani dhe Kroacia si shtete an\u00ebtare t\u00eb BE -s\u00eb.\u00a0Nga ana tjet\u00ebr, panelist\u00ebt lokal iu referuan zbatimit t\u00eb LMDhP nga perspektiva e AMDhP-s\u00eb, si dhe nga perspektiva e sektorit publik dhe civil n\u00eb drejtim t\u00eb arritjes s\u00eb pajtueshm\u00ebris\u00eb me ligjin.<\/p>\n<p>Ligji i ri p\u00ebr Mbrojtjen e t\u00eb Dh\u00ebnave Personale, i cili transpozon Rregulloren e P\u00ebrgjithshme t\u00eb BE -s\u00eb p\u00ebr Mbrojtjen e t\u00eb Dh\u00ebnave (GDPR), sjell ndryshime t\u00eb r\u00ebnd\u00ebsishme, ve\u00e7an\u00ebrisht \u00a0prezanton p\u00ebrkufizime dhe koncepte t\u00eb reja, p\u00ebrshkruan p\u00ebrgjegj\u00ebsi t\u00eb reja p\u00ebr kontrolluesit dhe p\u00ebrpunuesit e t\u00eb dh\u00ebnave personale dhe p\u00ebrforcon t\u00eb drejtat e subjekteve t\u00eb t\u00eb dh\u00ebnave personale.\u00a0Q\u00ebllimi i projektit, i cili do t\u00eb zbatohet n\u00eb periudh\u00eb prej 15 muajsh (1 qershor 2021 deri m\u00eb 31 gusht 2021), \u00ebsht\u00eb\u00a0t\u00eb\u00a0p\u00ebrmir\u00ebsoj\u00eb mbrojtjen e t\u00eb drejtave themelore t\u00eb njeriut dhe sistemin komb\u00ebtar p\u00ebr mbrojtjen e t\u00eb dh\u00ebnave personale n\u00eb Republik\u00ebn e Maqedonis\u00eb\u00a0s\u00eb\u00a0Veriut\u00a0n\u00eb p\u00ebrputhje me standardet e legjislacionit t\u00eb Bashkimit Evropian\u00a0dhe t\u00eb p\u00ebrmir\u00ebsoj\u00eb pun\u00ebn e Agjencis\u00eb p\u00ebr Mbrojtjen e t\u00eb Dh\u00ebnave Personale p\u00ebr t\u00eb zbatuar korniz\u00ebn e modernizuar p\u00ebr mbrojtjen e t\u00eb dh\u00ebnave personale<\/p>\n<p>Evenimenti u organizua n\u00eb p\u00ebrputhje me t\u00eb gjitha protokollet p\u00ebr mbrojtje ndaj\u00a0 Kovid-19.<\/p>\n<p>&nbsp;<\/p>\n","protected":false},"excerpt":{"rendered":"<p>Sot, m\u00eb dat\u00eb 30 shtator 2021, n\u00eb Double Tree by [&hellip;]<\/p>\n","protected":false},"author":1,"featured_media":10435,"comment_status":"open","ping_status":"open","sticky":false,"template":"","format":"standard","meta":{"footnotes":""},"categories":[80],"tags":[150],"yoast_head":"<!-- This site is optimized with the Yoast SEO plugin v19.9 - https:\/\/yoast.com\/wordpress\/plugins\/seo\/ -->\n<title>Sh\u00ebnohet fillimi i projektit - twinning \u201eMb\u00ebshtetje n\u00eb zbatimin e korniz\u00ebs ligjore t\u00eb modernizuar p\u00ebr mbrojtjen e t\u00eb dh\u00ebnave personale&quot; - \u0410\u0433\u0435\u043d\u0446\u0438\u0458\u0430 \u0437\u0430 \u0437\u0430\u0448\u0442\u0438\u0442\u0430 \u043d\u0430 \u043b\u0438\u0447\u043d\u0438\u0442\u0435 \u043f\u043e\u0434\u0430\u0442\u043e\u0446\u0438<\/title>\n<meta name=\"robots\" content=\"index, follow, max-snippet:-1, max-image-preview:large, max-video-preview:-1\" \/>\n<link rel=\"canonical\" href=\"https:\/\/azlp.mk\/sq\/eshte-shenuar-fillimi-i-projektit-te-binjakezimit-mbeshtetje-ne-zbatimin-e-kuadrit-ligjor-te-modernizuar-per-mbrojtjen-e-te-dhenave-personale\/\" \/>\n<meta property=\"og:locale\" content=\"sq_AL\" \/>\n<meta property=\"og:type\" content=\"article\" \/>\n<meta property=\"og:title\" content=\"Sh\u00ebnohet fillimi i projektit - twinning \u201eMb\u00ebshtetje n\u00eb zbatimin e korniz\u00ebs ligjore t\u00eb modernizuar p\u00ebr mbrojtjen e t\u00eb dh\u00ebnave personale&quot; - \u0410\u0433\u0435\u043d\u0446\u0438\u0458\u0430 \u0437\u0430 \u0437\u0430\u0448\u0442\u0438\u0442\u0430 \u043d\u0430 \u043b\u0438\u0447\u043d\u0438\u0442\u0435 \u043f\u043e\u0434\u0430\u0442\u043e\u0446\u0438\" \/>\n<meta property=\"og:description\" content=\"Sot, m\u00eb dat\u00eb 30 shtator 2021, n\u00eb Double Tree by [&hellip;]\" \/>\n<meta property=\"og:url\" content=\"https:\/\/azlp.mk\/sq\/eshte-shenuar-fillimi-i-projektit-te-binjakezimit-mbeshtetje-ne-zbatimin-e-kuadrit-ligjor-te-modernizuar-per-mbrojtjen-e-te-dhenave-personale\/\" \/>\n<meta property=\"og:site_name\" content=\"\u0410\u0433\u0435\u043d\u0446\u0438\u0458\u0430 \u0437\u0430 \u0437\u0430\u0448\u0442\u0438\u0442\u0430 \u043d\u0430 \u043b\u0438\u0447\u043d\u0438\u0442\u0435 \u043f\u043e\u0434\u0430\u0442\u043e\u0446\u0438\" \/>\n<meta property=\"article:published_time\" content=\"2021-09-30T14:08:15+00:00\" \/>\n<meta property=\"article:modified_time\" content=\"2022-12-14T11:46:52+00:00\" \/>\n<meta property=\"og:image\" content=\"https:\/\/azlp.mk\/wp-content\/uploads\/2022\/11\/image_2021-09-30_17-12-48-243.jpg\" \/>\n\t<meta property=\"og:image:width\" content=\"480\" \/>\n\t<meta property=\"og:image:height\" content=\"359\" \/>\n\t<meta property=\"og:image:type\" content=\"image\/jpeg\" \/>\n<meta name=\"author\" content=\"admin\" \/>\n<meta name=\"twitter:card\" content=\"summary_large_image\" \/>\n<meta name=\"twitter:label1\" content=\"Written by\" \/>\n\t<meta name=\"twitter:data1\" content=\"admin\" \/>\n\t<meta name=\"twitter:label2\" content=\"Est. reading time\" \/>\n\t<meta name=\"twitter:data2\" content=\"2 minutes\" \/>\n<script type=\"application\/ld+json\" class=\"yoast-schema-graph\">{\"@context\":\"https:\/\/schema.org\",\"@graph\":[{\"@type\":\"WebPage\",\"@id\":\"https:\/\/azlp.mk\/sq\/eshte-shenuar-fillimi-i-projektit-te-binjakezimit-mbeshtetje-ne-zbatimin-e-kuadrit-ligjor-te-modernizuar-per-mbrojtjen-e-te-dhenave-personale\/\",\"url\":\"https:\/\/azlp.mk\/sq\/eshte-shenuar-fillimi-i-projektit-te-binjakezimit-mbeshtetje-ne-zbatimin-e-kuadrit-ligjor-te-modernizuar-per-mbrojtjen-e-te-dhenave-personale\/\",\"name\":\"Sh\u00ebnohet fillimi i projektit - twinning \u201eMb\u00ebshtetje n\u00eb zbatimin e korniz\u00ebs ligjore t\u00eb modernizuar p\u00ebr mbrojtjen e t\u00eb dh\u00ebnave personale\\\" - \u0410\u0433\u0435\u043d\u0446\u0438\u0458\u0430 \u0437\u0430 \u0437\u0430\u0448\u0442\u0438\u0442\u0430 \u043d\u0430 \u043b\u0438\u0447\u043d\u0438\u0442\u0435 \u043f\u043e\u0434\u0430\u0442\u043e\u0446\u0438\",\"isPartOf\":{\"@id\":\"https:\/\/azlp.mk\/#website\"},\"datePublished\":\"2021-09-30T14:08:15+00:00\",\"dateModified\":\"2022-12-14T11:46:52+00:00\",\"author\":{\"@id\":\"https:\/\/azlp.mk\/#\/schema\/person\/9ea716567edd00a311020cf60d084df5\"},\"breadcrumb\":{\"@id\":\"https:\/\/azlp.mk\/sq\/eshte-shenuar-fillimi-i-projektit-te-binjakezimit-mbeshtetje-ne-zbatimin-e-kuadrit-ligjor-te-modernizuar-per-mbrojtjen-e-te-dhenave-personale\/#breadcrumb\"},\"inLanguage\":\"sq-AL\",\"potentialAction\":[{\"@type\":\"ReadAction\",\"target\":[\"https:\/\/azlp.mk\/sq\/eshte-shenuar-fillimi-i-projektit-te-binjakezimit-mbeshtetje-ne-zbatimin-e-kuadrit-ligjor-te-modernizuar-per-mbrojtjen-e-te-dhenave-personale\/\"]}]},{\"@type\":\"BreadcrumbList\",\"@id\":\"https:\/\/azlp.mk\/sq\/eshte-shenuar-fillimi-i-projektit-te-binjakezimit-mbeshtetje-ne-zbatimin-e-kuadrit-ligjor-te-modernizuar-per-mbrojtjen-e-te-dhenave-personale\/#breadcrumb\",\"itemListElement\":[{\"@type\":\"ListItem\",\"position\":1,\"name\":\"Ballina\",\"item\":\"https:\/\/azlp.mk\/sq\/\"},{\"@type\":\"ListItem\",\"position\":2,\"name\":\"Sh\u00ebnohet fillimi i projektit &#8211; twinning \u201eMb\u00ebshtetje n\u00eb zbatimin e korniz\u00ebs ligjore t\u00eb modernizuar p\u00ebr mbrojtjen e t\u00eb dh\u00ebnave personale&#8221;\"}]},{\"@type\":\"WebSite\",\"@id\":\"https:\/\/azlp.mk\/#website\",\"url\":\"https:\/\/azlp.mk\/\",\"name\":\"\u0410\u0433\u0435\u043d\u0446\u0438\u0458\u0430 \u0437\u0430 \u0437\u0430\u0448\u0442\u0438\u0442\u0430 \u043d\u0430 \u043b\u0438\u0447\u043d\u0438\u0442\u0435 \u043f\u043e\u0434\u0430\u0442\u043e\u0446\u0438\",\"description\":\"\",\"potentialAction\":[{\"@type\":\"SearchAction\",\"target\":{\"@type\":\"EntryPoint\",\"urlTemplate\":\"https:\/\/azlp.mk\/?s={search_term_string}\"},\"query-input\":\"required name=search_term_string\"}],\"inLanguage\":\"sq-AL\"},{\"@type\":\"Person\",\"@id\":\"https:\/\/azlp.mk\/#\/schema\/person\/9ea716567edd00a311020cf60d084df5\",\"name\":\"admin\",\"image\":{\"@type\":\"ImageObject\",\"inLanguage\":\"sq-AL\",\"@id\":\"https:\/\/azlp.mk\/#\/schema\/person\/image\/\",\"url\":\"https:\/\/secure.gravatar.com\/avatar\/d7fd94b33a4de95adb8a3b93535db69b?s=96&d=mm&r=g\",\"contentUrl\":\"https:\/\/secure.gravatar.com\/avatar\/d7fd94b33a4de95adb8a3b93535db69b?s=96&d=mm&r=g\",\"caption\":\"admin\"},\"sameAs\":[\"https:\/\/azlp.mk\"],\"url\":\"https:\/\/azlp.mk\/sq\/author\/oliver\/\"}]}<\/script>\n<!-- \/ Yoast SEO plugin. -->","yoast_head_json":{"title":"Sh\u00ebnohet fillimi i projektit - twinning \u201eMb\u00ebshtetje n\u00eb zbatimin e korniz\u00ebs ligjore t\u00eb modernizuar p\u00ebr mbrojtjen e t\u00eb dh\u00ebnave personale\" - \u0410\u0433\u0435\u043d\u0446\u0438\u0458\u0430 \u0437\u0430 \u0437\u0430\u0448\u0442\u0438\u0442\u0430 \u043d\u0430 \u043b\u0438\u0447\u043d\u0438\u0442\u0435 \u043f\u043e\u0434\u0430\u0442\u043e\u0446\u0438","robots":{"index":"index","follow":"follow","max-snippet":"max-snippet:-1","max-image-preview":"max-image-preview:large","max-video-preview":"max-video-preview:-1"},"canonical":"https:\/\/azlp.mk\/sq\/eshte-shenuar-fillimi-i-projektit-te-binjakezimit-mbeshtetje-ne-zbatimin-e-kuadrit-ligjor-te-modernizuar-per-mbrojtjen-e-te-dhenave-personale\/","og_locale":"sq_AL","og_type":"article","og_title":"Sh\u00ebnohet fillimi i projektit - twinning \u201eMb\u00ebshtetje n\u00eb zbatimin e korniz\u00ebs ligjore t\u00eb modernizuar p\u00ebr mbrojtjen e t\u00eb dh\u00ebnave personale\" - \u0410\u0433\u0435\u043d\u0446\u0438\u0458\u0430 \u0437\u0430 \u0437\u0430\u0448\u0442\u0438\u0442\u0430 \u043d\u0430 \u043b\u0438\u0447\u043d\u0438\u0442\u0435 \u043f\u043e\u0434\u0430\u0442\u043e\u0446\u0438","og_description":"Sot, m\u00eb dat\u00eb 30 shtator 2021, n\u00eb Double Tree by [&hellip;]","og_url":"https:\/\/azlp.mk\/sq\/eshte-shenuar-fillimi-i-projektit-te-binjakezimit-mbeshtetje-ne-zbatimin-e-kuadrit-ligjor-te-modernizuar-per-mbrojtjen-e-te-dhenave-personale\/","og_site_name":"\u0410\u0433\u0435\u043d\u0446\u0438\u0458\u0430 \u0437\u0430 \u0437\u0430\u0448\u0442\u0438\u0442\u0430 \u043d\u0430 \u043b\u0438\u0447\u043d\u0438\u0442\u0435 \u043f\u043e\u0434\u0430\u0442\u043e\u0446\u0438","article_published_time":"2021-09-30T14:08:15+00:00","article_modified_time":"2022-12-14T11:46:52+00:00","og_image":[{"width":480,"height":359,"url":"https:\/\/azlp.mk\/wp-content\/uploads\/2022\/11\/image_2021-09-30_17-12-48-243.jpg","type":"image\/jpeg"}],"author":"admin","twitter_card":"summary_large_image","twitter_misc":{"Written by":"admin","Est. reading time":"2 minutes"},"schema":{"@context":"https:\/\/schema.org","@graph":[{"@type":"WebPage","@id":"https:\/\/azlp.mk\/sq\/eshte-shenuar-fillimi-i-projektit-te-binjakezimit-mbeshtetje-ne-zbatimin-e-kuadrit-ligjor-te-modernizuar-per-mbrojtjen-e-te-dhenave-personale\/","url":"https:\/\/azlp.mk\/sq\/eshte-shenuar-fillimi-i-projektit-te-binjakezimit-mbeshtetje-ne-zbatimin-e-kuadrit-ligjor-te-modernizuar-per-mbrojtjen-e-te-dhenave-personale\/","name":"Sh\u00ebnohet fillimi i projektit - twinning \u201eMb\u00ebshtetje n\u00eb zbatimin e korniz\u00ebs ligjore t\u00eb modernizuar p\u00ebr mbrojtjen e t\u00eb dh\u00ebnave personale\" - \u0410\u0433\u0435\u043d\u0446\u0438\u0458\u0430 \u0437\u0430 \u0437\u0430\u0448\u0442\u0438\u0442\u0430 \u043d\u0430 \u043b\u0438\u0447\u043d\u0438\u0442\u0435 \u043f\u043e\u0434\u0430\u0442\u043e\u0446\u0438","isPartOf":{"@id":"https:\/\/azlp.mk\/#website"},"datePublished":"2021-09-30T14:08:15+00:00","dateModified":"2022-12-14T11:46:52+00:00","author":{"@id":"https:\/\/azlp.mk\/#\/schema\/person\/9ea716567edd00a311020cf60d084df5"},"breadcrumb":{"@id":"https:\/\/azlp.mk\/sq\/eshte-shenuar-fillimi-i-projektit-te-binjakezimit-mbeshtetje-ne-zbatimin-e-kuadrit-ligjor-te-modernizuar-per-mbrojtjen-e-te-dhenave-personale\/#breadcrumb"},"inLanguage":"sq-AL","potentialAction":[{"@type":"ReadAction","target":["https:\/\/azlp.mk\/sq\/eshte-shenuar-fillimi-i-projektit-te-binjakezimit-mbeshtetje-ne-zbatimin-e-kuadrit-ligjor-te-modernizuar-per-mbrojtjen-e-te-dhenave-personale\/"]}]},{"@type":"BreadcrumbList","@id":"https:\/\/azlp.mk\/sq\/eshte-shenuar-fillimi-i-projektit-te-binjakezimit-mbeshtetje-ne-zbatimin-e-kuadrit-ligjor-te-modernizuar-per-mbrojtjen-e-te-dhenave-personale\/#breadcrumb","itemListElement":[{"@type":"ListItem","position":1,"name":"Ballina","item":"https:\/\/azlp.mk\/sq\/"},{"@type":"ListItem","position":2,"name":"Sh\u00ebnohet fillimi i projektit &#8211; twinning \u201eMb\u00ebshtetje n\u00eb zbatimin e korniz\u00ebs ligjore t\u00eb modernizuar p\u00ebr mbrojtjen e t\u00eb dh\u00ebnave personale&#8221;"}]},{"@type":"WebSite","@id":"https:\/\/azlp.mk\/#website","url":"https:\/\/azlp.mk\/","name":"\u0410\u0433\u0435\u043d\u0446\u0438\u0458\u0430 \u0437\u0430 \u0437\u0430\u0448\u0442\u0438\u0442\u0430 \u043d\u0430 \u043b\u0438\u0447\u043d\u0438\u0442\u0435 \u043f\u043e\u0434\u0430\u0442\u043e\u0446\u0438","description":"","potentialAction":[{"@type":"SearchAction","target":{"@type":"EntryPoint","urlTemplate":"https:\/\/azlp.mk\/?s={search_term_string}"},"query-input":"required name=search_term_string"}],"inLanguage":"sq-AL"},{"@type":"Person","@id":"https:\/\/azlp.mk\/#\/schema\/person\/9ea716567edd00a311020cf60d084df5","name":"admin","image":{"@type":"ImageObject","inLanguage":"sq-AL","@id":"https:\/\/azlp.mk\/#\/schema\/person\/image\/","url":"https:\/\/secure.gravatar.com\/avatar\/d7fd94b33a4de95adb8a3b93535db69b?s=96&d=mm&r=g","contentUrl":"https:\/\/secure.gravatar.com\/avatar\/d7fd94b33a4de95adb8a3b93535db69b?s=96&d=mm&r=g","caption":"admin"},"sameAs":["https:\/\/azlp.mk"],"url":"https:\/\/azlp.mk\/sq\/author\/oliver\/"}]}},"_links":{"self":[{"href":"https:\/\/azlp.mk\/sq\/wp-json\/wp\/v2\/posts\/10434"}],"collection":[{"href":"https:\/\/azlp.mk\/sq\/wp-json\/wp\/v2\/posts"}],"about":[{"href":"https:\/\/azlp.mk\/sq\/wp-json\/wp\/v2\/types\/post"}],"author":[{"embeddable":true,"href":"https:\/\/azlp.mk\/sq\/wp-json\/wp\/v2\/users\/1"}],"replies":[{"embeddable":true,"href":"https:\/\/azlp.mk\/sq\/wp-json\/wp\/v2\/comments?post=10434"}],"version-history":[{"count":1,"href":"https:\/\/azlp.mk\/sq\/wp-json\/wp\/v2\/posts\/10434\/revisions"}],"predecessor-version":[{"id":12790,"href":"https:\/\/azlp.mk\/sq\/wp-json\/wp\/v2\/posts\/10434\/revisions\/12790"}],"wp:featuredmedia":[{"embeddable":true,"href":"https:\/\/azlp.mk\/sq\/wp-json\/wp\/v2\/media\/10435"}],"wp:attachment":[{"href":"https:\/\/azlp.mk\/sq\/wp-json\/wp\/v2\/media?parent=10434"}],"wp:term":[{"taxonomy":"category","embeddable":true,"href":"https:\/\/azlp.mk\/sq\/wp-json\/wp\/v2\/categories?post=10434"},{"taxonomy":"post_tag","embeddable":true,"href":"https:\/\/azlp.mk\/sq\/wp-json\/wp\/v2\/tags?post=10434"}],"curies":[{"name":"wp","href":"https:\/\/api.w.org\/{rel}","templated":true}]}}