{"id":10423,"date":"2021-10-26T13:40:06","date_gmt":"2021-10-26T11:40:06","guid":{"rendered":"https:\/\/azlp.mk\/nenshkruan-memorandumin-e-bashkepunimit-ndermjet-agjencise-per-mbrojtjen-e-te-dhenave-personale-dhe-ministrise-se-ekonomise\/"},"modified":"2022-12-14T13:39:35","modified_gmt":"2022-12-14T11:39:35","slug":"nenshkruan-memorandumin-e-bashkepunimit-ndermjet-agjencise-per-mbrojtjen-e-te-dhenave-personale-dhe-ministrise-se-ekonomise","status":"publish","type":"post","link":"https:\/\/azlp.mk\/sq\/nenshkruan-memorandumin-e-bashkepunimit-ndermjet-agjencise-per-mbrojtjen-e-te-dhenave-personale-dhe-ministrise-se-ekonomise\/","title":{"rendered":"N\u00ebnshkruhet Memorandum bashk\u00ebpunimi nd\u00ebrmjet Agjencis\u00eb p\u00ebr Mbrojtjen e t\u00eb Dh\u00ebnave Personale dhe Ministris\u00eb s\u00eb Ekonomis\u00eb"},"content":{"rendered":"<p>M\u00eb dat\u00eb 26.10.2021, Agjencia p\u00ebr Mbrojtjen e t\u00eb Dh\u00ebnave Personale e p\u00ebrfaq\u00ebsuar nga drejtori Imer Aliu dhe Ministria e Ekonomis\u00eb e p\u00ebrfaq\u00ebsuar nga ministri Kreshnik Bekteshi, n\u00ebnshkruan Memorandum p\u00ebr bashk\u00ebpunim.<\/p>\n<p>Ky Memorandum u n\u00ebnshkrua duke rikonfirmuar angazhimin dhe interesin e nd\u00ebrsjell\u00eb p\u00ebr rritjen e bashk\u00ebpunimit mes dy pal\u00ebve.<\/p>\n<p>P\u00ebr t\u00eb p\u00ebrmbushur objektivat e k\u00ebtij Memorandumi, Agjencia p\u00ebr Mbrojtjen e t\u00eb Dh\u00ebnave Personale do t\u00eb realizoj\u00eb trajnime p\u00ebr mbrojtjen e t\u00eb dh\u00ebnave personale p\u00ebr p\u00ebrfaq\u00ebsuesit e Ministris\u00eb s\u00eb Ekonomis\u00eb, me q\u00ebllim zbatimin e plot\u00eb dhe t\u00eb drejt\u00eb t\u00eb dispozitave p\u00ebr mbrojtjen e t\u00eb dh\u00ebnave personale.<\/p>\n","protected":false},"excerpt":{"rendered":"<p>M\u00eb dat\u00eb 26.10.2021, Agjencia p\u00ebr Mbrojtjen e t\u00eb Dh\u00ebnave Personale [&hellip;]<\/p>\n","protected":false},"author":1,"featured_media":10424,"comment_status":"open","ping_status":"open","sticky":false,"template":"","format":"standard","meta":{"footnotes":""},"categories":[80],"tags":[],"yoast_head":"<!-- This site is optimized with the Yoast SEO plugin v19.9 - https:\/\/yoast.com\/wordpress\/plugins\/seo\/ -->\n<title>N\u00ebnshkruhet Memorandum bashk\u00ebpunimi nd\u00ebrmjet Agjencis\u00eb p\u00ebr Mbrojtjen e t\u00eb Dh\u00ebnave Personale dhe Ministris\u00eb s\u00eb Ekonomis\u00eb - \u0410\u0433\u0435\u043d\u0446\u0438\u0458\u0430 \u0437\u0430 \u0437\u0430\u0448\u0442\u0438\u0442\u0430 \u043d\u0430 \u043b\u0438\u0447\u043d\u0438\u0442\u0435 \u043f\u043e\u0434\u0430\u0442\u043e\u0446\u0438<\/title>\n<meta name=\"robots\" content=\"index, follow, max-snippet:-1, max-image-preview:large, max-video-preview:-1\" \/>\n<link rel=\"canonical\" href=\"https:\/\/azlp.mk\/sq\/nenshkruan-memorandumin-e-bashkepunimit-ndermjet-agjencise-per-mbrojtjen-e-te-dhenave-personale-dhe-ministrise-se-ekonomise\/\" \/>\n<meta property=\"og:locale\" content=\"sq_AL\" \/>\n<meta property=\"og:type\" content=\"article\" \/>\n<meta property=\"og:title\" content=\"N\u00ebnshkruhet Memorandum bashk\u00ebpunimi nd\u00ebrmjet Agjencis\u00eb p\u00ebr Mbrojtjen e t\u00eb Dh\u00ebnave Personale dhe Ministris\u00eb s\u00eb Ekonomis\u00eb - \u0410\u0433\u0435\u043d\u0446\u0438\u0458\u0430 \u0437\u0430 \u0437\u0430\u0448\u0442\u0438\u0442\u0430 \u043d\u0430 \u043b\u0438\u0447\u043d\u0438\u0442\u0435 \u043f\u043e\u0434\u0430\u0442\u043e\u0446\u0438\" \/>\n<meta property=\"og:description\" content=\"M\u00eb dat\u00eb 26.10.2021, Agjencia p\u00ebr Mbrojtjen e t\u00eb Dh\u00ebnave Personale [&hellip;]\" \/>\n<meta property=\"og:url\" content=\"https:\/\/azlp.mk\/sq\/nenshkruan-memorandumin-e-bashkepunimit-ndermjet-agjencise-per-mbrojtjen-e-te-dhenave-personale-dhe-ministrise-se-ekonomise\/\" \/>\n<meta property=\"og:site_name\" content=\"\u0410\u0433\u0435\u043d\u0446\u0438\u0458\u0430 \u0437\u0430 \u0437\u0430\u0448\u0442\u0438\u0442\u0430 \u043d\u0430 \u043b\u0438\u0447\u043d\u0438\u0442\u0435 \u043f\u043e\u0434\u0430\u0442\u043e\u0446\u0438\" \/>\n<meta property=\"article:published_time\" content=\"2021-10-26T11:40:06+00:00\" \/>\n<meta property=\"article:modified_time\" content=\"2022-12-14T11:39:35+00:00\" \/>\n<meta property=\"og:image\" content=\"https:\/\/azlp.mk\/wp-content\/uploads\/2022\/11\/shutterstock_400242964_4.jpg\" \/>\n\t<meta property=\"og:image:width\" content=\"480\" \/>\n\t<meta property=\"og:image:height\" content=\"320\" \/>\n\t<meta property=\"og:image:type\" content=\"image\/jpeg\" \/>\n<meta name=\"author\" content=\"admin\" \/>\n<meta name=\"twitter:card\" content=\"summary_large_image\" \/>\n<meta name=\"twitter:label1\" content=\"Written by\" \/>\n\t<meta name=\"twitter:data1\" content=\"admin\" \/>\n\t<meta name=\"twitter:label2\" content=\"Est. reading time\" \/>\n\t<meta name=\"twitter:data2\" content=\"1 minute\" \/>\n<script type=\"application\/ld+json\" class=\"yoast-schema-graph\">{\"@context\":\"https:\/\/schema.org\",\"@graph\":[{\"@type\":\"WebPage\",\"@id\":\"https:\/\/azlp.mk\/sq\/nenshkruan-memorandumin-e-bashkepunimit-ndermjet-agjencise-per-mbrojtjen-e-te-dhenave-personale-dhe-ministrise-se-ekonomise\/\",\"url\":\"https:\/\/azlp.mk\/sq\/nenshkruan-memorandumin-e-bashkepunimit-ndermjet-agjencise-per-mbrojtjen-e-te-dhenave-personale-dhe-ministrise-se-ekonomise\/\",\"name\":\"N\u00ebnshkruhet Memorandum bashk\u00ebpunimi nd\u00ebrmjet Agjencis\u00eb p\u00ebr Mbrojtjen e t\u00eb Dh\u00ebnave Personale dhe Ministris\u00eb s\u00eb Ekonomis\u00eb - \u0410\u0433\u0435\u043d\u0446\u0438\u0458\u0430 \u0437\u0430 \u0437\u0430\u0448\u0442\u0438\u0442\u0430 \u043d\u0430 \u043b\u0438\u0447\u043d\u0438\u0442\u0435 \u043f\u043e\u0434\u0430\u0442\u043e\u0446\u0438\",\"isPartOf\":{\"@id\":\"https:\/\/azlp.mk\/#website\"},\"datePublished\":\"2021-10-26T11:40:06+00:00\",\"dateModified\":\"2022-12-14T11:39:35+00:00\",\"author\":{\"@id\":\"https:\/\/azlp.mk\/#\/schema\/person\/9ea716567edd00a311020cf60d084df5\"},\"breadcrumb\":{\"@id\":\"https:\/\/azlp.mk\/sq\/nenshkruan-memorandumin-e-bashkepunimit-ndermjet-agjencise-per-mbrojtjen-e-te-dhenave-personale-dhe-ministrise-se-ekonomise\/#breadcrumb\"},\"inLanguage\":\"sq-AL\",\"potentialAction\":[{\"@type\":\"ReadAction\",\"target\":[\"https:\/\/azlp.mk\/sq\/nenshkruan-memorandumin-e-bashkepunimit-ndermjet-agjencise-per-mbrojtjen-e-te-dhenave-personale-dhe-ministrise-se-ekonomise\/\"]}]},{\"@type\":\"BreadcrumbList\",\"@id\":\"https:\/\/azlp.mk\/sq\/nenshkruan-memorandumin-e-bashkepunimit-ndermjet-agjencise-per-mbrojtjen-e-te-dhenave-personale-dhe-ministrise-se-ekonomise\/#breadcrumb\",\"itemListElement\":[{\"@type\":\"ListItem\",\"position\":1,\"name\":\"Ballina\",\"item\":\"https:\/\/azlp.mk\/sq\/\"},{\"@type\":\"ListItem\",\"position\":2,\"name\":\"N\u00ebnshkruhet Memorandum bashk\u00ebpunimi nd\u00ebrmjet Agjencis\u00eb p\u00ebr Mbrojtjen e t\u00eb Dh\u00ebnave Personale dhe Ministris\u00eb s\u00eb Ekonomis\u00eb\"}]},{\"@type\":\"WebSite\",\"@id\":\"https:\/\/azlp.mk\/#website\",\"url\":\"https:\/\/azlp.mk\/\",\"name\":\"\u0410\u0433\u0435\u043d\u0446\u0438\u0458\u0430 \u0437\u0430 \u0437\u0430\u0448\u0442\u0438\u0442\u0430 \u043d\u0430 \u043b\u0438\u0447\u043d\u0438\u0442\u0435 \u043f\u043e\u0434\u0430\u0442\u043e\u0446\u0438\",\"description\":\"\",\"potentialAction\":[{\"@type\":\"SearchAction\",\"target\":{\"@type\":\"EntryPoint\",\"urlTemplate\":\"https:\/\/azlp.mk\/?s={search_term_string}\"},\"query-input\":\"required name=search_term_string\"}],\"inLanguage\":\"sq-AL\"},{\"@type\":\"Person\",\"@id\":\"https:\/\/azlp.mk\/#\/schema\/person\/9ea716567edd00a311020cf60d084df5\",\"name\":\"admin\",\"image\":{\"@type\":\"ImageObject\",\"inLanguage\":\"sq-AL\",\"@id\":\"https:\/\/azlp.mk\/#\/schema\/person\/image\/\",\"url\":\"https:\/\/secure.gravatar.com\/avatar\/d7fd94b33a4de95adb8a3b93535db69b?s=96&d=mm&r=g\",\"contentUrl\":\"https:\/\/secure.gravatar.com\/avatar\/d7fd94b33a4de95adb8a3b93535db69b?s=96&d=mm&r=g\",\"caption\":\"admin\"},\"sameAs\":[\"https:\/\/azlp.mk\"],\"url\":\"https:\/\/azlp.mk\/sq\/author\/oliver\/\"}]}<\/script>\n<!-- \/ Yoast SEO plugin. -->","yoast_head_json":{"title":"N\u00ebnshkruhet Memorandum bashk\u00ebpunimi nd\u00ebrmjet Agjencis\u00eb p\u00ebr Mbrojtjen e t\u00eb Dh\u00ebnave Personale dhe Ministris\u00eb s\u00eb Ekonomis\u00eb - \u0410\u0433\u0435\u043d\u0446\u0438\u0458\u0430 \u0437\u0430 \u0437\u0430\u0448\u0442\u0438\u0442\u0430 \u043d\u0430 \u043b\u0438\u0447\u043d\u0438\u0442\u0435 \u043f\u043e\u0434\u0430\u0442\u043e\u0446\u0438","robots":{"index":"index","follow":"follow","max-snippet":"max-snippet:-1","max-image-preview":"max-image-preview:large","max-video-preview":"max-video-preview:-1"},"canonical":"https:\/\/azlp.mk\/sq\/nenshkruan-memorandumin-e-bashkepunimit-ndermjet-agjencise-per-mbrojtjen-e-te-dhenave-personale-dhe-ministrise-se-ekonomise\/","og_locale":"sq_AL","og_type":"article","og_title":"N\u00ebnshkruhet Memorandum bashk\u00ebpunimi nd\u00ebrmjet Agjencis\u00eb p\u00ebr Mbrojtjen e t\u00eb Dh\u00ebnave Personale dhe Ministris\u00eb s\u00eb Ekonomis\u00eb - \u0410\u0433\u0435\u043d\u0446\u0438\u0458\u0430 \u0437\u0430 \u0437\u0430\u0448\u0442\u0438\u0442\u0430 \u043d\u0430 \u043b\u0438\u0447\u043d\u0438\u0442\u0435 \u043f\u043e\u0434\u0430\u0442\u043e\u0446\u0438","og_description":"M\u00eb dat\u00eb 26.10.2021, Agjencia p\u00ebr Mbrojtjen e t\u00eb Dh\u00ebnave Personale [&hellip;]","og_url":"https:\/\/azlp.mk\/sq\/nenshkruan-memorandumin-e-bashkepunimit-ndermjet-agjencise-per-mbrojtjen-e-te-dhenave-personale-dhe-ministrise-se-ekonomise\/","og_site_name":"\u0410\u0433\u0435\u043d\u0446\u0438\u0458\u0430 \u0437\u0430 \u0437\u0430\u0448\u0442\u0438\u0442\u0430 \u043d\u0430 \u043b\u0438\u0447\u043d\u0438\u0442\u0435 \u043f\u043e\u0434\u0430\u0442\u043e\u0446\u0438","article_published_time":"2021-10-26T11:40:06+00:00","article_modified_time":"2022-12-14T11:39:35+00:00","og_image":[{"width":480,"height":320,"url":"https:\/\/azlp.mk\/wp-content\/uploads\/2022\/11\/shutterstock_400242964_4.jpg","type":"image\/jpeg"}],"author":"admin","twitter_card":"summary_large_image","twitter_misc":{"Written by":"admin","Est. reading time":"1 minute"},"schema":{"@context":"https:\/\/schema.org","@graph":[{"@type":"WebPage","@id":"https:\/\/azlp.mk\/sq\/nenshkruan-memorandumin-e-bashkepunimit-ndermjet-agjencise-per-mbrojtjen-e-te-dhenave-personale-dhe-ministrise-se-ekonomise\/","url":"https:\/\/azlp.mk\/sq\/nenshkruan-memorandumin-e-bashkepunimit-ndermjet-agjencise-per-mbrojtjen-e-te-dhenave-personale-dhe-ministrise-se-ekonomise\/","name":"N\u00ebnshkruhet Memorandum bashk\u00ebpunimi nd\u00ebrmjet Agjencis\u00eb p\u00ebr Mbrojtjen e t\u00eb Dh\u00ebnave Personale dhe Ministris\u00eb s\u00eb Ekonomis\u00eb - \u0410\u0433\u0435\u043d\u0446\u0438\u0458\u0430 \u0437\u0430 \u0437\u0430\u0448\u0442\u0438\u0442\u0430 \u043d\u0430 \u043b\u0438\u0447\u043d\u0438\u0442\u0435 \u043f\u043e\u0434\u0430\u0442\u043e\u0446\u0438","isPartOf":{"@id":"https:\/\/azlp.mk\/#website"},"datePublished":"2021-10-26T11:40:06+00:00","dateModified":"2022-12-14T11:39:35+00:00","author":{"@id":"https:\/\/azlp.mk\/#\/schema\/person\/9ea716567edd00a311020cf60d084df5"},"breadcrumb":{"@id":"https:\/\/azlp.mk\/sq\/nenshkruan-memorandumin-e-bashkepunimit-ndermjet-agjencise-per-mbrojtjen-e-te-dhenave-personale-dhe-ministrise-se-ekonomise\/#breadcrumb"},"inLanguage":"sq-AL","potentialAction":[{"@type":"ReadAction","target":["https:\/\/azlp.mk\/sq\/nenshkruan-memorandumin-e-bashkepunimit-ndermjet-agjencise-per-mbrojtjen-e-te-dhenave-personale-dhe-ministrise-se-ekonomise\/"]}]},{"@type":"BreadcrumbList","@id":"https:\/\/azlp.mk\/sq\/nenshkruan-memorandumin-e-bashkepunimit-ndermjet-agjencise-per-mbrojtjen-e-te-dhenave-personale-dhe-ministrise-se-ekonomise\/#breadcrumb","itemListElement":[{"@type":"ListItem","position":1,"name":"Ballina","item":"https:\/\/azlp.mk\/sq\/"},{"@type":"ListItem","position":2,"name":"N\u00ebnshkruhet Memorandum bashk\u00ebpunimi nd\u00ebrmjet Agjencis\u00eb p\u00ebr Mbrojtjen e t\u00eb Dh\u00ebnave Personale dhe Ministris\u00eb s\u00eb Ekonomis\u00eb"}]},{"@type":"WebSite","@id":"https:\/\/azlp.mk\/#website","url":"https:\/\/azlp.mk\/","name":"\u0410\u0433\u0435\u043d\u0446\u0438\u0458\u0430 \u0437\u0430 \u0437\u0430\u0448\u0442\u0438\u0442\u0430 \u043d\u0430 \u043b\u0438\u0447\u043d\u0438\u0442\u0435 \u043f\u043e\u0434\u0430\u0442\u043e\u0446\u0438","description":"","potentialAction":[{"@type":"SearchAction","target":{"@type":"EntryPoint","urlTemplate":"https:\/\/azlp.mk\/?s={search_term_string}"},"query-input":"required name=search_term_string"}],"inLanguage":"sq-AL"},{"@type":"Person","@id":"https:\/\/azlp.mk\/#\/schema\/person\/9ea716567edd00a311020cf60d084df5","name":"admin","image":{"@type":"ImageObject","inLanguage":"sq-AL","@id":"https:\/\/azlp.mk\/#\/schema\/person\/image\/","url":"https:\/\/secure.gravatar.com\/avatar\/d7fd94b33a4de95adb8a3b93535db69b?s=96&d=mm&r=g","contentUrl":"https:\/\/secure.gravatar.com\/avatar\/d7fd94b33a4de95adb8a3b93535db69b?s=96&d=mm&r=g","caption":"admin"},"sameAs":["https:\/\/azlp.mk"],"url":"https:\/\/azlp.mk\/sq\/author\/oliver\/"}]}},"_links":{"self":[{"href":"https:\/\/azlp.mk\/sq\/wp-json\/wp\/v2\/posts\/10423"}],"collection":[{"href":"https:\/\/azlp.mk\/sq\/wp-json\/wp\/v2\/posts"}],"about":[{"href":"https:\/\/azlp.mk\/sq\/wp-json\/wp\/v2\/types\/post"}],"author":[{"embeddable":true,"href":"https:\/\/azlp.mk\/sq\/wp-json\/wp\/v2\/users\/1"}],"replies":[{"embeddable":true,"href":"https:\/\/azlp.mk\/sq\/wp-json\/wp\/v2\/comments?post=10423"}],"version-history":[{"count":1,"href":"https:\/\/azlp.mk\/sq\/wp-json\/wp\/v2\/posts\/10423\/revisions"}],"predecessor-version":[{"id":12784,"href":"https:\/\/azlp.mk\/sq\/wp-json\/wp\/v2\/posts\/10423\/revisions\/12784"}],"wp:featuredmedia":[{"embeddable":true,"href":"https:\/\/azlp.mk\/sq\/wp-json\/wp\/v2\/media\/10424"}],"wp:attachment":[{"href":"https:\/\/azlp.mk\/sq\/wp-json\/wp\/v2\/media?parent=10423"}],"wp:term":[{"taxonomy":"category","embeddable":true,"href":"https:\/\/azlp.mk\/sq\/wp-json\/wp\/v2\/categories?post=10423"},{"taxonomy":"post_tag","embeddable":true,"href":"https:\/\/azlp.mk\/sq\/wp-json\/wp\/v2\/tags?post=10423"}],"curies":[{"name":"wp","href":"https:\/\/api.w.org\/{rel}","templated":true}]}}