{"id":10233,"date":"2022-01-28T16:16:51","date_gmt":"2022-01-28T14:16:51","guid":{"rendered":"https:\/\/azlp.mk\/eshte-festuar-dita-e-mbrojtjes-se-te-dhenave-personale\/"},"modified":"2022-12-14T13:12:57","modified_gmt":"2022-12-14T11:12:57","slug":"eshte-festuar-dita-e-mbrojtjes-se-te-dhenave-personale","status":"publish","type":"post","link":"https:\/\/azlp.mk\/sq\/eshte-festuar-dita-e-mbrojtjes-se-te-dhenave-personale\/","title":{"rendered":"Sh\u00ebnohet &#8220;Dita e mbrojtjes s\u00eb t\u00eb dh\u00ebnave personale&#8221;"},"content":{"rendered":"<p>Sot (28.01.2022) u sh\u00ebnua edicioni i 16-t\u00eb i \u201cDit\u00ebs s\u00eb mbrojtjes s\u00eb t\u00eb dh\u00ebnave personale\u201d, q\u00ebllimi i s\u00eb cil\u00ebs \u00ebsht\u00eb nd\u00ebrgjegj\u00ebsimi p\u00ebr t\u00eb drejt\u00ebn e mbrojtjes s\u00eb t\u00eb dh\u00ebnave personale.<\/p>\n<p>Agjencia p\u00ebr Mbrojtjen e t\u00eb Dh\u00ebnave Personale n\u00eb bashk\u00ebpunim me partner\u00ebt nga twininng projekti \u201cMb\u00ebshtetje n\u00eb zbatimin e korniz\u00ebs ligjore t\u00eb modernizuar p\u00ebr mbrojtjen e t\u00eb dh\u00ebnave personale\u201d organizuan debat online n\u00eb t\u00eb cil\u00ebn u trajtuan sfidat gjat\u00eb zbatimit t\u00eb Ligjit p\u00ebr mbrojtjen e t\u00eb dh\u00ebnave personale. Gjithashtu u shk\u00ebmbyen edhe p\u00ebrvojat dhe praktikat kroate n\u00eb zbatimin e Rregullores s\u00eb p\u00ebrgjithshme p\u00ebr mbrojtjen e t\u00eb dh\u00ebnave personale (GDPR).<\/p>\n<p>\u201cZyrtar\u00ebt (oficer\u00ebt) p\u00ebr mbrojtjen e t\u00eb dh\u00ebnave personale jan\u00eb krah i zgjatur i Agjencis\u00eb\u201d, theksoi drejtori i Agjencis\u00eb Imer Aliu, gjithashtu theksoi se ata duhet \u201ct\u00eb jen\u00eb aktiv\u00eb n\u00eb organizat\u00ebn, institucionin, kompanin\u00eb e tyre, t\u00eb punojn\u00eb n\u00eb p\u00ebrmir\u00ebsimin e njohurive t\u00eb t\u00eb pun\u00ebsuarve dhe t\u00eb kujdesen p\u00ebr t\u00eb dh\u00ebnat personale t\u00eb klient\u00ebve, pacient\u00ebve, pun\u00ebsuarve, student\u00ebve, bashk\u00ebpun\u00ebtor\u00ebve t\u00eb tyre. Vet\u00ebm s\u00eb bashku mund ta zbatojm\u00eb ligjin n\u00eb praktik\u00eb.\u201c<\/p>\n<p>N\u00eb manifestimin e sot\u00ebm u prezantuan nj\u00eb num\u00ebr i madh \u00a0udh\u00ebrr\u00ebfyesish, formular\u00eb dhe materiale informative q\u00eb do t&#8217;u ndihmojn\u00eb kontrolluesve q\u00eb ta harmonizojn\u00eb m\u00eb leht\u00eb pun\u00ebn e tyre me Ligjin p\u00ebr mbrojtjen e t\u00eb dh\u00ebnave personale dhe n\u00eb k\u00ebt\u00eb m\u00ebnyr\u00eb t\u00eb sigurojn\u00eb mbrojtje m\u00eb t\u00eb madhe t\u00eb t\u00eb dh\u00ebnave personale t\u00eb qytetar\u00ebve. Gjithashtu, u \u00a0promovua edhe\u00a0<a href=\"http:\/\/www.youtube.com\/watch?v=G4GCyX68lHs&amp;t=6s\">video<\/a>\u00a0e p\u00ebrgatitur nga projekti p\u00ebr kontrolluesit, ve\u00e7an\u00ebrisht bizneset e vogla dhe t\u00eb mesme.<\/p>\n<p>28 janari festohet \u00e7do vit q\u00eb nga viti 2006 kur Komiteti i Ministrave t\u00eb K\u00ebshillit t\u00eb Evrop\u00ebs e promovoi at\u00eb si \u201cDit\u00eb t\u00eb mbrojtjes s\u00eb t\u00eb dh\u00ebnave personale\u201d. Dita e mbrojtjes s\u00eb t\u00eb dh\u00ebnave personale festohet n\u00eb nivel global dhe jasht\u00eb Evrop\u00ebs dhe njihet si \u201cDita e privat\u00ebsis\u00eb\u201d.<\/p>\n","protected":false},"excerpt":{"rendered":"<p>Sot (28.01.2022) u sh\u00ebnua edicioni i 16-t\u00eb i \u201cDit\u00ebs s\u00eb [&hellip;]<\/p>\n","protected":false},"author":1,"featured_media":9465,"comment_status":"closed","ping_status":"closed","sticky":false,"template":"","format":"standard","meta":{"footnotes":""},"categories":[80],"tags":[],"yoast_head":"<!-- This site is optimized with the Yoast SEO plugin v19.9 - https:\/\/yoast.com\/wordpress\/plugins\/seo\/ -->\n<title>Sh\u00ebnohet &quot;Dita e mbrojtjes s\u00eb t\u00eb dh\u00ebnave personale&quot; - \u0410\u0433\u0435\u043d\u0446\u0438\u0458\u0430 \u0437\u0430 \u0437\u0430\u0448\u0442\u0438\u0442\u0430 \u043d\u0430 \u043b\u0438\u0447\u043d\u0438\u0442\u0435 \u043f\u043e\u0434\u0430\u0442\u043e\u0446\u0438<\/title>\n<meta name=\"robots\" content=\"index, follow, max-snippet:-1, max-image-preview:large, max-video-preview:-1\" \/>\n<link rel=\"canonical\" href=\"https:\/\/azlp.mk\/sq\/eshte-festuar-dita-e-mbrojtjes-se-te-dhenave-personale\/\" \/>\n<meta property=\"og:locale\" content=\"sq_AL\" \/>\n<meta property=\"og:type\" content=\"article\" \/>\n<meta property=\"og:title\" content=\"Sh\u00ebnohet &quot;Dita e mbrojtjes s\u00eb t\u00eb dh\u00ebnave personale&quot; - \u0410\u0433\u0435\u043d\u0446\u0438\u0458\u0430 \u0437\u0430 \u0437\u0430\u0448\u0442\u0438\u0442\u0430 \u043d\u0430 \u043b\u0438\u0447\u043d\u0438\u0442\u0435 \u043f\u043e\u0434\u0430\u0442\u043e\u0446\u0438\" \/>\n<meta property=\"og:description\" content=\"Sot (28.01.2022) u sh\u00ebnua edicioni i 16-t\u00eb i \u201cDit\u00ebs s\u00eb [&hellip;]\" \/>\n<meta property=\"og:url\" content=\"https:\/\/azlp.mk\/sq\/eshte-festuar-dita-e-mbrojtjes-se-te-dhenave-personale\/\" \/>\n<meta property=\"og:site_name\" content=\"\u0410\u0433\u0435\u043d\u0446\u0438\u0458\u0430 \u0437\u0430 \u0437\u0430\u0448\u0442\u0438\u0442\u0430 \u043d\u0430 \u043b\u0438\u0447\u043d\u0438\u0442\u0435 \u043f\u043e\u0434\u0430\u0442\u043e\u0446\u0438\" \/>\n<meta property=\"article:published_time\" content=\"2022-01-28T14:16:51+00:00\" \/>\n<meta property=\"article:modified_time\" content=\"2022-12-14T11:12:57+00:00\" \/>\n<meta property=\"og:image\" content=\"https:\/\/azlp.mk\/wp-content\/uploads\/2022\/09\/image_2022-01-28_13-41-05-402.jpg\" \/>\n\t<meta property=\"og:image:width\" content=\"771\" \/>\n\t<meta property=\"og:image:height\" content=\"397\" \/>\n\t<meta property=\"og:image:type\" content=\"image\/jpeg\" \/>\n<meta name=\"author\" content=\"admin\" \/>\n<meta name=\"twitter:card\" content=\"summary_large_image\" \/>\n<meta name=\"twitter:label1\" content=\"Written by\" \/>\n\t<meta name=\"twitter:data1\" content=\"admin\" \/>\n\t<meta name=\"twitter:label2\" content=\"Est. reading time\" \/>\n\t<meta name=\"twitter:data2\" content=\"2 minutes\" \/>\n<script type=\"application\/ld+json\" class=\"yoast-schema-graph\">{\"@context\":\"https:\/\/schema.org\",\"@graph\":[{\"@type\":\"WebPage\",\"@id\":\"https:\/\/azlp.mk\/sq\/eshte-festuar-dita-e-mbrojtjes-se-te-dhenave-personale\/\",\"url\":\"https:\/\/azlp.mk\/sq\/eshte-festuar-dita-e-mbrojtjes-se-te-dhenave-personale\/\",\"name\":\"Sh\u00ebnohet \\\"Dita e mbrojtjes s\u00eb t\u00eb dh\u00ebnave personale\\\" - \u0410\u0433\u0435\u043d\u0446\u0438\u0458\u0430 \u0437\u0430 \u0437\u0430\u0448\u0442\u0438\u0442\u0430 \u043d\u0430 \u043b\u0438\u0447\u043d\u0438\u0442\u0435 \u043f\u043e\u0434\u0430\u0442\u043e\u0446\u0438\",\"isPartOf\":{\"@id\":\"https:\/\/azlp.mk\/#website\"},\"datePublished\":\"2022-01-28T14:16:51+00:00\",\"dateModified\":\"2022-12-14T11:12:57+00:00\",\"author\":{\"@id\":\"https:\/\/azlp.mk\/#\/schema\/person\/9ea716567edd00a311020cf60d084df5\"},\"breadcrumb\":{\"@id\":\"https:\/\/azlp.mk\/sq\/eshte-festuar-dita-e-mbrojtjes-se-te-dhenave-personale\/#breadcrumb\"},\"inLanguage\":\"sq-AL\",\"potentialAction\":[{\"@type\":\"ReadAction\",\"target\":[\"https:\/\/azlp.mk\/sq\/eshte-festuar-dita-e-mbrojtjes-se-te-dhenave-personale\/\"]}]},{\"@type\":\"BreadcrumbList\",\"@id\":\"https:\/\/azlp.mk\/sq\/eshte-festuar-dita-e-mbrojtjes-se-te-dhenave-personale\/#breadcrumb\",\"itemListElement\":[{\"@type\":\"ListItem\",\"position\":1,\"name\":\"Ballina\",\"item\":\"https:\/\/azlp.mk\/sq\/\"},{\"@type\":\"ListItem\",\"position\":2,\"name\":\"Sh\u00ebnohet &#8220;Dita e mbrojtjes s\u00eb t\u00eb dh\u00ebnave personale&#8221;\"}]},{\"@type\":\"WebSite\",\"@id\":\"https:\/\/azlp.mk\/#website\",\"url\":\"https:\/\/azlp.mk\/\",\"name\":\"\u0410\u0433\u0435\u043d\u0446\u0438\u0458\u0430 \u0437\u0430 \u0437\u0430\u0448\u0442\u0438\u0442\u0430 \u043d\u0430 \u043b\u0438\u0447\u043d\u0438\u0442\u0435 \u043f\u043e\u0434\u0430\u0442\u043e\u0446\u0438\",\"description\":\"\",\"potentialAction\":[{\"@type\":\"SearchAction\",\"target\":{\"@type\":\"EntryPoint\",\"urlTemplate\":\"https:\/\/azlp.mk\/?s={search_term_string}\"},\"query-input\":\"required name=search_term_string\"}],\"inLanguage\":\"sq-AL\"},{\"@type\":\"Person\",\"@id\":\"https:\/\/azlp.mk\/#\/schema\/person\/9ea716567edd00a311020cf60d084df5\",\"name\":\"admin\",\"image\":{\"@type\":\"ImageObject\",\"inLanguage\":\"sq-AL\",\"@id\":\"https:\/\/azlp.mk\/#\/schema\/person\/image\/\",\"url\":\"https:\/\/secure.gravatar.com\/avatar\/d7fd94b33a4de95adb8a3b93535db69b?s=96&d=mm&r=g\",\"contentUrl\":\"https:\/\/secure.gravatar.com\/avatar\/d7fd94b33a4de95adb8a3b93535db69b?s=96&d=mm&r=g\",\"caption\":\"admin\"},\"sameAs\":[\"https:\/\/azlp.mk\"],\"url\":\"https:\/\/azlp.mk\/sq\/author\/oliver\/\"}]}<\/script>\n<!-- \/ Yoast SEO plugin. -->","yoast_head_json":{"title":"Sh\u00ebnohet \"Dita e mbrojtjes s\u00eb t\u00eb dh\u00ebnave personale\" - \u0410\u0433\u0435\u043d\u0446\u0438\u0458\u0430 \u0437\u0430 \u0437\u0430\u0448\u0442\u0438\u0442\u0430 \u043d\u0430 \u043b\u0438\u0447\u043d\u0438\u0442\u0435 \u043f\u043e\u0434\u0430\u0442\u043e\u0446\u0438","robots":{"index":"index","follow":"follow","max-snippet":"max-snippet:-1","max-image-preview":"max-image-preview:large","max-video-preview":"max-video-preview:-1"},"canonical":"https:\/\/azlp.mk\/sq\/eshte-festuar-dita-e-mbrojtjes-se-te-dhenave-personale\/","og_locale":"sq_AL","og_type":"article","og_title":"Sh\u00ebnohet \"Dita e mbrojtjes s\u00eb t\u00eb dh\u00ebnave personale\" - \u0410\u0433\u0435\u043d\u0446\u0438\u0458\u0430 \u0437\u0430 \u0437\u0430\u0448\u0442\u0438\u0442\u0430 \u043d\u0430 \u043b\u0438\u0447\u043d\u0438\u0442\u0435 \u043f\u043e\u0434\u0430\u0442\u043e\u0446\u0438","og_description":"Sot (28.01.2022) u sh\u00ebnua edicioni i 16-t\u00eb i \u201cDit\u00ebs s\u00eb [&hellip;]","og_url":"https:\/\/azlp.mk\/sq\/eshte-festuar-dita-e-mbrojtjes-se-te-dhenave-personale\/","og_site_name":"\u0410\u0433\u0435\u043d\u0446\u0438\u0458\u0430 \u0437\u0430 \u0437\u0430\u0448\u0442\u0438\u0442\u0430 \u043d\u0430 \u043b\u0438\u0447\u043d\u0438\u0442\u0435 \u043f\u043e\u0434\u0430\u0442\u043e\u0446\u0438","article_published_time":"2022-01-28T14:16:51+00:00","article_modified_time":"2022-12-14T11:12:57+00:00","og_image":[{"width":771,"height":397,"url":"https:\/\/azlp.mk\/wp-content\/uploads\/2022\/09\/image_2022-01-28_13-41-05-402.jpg","type":"image\/jpeg"}],"author":"admin","twitter_card":"summary_large_image","twitter_misc":{"Written by":"admin","Est. reading time":"2 minutes"},"schema":{"@context":"https:\/\/schema.org","@graph":[{"@type":"WebPage","@id":"https:\/\/azlp.mk\/sq\/eshte-festuar-dita-e-mbrojtjes-se-te-dhenave-personale\/","url":"https:\/\/azlp.mk\/sq\/eshte-festuar-dita-e-mbrojtjes-se-te-dhenave-personale\/","name":"Sh\u00ebnohet \"Dita e mbrojtjes s\u00eb t\u00eb dh\u00ebnave personale\" - \u0410\u0433\u0435\u043d\u0446\u0438\u0458\u0430 \u0437\u0430 \u0437\u0430\u0448\u0442\u0438\u0442\u0430 \u043d\u0430 \u043b\u0438\u0447\u043d\u0438\u0442\u0435 \u043f\u043e\u0434\u0430\u0442\u043e\u0446\u0438","isPartOf":{"@id":"https:\/\/azlp.mk\/#website"},"datePublished":"2022-01-28T14:16:51+00:00","dateModified":"2022-12-14T11:12:57+00:00","author":{"@id":"https:\/\/azlp.mk\/#\/schema\/person\/9ea716567edd00a311020cf60d084df5"},"breadcrumb":{"@id":"https:\/\/azlp.mk\/sq\/eshte-festuar-dita-e-mbrojtjes-se-te-dhenave-personale\/#breadcrumb"},"inLanguage":"sq-AL","potentialAction":[{"@type":"ReadAction","target":["https:\/\/azlp.mk\/sq\/eshte-festuar-dita-e-mbrojtjes-se-te-dhenave-personale\/"]}]},{"@type":"BreadcrumbList","@id":"https:\/\/azlp.mk\/sq\/eshte-festuar-dita-e-mbrojtjes-se-te-dhenave-personale\/#breadcrumb","itemListElement":[{"@type":"ListItem","position":1,"name":"Ballina","item":"https:\/\/azlp.mk\/sq\/"},{"@type":"ListItem","position":2,"name":"Sh\u00ebnohet &#8220;Dita e mbrojtjes s\u00eb t\u00eb dh\u00ebnave personale&#8221;"}]},{"@type":"WebSite","@id":"https:\/\/azlp.mk\/#website","url":"https:\/\/azlp.mk\/","name":"\u0410\u0433\u0435\u043d\u0446\u0438\u0458\u0430 \u0437\u0430 \u0437\u0430\u0448\u0442\u0438\u0442\u0430 \u043d\u0430 \u043b\u0438\u0447\u043d\u0438\u0442\u0435 \u043f\u043e\u0434\u0430\u0442\u043e\u0446\u0438","description":"","potentialAction":[{"@type":"SearchAction","target":{"@type":"EntryPoint","urlTemplate":"https:\/\/azlp.mk\/?s={search_term_string}"},"query-input":"required name=search_term_string"}],"inLanguage":"sq-AL"},{"@type":"Person","@id":"https:\/\/azlp.mk\/#\/schema\/person\/9ea716567edd00a311020cf60d084df5","name":"admin","image":{"@type":"ImageObject","inLanguage":"sq-AL","@id":"https:\/\/azlp.mk\/#\/schema\/person\/image\/","url":"https:\/\/secure.gravatar.com\/avatar\/d7fd94b33a4de95adb8a3b93535db69b?s=96&d=mm&r=g","contentUrl":"https:\/\/secure.gravatar.com\/avatar\/d7fd94b33a4de95adb8a3b93535db69b?s=96&d=mm&r=g","caption":"admin"},"sameAs":["https:\/\/azlp.mk"],"url":"https:\/\/azlp.mk\/sq\/author\/oliver\/"}]}},"_links":{"self":[{"href":"https:\/\/azlp.mk\/sq\/wp-json\/wp\/v2\/posts\/10233"}],"collection":[{"href":"https:\/\/azlp.mk\/sq\/wp-json\/wp\/v2\/posts"}],"about":[{"href":"https:\/\/azlp.mk\/sq\/wp-json\/wp\/v2\/types\/post"}],"author":[{"embeddable":true,"href":"https:\/\/azlp.mk\/sq\/wp-json\/wp\/v2\/users\/1"}],"replies":[{"embeddable":true,"href":"https:\/\/azlp.mk\/sq\/wp-json\/wp\/v2\/comments?post=10233"}],"version-history":[{"count":1,"href":"https:\/\/azlp.mk\/sq\/wp-json\/wp\/v2\/posts\/10233\/revisions"}],"predecessor-version":[{"id":12764,"href":"https:\/\/azlp.mk\/sq\/wp-json\/wp\/v2\/posts\/10233\/revisions\/12764"}],"wp:featuredmedia":[{"embeddable":true,"href":"https:\/\/azlp.mk\/sq\/wp-json\/wp\/v2\/media\/9465"}],"wp:attachment":[{"href":"https:\/\/azlp.mk\/sq\/wp-json\/wp\/v2\/media?parent=10233"}],"wp:term":[{"taxonomy":"category","embeddable":true,"href":"https:\/\/azlp.mk\/sq\/wp-json\/wp\/v2\/categories?post=10233"},{"taxonomy":"post_tag","embeddable":true,"href":"https:\/\/azlp.mk\/sq\/wp-json\/wp\/v2\/tags?post=10233"}],"curies":[{"name":"wp","href":"https:\/\/api.w.org\/{rel}","templated":true}]}}