{"id":10231,"date":"2022-02-03T12:39:31","date_gmt":"2022-02-03T10:39:31","guid":{"rendered":"https:\/\/azlp.mk\/njoftim-ne-lidhje-me-informacionin-per-publikimin-e-vendimeve-per-personat-qe-duhet-te-jene-ne-izolim\/"},"modified":"2022-12-14T13:11:02","modified_gmt":"2022-12-14T11:11:02","slug":"njoftim-ne-lidhje-me-informacionin-per-publikimin-e-vendimeve-per-personat-qe-duhet-te-jene-ne-izolim","status":"publish","type":"post","link":"https:\/\/azlp.mk\/sq\/njoftim-ne-lidhje-me-informacionin-per-publikimin-e-vendimeve-per-personat-qe-duhet-te-jene-ne-izolim\/","title":{"rendered":"Njoftim n\u00eb lidhje me informacionet p\u00ebr publikimin e vendimeve p\u00ebr personat q\u00eb duhet t\u00eb jen\u00eb n\u00eb izolim"},"content":{"rendered":"<p>N\u00eb lidhje me interesimin e madh t\u00eb publikut p\u00ebr publikimin e vendimeve p\u00ebr personat q\u00eb duhet t\u00eb jen\u00eb n\u00eb izolim n\u00eb ueb faqen e Inspektoratit Sanitar Shtet\u00ebror dhe n\u00eb Gazet\u00ebn Zyrtare t\u00eb Republik\u00ebs s\u00eb Maqedonis\u00eb s\u00eb Veriut, Agjencia p\u00ebr Mbrojtjen e t\u00eb Dh\u00ebnave Personale\u00a0<strong><u>Njofton<\/u><\/strong>\u00a0si n\u00eb vijim:<\/p>\n<p><strong>E dh\u00ebn\u00eb personale\u00a0<\/strong>\u00ebsht\u00eb \u00e7do informacion q\u00eb i referohet personit fizik t\u00eb \u00a0identifikuar ose person fizik i cili mund t\u00eb identifikohet (subjekt i t\u00eb dh\u00ebnave personale), gjegj\u00ebsisht emri, mbiemri, adresa dhe t\u00eb dh\u00ebnat p\u00ebr kujdesin sh\u00ebndet\u00ebsor t\u00eb fituar q\u00eb zbulojn\u00eb informacione p\u00ebr sh\u00ebndetin e qytetar\u00ebve p\u00ebrfaq\u00ebsojn\u00eb t\u00eb dh\u00ebna personale.<\/p>\n<p>Nj\u00ebherit,\u00a0<strong>kategori t\u00eb ve\u00e7anta t\u00eb t\u00eb dh\u00ebnave personale\u00a0<\/strong>jan\u00eb t\u00eb dh\u00ebna t\u00eb cilat zbulojn\u00eb origjin\u00eb racore ose etnike, q\u00ebndrime politike, bindje fetare ose filozofike ose an\u00ebtar\u00ebsi n\u00eb organizata sindikale, si dhe t\u00eb dh\u00ebna gjenetike, t\u00eb dh\u00ebna biometrike, t\u00eb dh\u00ebna q\u00eb kan\u00eb t\u00eb b\u00ebjn\u00eb me sh\u00ebndetin ose t\u00eb dh\u00ebna p\u00ebr jet\u00ebn seksuale apo orientimin seksual t\u00eb personit fizik, nd\u00ebrsa\u00a0<strong>t\u00eb dh\u00ebna q\u00eb kan\u00eb t\u00eb b\u00ebjn\u00eb me sh\u00ebndetin\u00a0<\/strong>jan\u00eb t\u00eb dh\u00ebna personale n\u00eb lidhje me sh\u00ebndetin fizik ose mental t\u00eb personit fizik, duke i p\u00ebrfshir\u00eb edhe t\u00eb dh\u00ebnat p\u00ebr mbrojtjen e fituar sh\u00ebndet\u00ebsore t\u00eb cilat zbulojn\u00eb informata p\u00ebr sh\u00ebndetin e tij<strong>.<\/strong><\/p>\n<p>P\u00ebrpunimi i kategorive t\u00eb ve\u00e7anta t\u00eb t\u00eb dh\u00ebnave personale \u00ebsht\u00eb i ndaluar, dhe si p\u00ebrjashtim ato mund t\u00eb p\u00ebrpunohen n\u00eb p\u00ebrputhje me p\u00ebrjashtimet e p\u00ebrcaktuara n\u00eb Ligjin p\u00ebr mbrojtjen e t\u00eb dh\u00ebnave personale (neni 13).<\/p>\n<p>Operacionet e p\u00ebrpunimit t\u00eb t\u00eb dh\u00ebnave personale (mbledhja, ruajtja, publikimi &#8230;) mund t\u00eb kryhen n\u00eb p\u00ebrputhje me parimet e p\u00ebrcaktuara n\u00eb Ligjin p\u00ebr mbrojtjen e t\u00eb dh\u00ebnave personale.<\/p>\n<p>Agjencia p\u00ebr Mbrojtjen e t\u00eb Dh\u00ebnave Personale n\u00eb lidhje me publikimin e vendimeve p\u00ebr personat q\u00eb duhet t\u00eb jen\u00eb t\u00eb izoluar n\u00eb ueb faqen e Inspektoratit Sanitar Shtet\u00ebror dhe n\u00eb Gazet\u00ebn Zyrtare t\u00eb Republik\u00ebs s\u00eb RMV-s\u00eb. dor\u00ebzoi Njoftim deri te Inspektorati Shtet\u00ebror Sanitar dhe Sh\u00ebndet\u00ebsor.<\/p>\n<p>N\u00eb lidhje me publikimin e vendimeve p\u00ebr personat q\u00eb duhet t\u00eb jen\u00eb n\u00eb izolim n\u00eb ueb faqen e Inspektoratit Sanitar Shtet\u00ebror, nuk ka baz\u00eb ligjore p\u00ebr publikimin e tyre n\u00eb ueb faqen dhe n\u00eb Gazet\u00ebn Zyrtare t\u00eb Republik\u00ebs s\u00eb Maqedonis\u00eb s\u00eb Veriut.<\/p>\n<p>P\u00ebr arsye se vendimet p\u00ebr personat q\u00eb duhet t\u00eb izolohen p\u00ebr shkak t\u00eb koronavirusit KOVID-19 p\u00ebrmbajn\u00eb edhe kategori t\u00eb ve\u00e7anta t\u00eb t\u00eb dh\u00ebnave personale, gjegj\u00ebsisht t\u00eb dh\u00ebna q\u00eb kan\u00eb t\u00eb b\u00ebjn\u00eb me sh\u00ebndetin, t\u00eb cilat t\u00eb dh\u00ebna personale g\u00ebzojn\u00eb mbrojtje t\u00eb ve\u00e7ant\u00eb sipas dispozitave p\u00ebr mbrojtjen e t\u00eb dh\u00ebnave personale dhe p\u00ebr ato nuk mund t\u00eb vlejn\u00eb p\u00ebrjashtimet nga rregulli q\u00eb ndalon p\u00ebrpunimin e disa kategorive t\u00eb t\u00eb dh\u00ebnave personale.<\/p>\n<p>Si rrejdhoj\u00eb e k\u00ebsaj, publikimi i Vendimeve p\u00ebr personat q\u00eb duhet t\u00eb izolohen p\u00ebr shkak t\u00eb koronavirusit KOVID-19 n\u00eb faqen e Inspektoratit Shtet\u00ebror Sanitar Sh\u00ebndet\u00ebsor me q\u00ebllim \u2013 d\u00ebrgimi elektronik i vendimeve, nuk \u00ebsht\u00eb i nd\u00ebrlidhur me parimin e ligjshm\u00ebris\u00eb, drejt\u00ebsis\u00eb dhe transparenc\u00ebs dhe parimin e v\u00ebllimit minimal t\u00eb t\u00eb dh\u00ebnave t\u00eb p\u00ebrcaktuar n\u00eb Ligjin p\u00ebr mbrojtjen e t\u00eb dh\u00ebnave personale.<\/p>\n<p>M\u00ebnyra e d\u00ebrgimit me shkrim \u00ebsht\u00eb p\u00ebrcaktuar n\u00eb Ligjin p\u00ebr procedur\u00eb t\u00eb p\u00ebrgjithshme administrative, me \u00e7&#8217;rast d\u00ebrgimi elektronik mund t\u00eb kryhet duke plot\u00ebsuar dhe zbatuar kushtet e p\u00ebrcaktuara n\u00eb dispozitat e nenit 85 t\u00eb Ligjit p\u00ebr procedur\u00eb t\u00eb p\u00ebrgjithshme administrative, ku duhet t\u00eb parashikohen dhe zbatohen \u00a0masat adekuate teknike dhe organizative sipas shkall\u00ebs s\u00eb rrezikut t\u00eb operacioneve t\u00eb p\u00ebrpunimit t\u00eb t\u00eb dh\u00ebnave personale n\u00eb p\u00ebrputhje me dispizitat p\u00ebr mbrojtjen e t\u00eb dh\u00ebnave personale.<\/p>\n<p>Prandaj, \u00e7do person fizik q\u00eb ka nevoj\u00eb t\u00eb arrij\u00eb te vendimi p\u00ebr izolim do t\u00eb duhet t\u00eb ket\u00eb vet\u00ebm nj\u00eb mund\u00ebsi indivuduale p\u00ebr qasje dhe ta marr\u00eb Vendimin e tij dhe nuk duhet t\u00eb ket\u00eb mund\u00ebsi qasje, shikim dhe p\u00ebrpunim n\u00eb t\u00eb dh\u00ebnat e vendimeve p\u00ebr izolim t\u00eb personave t\u00eb tjer\u00eb fizik\u00eb.<\/p>\n<p>Gjat\u00eb d\u00ebrgimit t\u00eb vendimeve p\u00ebr izolim n\u00eb m\u00ebnyr\u00eb elektronike (shkarkimi i \u00a0dokumentit nga serveri i caktuar nga organi publik), \u00ebsht\u00eb e patjet\u00ebrsueshme t\u00eb zbatohet mbrojtje teknike e integruar e t\u00eb dh\u00ebnave personale, p\u00ebrkat\u00ebsisht t\u00eb zbatohen masat e duhura teknike dhe organizative p\u00ebr t\u00eb garantuar sigurin\u00eb e p\u00ebrpunimit t\u00eb t\u00eb dh\u00ebnave personale n\u00eb proporcion me q\u00ebllimin e p\u00ebrpunimit, sipas rrezikut.<\/p>\n<p>Dat\u00eb 3 shkurt 2022 Shkup,<\/p>\n","protected":false},"excerpt":{"rendered":"<p>N\u00eb lidhje me interesimin e madh t\u00eb publikut p\u00ebr publikimin [&hellip;]<\/p>\n","protected":false},"author":1,"featured_media":9458,"comment_status":"open","ping_status":"open","sticky":false,"template":"","format":"standard","meta":{"footnotes":""},"categories":[80],"tags":[],"yoast_head":"<!-- This site is optimized with the Yoast SEO plugin v19.9 - https:\/\/yoast.com\/wordpress\/plugins\/seo\/ -->\n<title>Njoftim n\u00eb lidhje me informacionet p\u00ebr publikimin e vendimeve p\u00ebr personat q\u00eb duhet t\u00eb jen\u00eb n\u00eb izolim - \u0410\u0433\u0435\u043d\u0446\u0438\u0458\u0430 \u0437\u0430 \u0437\u0430\u0448\u0442\u0438\u0442\u0430 \u043d\u0430 \u043b\u0438\u0447\u043d\u0438\u0442\u0435 \u043f\u043e\u0434\u0430\u0442\u043e\u0446\u0438<\/title>\n<meta name=\"robots\" content=\"index, follow, max-snippet:-1, max-image-preview:large, max-video-preview:-1\" \/>\n<link rel=\"canonical\" href=\"https:\/\/azlp.mk\/sq\/njoftim-ne-lidhje-me-informacionin-per-publikimin-e-vendimeve-per-personat-qe-duhet-te-jene-ne-izolim\/\" \/>\n<meta property=\"og:locale\" content=\"sq_AL\" \/>\n<meta property=\"og:type\" content=\"article\" \/>\n<meta property=\"og:title\" content=\"Njoftim n\u00eb lidhje me informacionet p\u00ebr publikimin e vendimeve p\u00ebr personat q\u00eb duhet t\u00eb jen\u00eb n\u00eb izolim - \u0410\u0433\u0435\u043d\u0446\u0438\u0458\u0430 \u0437\u0430 \u0437\u0430\u0448\u0442\u0438\u0442\u0430 \u043d\u0430 \u043b\u0438\u0447\u043d\u0438\u0442\u0435 \u043f\u043e\u0434\u0430\u0442\u043e\u0446\u0438\" \/>\n<meta property=\"og:description\" content=\"N\u00eb lidhje me interesimin e madh t\u00eb publikut p\u00ebr publikimin [&hellip;]\" \/>\n<meta property=\"og:url\" content=\"https:\/\/azlp.mk\/sq\/njoftim-ne-lidhje-me-informacionin-per-publikimin-e-vendimeve-per-personat-qe-duhet-te-jene-ne-izolim\/\" \/>\n<meta property=\"og:site_name\" content=\"\u0410\u0433\u0435\u043d\u0446\u0438\u0458\u0430 \u0437\u0430 \u0437\u0430\u0448\u0442\u0438\u0442\u0430 \u043d\u0430 \u043b\u0438\u0447\u043d\u0438\u0442\u0435 \u043f\u043e\u0434\u0430\u0442\u043e\u0446\u0438\" \/>\n<meta property=\"article:published_time\" content=\"2022-02-03T10:39:31+00:00\" \/>\n<meta property=\"article:modified_time\" content=\"2022-12-14T11:11:02+00:00\" \/>\n<meta property=\"og:image\" content=\"https:\/\/azlp.mk\/wp-content\/uploads\/2022\/08\/cropped-DZLP-Logo-072017-001.jpg\" \/>\n\t<meta property=\"og:image:width\" content=\"512\" \/>\n\t<meta property=\"og:image:height\" content=\"512\" \/>\n\t<meta property=\"og:image:type\" content=\"image\/jpeg\" \/>\n<meta name=\"author\" content=\"admin\" \/>\n<meta name=\"twitter:card\" content=\"summary_large_image\" \/>\n<meta name=\"twitter:label1\" content=\"Written by\" \/>\n\t<meta name=\"twitter:data1\" content=\"admin\" \/>\n\t<meta name=\"twitter:label2\" content=\"Est. reading time\" \/>\n\t<meta name=\"twitter:data2\" content=\"3 minutes\" \/>\n<script type=\"application\/ld+json\" class=\"yoast-schema-graph\">{\"@context\":\"https:\/\/schema.org\",\"@graph\":[{\"@type\":\"WebPage\",\"@id\":\"https:\/\/azlp.mk\/sq\/njoftim-ne-lidhje-me-informacionin-per-publikimin-e-vendimeve-per-personat-qe-duhet-te-jene-ne-izolim\/\",\"url\":\"https:\/\/azlp.mk\/sq\/njoftim-ne-lidhje-me-informacionin-per-publikimin-e-vendimeve-per-personat-qe-duhet-te-jene-ne-izolim\/\",\"name\":\"Njoftim n\u00eb lidhje me informacionet p\u00ebr publikimin e vendimeve p\u00ebr personat q\u00eb duhet t\u00eb jen\u00eb n\u00eb izolim - \u0410\u0433\u0435\u043d\u0446\u0438\u0458\u0430 \u0437\u0430 \u0437\u0430\u0448\u0442\u0438\u0442\u0430 \u043d\u0430 \u043b\u0438\u0447\u043d\u0438\u0442\u0435 \u043f\u043e\u0434\u0430\u0442\u043e\u0446\u0438\",\"isPartOf\":{\"@id\":\"https:\/\/azlp.mk\/#website\"},\"datePublished\":\"2022-02-03T10:39:31+00:00\",\"dateModified\":\"2022-12-14T11:11:02+00:00\",\"author\":{\"@id\":\"https:\/\/azlp.mk\/#\/schema\/person\/9ea716567edd00a311020cf60d084df5\"},\"breadcrumb\":{\"@id\":\"https:\/\/azlp.mk\/sq\/njoftim-ne-lidhje-me-informacionin-per-publikimin-e-vendimeve-per-personat-qe-duhet-te-jene-ne-izolim\/#breadcrumb\"},\"inLanguage\":\"sq-AL\",\"potentialAction\":[{\"@type\":\"ReadAction\",\"target\":[\"https:\/\/azlp.mk\/sq\/njoftim-ne-lidhje-me-informacionin-per-publikimin-e-vendimeve-per-personat-qe-duhet-te-jene-ne-izolim\/\"]}]},{\"@type\":\"BreadcrumbList\",\"@id\":\"https:\/\/azlp.mk\/sq\/njoftim-ne-lidhje-me-informacionin-per-publikimin-e-vendimeve-per-personat-qe-duhet-te-jene-ne-izolim\/#breadcrumb\",\"itemListElement\":[{\"@type\":\"ListItem\",\"position\":1,\"name\":\"Ballina\",\"item\":\"https:\/\/azlp.mk\/sq\/\"},{\"@type\":\"ListItem\",\"position\":2,\"name\":\"Njoftim n\u00eb lidhje me informacionet p\u00ebr publikimin e vendimeve p\u00ebr personat q\u00eb duhet t\u00eb jen\u00eb n\u00eb izolim\"}]},{\"@type\":\"WebSite\",\"@id\":\"https:\/\/azlp.mk\/#website\",\"url\":\"https:\/\/azlp.mk\/\",\"name\":\"\u0410\u0433\u0435\u043d\u0446\u0438\u0458\u0430 \u0437\u0430 \u0437\u0430\u0448\u0442\u0438\u0442\u0430 \u043d\u0430 \u043b\u0438\u0447\u043d\u0438\u0442\u0435 \u043f\u043e\u0434\u0430\u0442\u043e\u0446\u0438\",\"description\":\"\",\"potentialAction\":[{\"@type\":\"SearchAction\",\"target\":{\"@type\":\"EntryPoint\",\"urlTemplate\":\"https:\/\/azlp.mk\/?s={search_term_string}\"},\"query-input\":\"required name=search_term_string\"}],\"inLanguage\":\"sq-AL\"},{\"@type\":\"Person\",\"@id\":\"https:\/\/azlp.mk\/#\/schema\/person\/9ea716567edd00a311020cf60d084df5\",\"name\":\"admin\",\"image\":{\"@type\":\"ImageObject\",\"inLanguage\":\"sq-AL\",\"@id\":\"https:\/\/azlp.mk\/#\/schema\/person\/image\/\",\"url\":\"https:\/\/secure.gravatar.com\/avatar\/d7fd94b33a4de95adb8a3b93535db69b?s=96&d=mm&r=g\",\"contentUrl\":\"https:\/\/secure.gravatar.com\/avatar\/d7fd94b33a4de95adb8a3b93535db69b?s=96&d=mm&r=g\",\"caption\":\"admin\"},\"sameAs\":[\"https:\/\/azlp.mk\"],\"url\":\"https:\/\/azlp.mk\/sq\/author\/oliver\/\"}]}<\/script>\n<!-- \/ Yoast SEO plugin. -->","yoast_head_json":{"title":"Njoftim n\u00eb lidhje me informacionet p\u00ebr publikimin e vendimeve p\u00ebr personat q\u00eb duhet t\u00eb jen\u00eb n\u00eb izolim - \u0410\u0433\u0435\u043d\u0446\u0438\u0458\u0430 \u0437\u0430 \u0437\u0430\u0448\u0442\u0438\u0442\u0430 \u043d\u0430 \u043b\u0438\u0447\u043d\u0438\u0442\u0435 \u043f\u043e\u0434\u0430\u0442\u043e\u0446\u0438","robots":{"index":"index","follow":"follow","max-snippet":"max-snippet:-1","max-image-preview":"max-image-preview:large","max-video-preview":"max-video-preview:-1"},"canonical":"https:\/\/azlp.mk\/sq\/njoftim-ne-lidhje-me-informacionin-per-publikimin-e-vendimeve-per-personat-qe-duhet-te-jene-ne-izolim\/","og_locale":"sq_AL","og_type":"article","og_title":"Njoftim n\u00eb lidhje me informacionet p\u00ebr publikimin e vendimeve p\u00ebr personat q\u00eb duhet t\u00eb jen\u00eb n\u00eb izolim - \u0410\u0433\u0435\u043d\u0446\u0438\u0458\u0430 \u0437\u0430 \u0437\u0430\u0448\u0442\u0438\u0442\u0430 \u043d\u0430 \u043b\u0438\u0447\u043d\u0438\u0442\u0435 \u043f\u043e\u0434\u0430\u0442\u043e\u0446\u0438","og_description":"N\u00eb lidhje me interesimin e madh t\u00eb publikut p\u00ebr publikimin [&hellip;]","og_url":"https:\/\/azlp.mk\/sq\/njoftim-ne-lidhje-me-informacionin-per-publikimin-e-vendimeve-per-personat-qe-duhet-te-jene-ne-izolim\/","og_site_name":"\u0410\u0433\u0435\u043d\u0446\u0438\u0458\u0430 \u0437\u0430 \u0437\u0430\u0448\u0442\u0438\u0442\u0430 \u043d\u0430 \u043b\u0438\u0447\u043d\u0438\u0442\u0435 \u043f\u043e\u0434\u0430\u0442\u043e\u0446\u0438","article_published_time":"2022-02-03T10:39:31+00:00","article_modified_time":"2022-12-14T11:11:02+00:00","og_image":[{"width":512,"height":512,"url":"https:\/\/azlp.mk\/wp-content\/uploads\/2022\/08\/cropped-DZLP-Logo-072017-001.jpg","type":"image\/jpeg"}],"author":"admin","twitter_card":"summary_large_image","twitter_misc":{"Written by":"admin","Est. reading time":"3 minutes"},"schema":{"@context":"https:\/\/schema.org","@graph":[{"@type":"WebPage","@id":"https:\/\/azlp.mk\/sq\/njoftim-ne-lidhje-me-informacionin-per-publikimin-e-vendimeve-per-personat-qe-duhet-te-jene-ne-izolim\/","url":"https:\/\/azlp.mk\/sq\/njoftim-ne-lidhje-me-informacionin-per-publikimin-e-vendimeve-per-personat-qe-duhet-te-jene-ne-izolim\/","name":"Njoftim n\u00eb lidhje me informacionet p\u00ebr publikimin e vendimeve p\u00ebr personat q\u00eb duhet t\u00eb jen\u00eb n\u00eb izolim - \u0410\u0433\u0435\u043d\u0446\u0438\u0458\u0430 \u0437\u0430 \u0437\u0430\u0448\u0442\u0438\u0442\u0430 \u043d\u0430 \u043b\u0438\u0447\u043d\u0438\u0442\u0435 \u043f\u043e\u0434\u0430\u0442\u043e\u0446\u0438","isPartOf":{"@id":"https:\/\/azlp.mk\/#website"},"datePublished":"2022-02-03T10:39:31+00:00","dateModified":"2022-12-14T11:11:02+00:00","author":{"@id":"https:\/\/azlp.mk\/#\/schema\/person\/9ea716567edd00a311020cf60d084df5"},"breadcrumb":{"@id":"https:\/\/azlp.mk\/sq\/njoftim-ne-lidhje-me-informacionin-per-publikimin-e-vendimeve-per-personat-qe-duhet-te-jene-ne-izolim\/#breadcrumb"},"inLanguage":"sq-AL","potentialAction":[{"@type":"ReadAction","target":["https:\/\/azlp.mk\/sq\/njoftim-ne-lidhje-me-informacionin-per-publikimin-e-vendimeve-per-personat-qe-duhet-te-jene-ne-izolim\/"]}]},{"@type":"BreadcrumbList","@id":"https:\/\/azlp.mk\/sq\/njoftim-ne-lidhje-me-informacionin-per-publikimin-e-vendimeve-per-personat-qe-duhet-te-jene-ne-izolim\/#breadcrumb","itemListElement":[{"@type":"ListItem","position":1,"name":"Ballina","item":"https:\/\/azlp.mk\/sq\/"},{"@type":"ListItem","position":2,"name":"Njoftim n\u00eb lidhje me informacionet p\u00ebr publikimin e vendimeve p\u00ebr personat q\u00eb duhet t\u00eb jen\u00eb n\u00eb izolim"}]},{"@type":"WebSite","@id":"https:\/\/azlp.mk\/#website","url":"https:\/\/azlp.mk\/","name":"\u0410\u0433\u0435\u043d\u0446\u0438\u0458\u0430 \u0437\u0430 \u0437\u0430\u0448\u0442\u0438\u0442\u0430 \u043d\u0430 \u043b\u0438\u0447\u043d\u0438\u0442\u0435 \u043f\u043e\u0434\u0430\u0442\u043e\u0446\u0438","description":"","potentialAction":[{"@type":"SearchAction","target":{"@type":"EntryPoint","urlTemplate":"https:\/\/azlp.mk\/?s={search_term_string}"},"query-input":"required name=search_term_string"}],"inLanguage":"sq-AL"},{"@type":"Person","@id":"https:\/\/azlp.mk\/#\/schema\/person\/9ea716567edd00a311020cf60d084df5","name":"admin","image":{"@type":"ImageObject","inLanguage":"sq-AL","@id":"https:\/\/azlp.mk\/#\/schema\/person\/image\/","url":"https:\/\/secure.gravatar.com\/avatar\/d7fd94b33a4de95adb8a3b93535db69b?s=96&d=mm&r=g","contentUrl":"https:\/\/secure.gravatar.com\/avatar\/d7fd94b33a4de95adb8a3b93535db69b?s=96&d=mm&r=g","caption":"admin"},"sameAs":["https:\/\/azlp.mk"],"url":"https:\/\/azlp.mk\/sq\/author\/oliver\/"}]}},"_links":{"self":[{"href":"https:\/\/azlp.mk\/sq\/wp-json\/wp\/v2\/posts\/10231"}],"collection":[{"href":"https:\/\/azlp.mk\/sq\/wp-json\/wp\/v2\/posts"}],"about":[{"href":"https:\/\/azlp.mk\/sq\/wp-json\/wp\/v2\/types\/post"}],"author":[{"embeddable":true,"href":"https:\/\/azlp.mk\/sq\/wp-json\/wp\/v2\/users\/1"}],"replies":[{"embeddable":true,"href":"https:\/\/azlp.mk\/sq\/wp-json\/wp\/v2\/comments?post=10231"}],"version-history":[{"count":1,"href":"https:\/\/azlp.mk\/sq\/wp-json\/wp\/v2\/posts\/10231\/revisions"}],"predecessor-version":[{"id":12763,"href":"https:\/\/azlp.mk\/sq\/wp-json\/wp\/v2\/posts\/10231\/revisions\/12763"}],"wp:featuredmedia":[{"embeddable":true,"href":"https:\/\/azlp.mk\/sq\/wp-json\/wp\/v2\/media\/9458"}],"wp:attachment":[{"href":"https:\/\/azlp.mk\/sq\/wp-json\/wp\/v2\/media?parent=10231"}],"wp:term":[{"taxonomy":"category","embeddable":true,"href":"https:\/\/azlp.mk\/sq\/wp-json\/wp\/v2\/categories?post=10231"},{"taxonomy":"post_tag","embeddable":true,"href":"https:\/\/azlp.mk\/sq\/wp-json\/wp\/v2\/tags?post=10231"}],"curies":[{"name":"wp","href":"https:\/\/api.w.org\/{rel}","templated":true}]}}