{"id":10222,"date":"2022-04-11T16:00:30","date_gmt":"2022-04-11T14:00:30","guid":{"rendered":"https:\/\/azlp.mk\/workshop-mbi-standardet-e-mbrojtjes-se-te-dhenave-personale-te-europravda-ne-budva\/"},"modified":"2022-12-14T12:13:43","modified_gmt":"2022-12-14T10:13:43","slug":"workshop-mbi-standardet-e-mbrojtjes-se-te-dhenave-personale-te-europravda-ne-budva","status":"publish","type":"post","link":"https:\/\/azlp.mk\/sq\/workshop-mbi-standardet-e-mbrojtjes-se-te-dhenave-personale-te-europravda-ne-budva\/","title":{"rendered":"Pun\u00ebtori p\u00ebr standardet e mbrojtjes s\u00eb t\u00eb dh\u00ebnave personale t\u00eb EUROJUST n\u00eb Budva"},"content":{"rendered":"<p>M\u00eb dat\u00ebn 7 dhe 8 prill n\u00eb Budva, Mali i Zi, u mbajt pun\u00ebtori p\u00ebr p\u00ebrfaq\u00ebsues t\u00eb Agjencive p\u00ebr Mbrojtjen e t\u00eb Dh\u00ebnave Personale dhe Prokurorive Publike t\u00eb Maqedonis\u00eb s\u00eb Veriut, Serbis\u00eb, Malit t\u00eb Zi dhe Shqip\u00ebris\u00eb, n\u00eb tem\u00eb\u00a0 standardet p\u00ebr mbrojtjen e t\u00eb dh\u00ebnave personale t\u00eb EUROJUST n\u00eb\u00a0 prokurorit\u00eb publike dhe udh\u00ebzimet p\u00ebr p\u00ebrgatitjen e raportit p\u00ebr EUROJUST<strong>.<\/strong><\/p>\n<p>Gjat\u00eb koh\u00ebs s\u00eb pun\u00ebtoris\u00eb, p\u00ebrfaq\u00ebsuesit e vendeve pjes\u00ebmarr\u00ebse filluan me p\u00ebrgatitjen legjislative dhe nomoteknike t\u00eb Korniz\u00ebs Ligjore \u2013 udh\u00ebzime p\u00ebr procesin e supervizionit n\u00eb prokurorit\u00eb publike dhe p\u00ebr p\u00ebrgatitjen e raportit p\u00ebr EUROJUST.<\/p>\n<p>Si p\u00ebrfundim u soll\u00ebn konkluzione t\u00eb p\u00ebrbashk\u00ebta n\u00eb lidhje me vazhdimin e bashk\u00ebpunimit rajonal nd\u00ebrmjet vendeve pjes\u00ebmarr\u00ebse (Maqedonia e Veriut, Serbia, Mali i Zi dhe Shqip\u00ebria) e krijuar p\u00ebrmes projektit &#8220;Lufta kund\u00ebr\u00a0 krimit t\u00eb r\u00ebnd\u00eb n\u00eb Ballkanin Per\u00ebndimor&#8221; &#8211; IPA 2019 p\u00ebr shk\u00ebmbimin e p\u00ebrvojave n\u00eb fush\u00ebn e mbrojtjes s\u00eb t\u00eb dh\u00ebnave personale dhe aplikimit t\u00eb saj n\u00eb prokurorit\u00eb publike dhe gjykatat, si dhe vazhdimi i paraqitjes s\u00eb raporteve n\u00eb EUROJUST.<\/p>\n<p>Pun\u00ebtoria ishte organizuar nga projekti rajonal IPA &#8220;Lufta kund\u00ebr krimit t\u00eb r\u00ebnd\u00eb n\u00eb Ballkanin Per\u00ebndimor&#8221; dhe nga shoq\u00ebria Gjermane p\u00ebr bashk\u00ebpunim nd\u00ebrkomb\u00ebtar &#8211; GIZ, n\u00eb bashk\u00ebpunim me Eurojust.<\/p>\n","protected":false},"excerpt":{"rendered":"<p>M\u00eb dat\u00ebn 7 dhe 8 prill n\u00eb Budva, Mali i [&hellip;]<\/p>\n","protected":false},"author":1,"featured_media":9484,"comment_status":"open","ping_status":"open","sticky":false,"template":"","format":"standard","meta":{"footnotes":""},"categories":[80],"tags":[],"yoast_head":"<!-- This site is optimized with the Yoast SEO plugin v19.9 - https:\/\/yoast.com\/wordpress\/plugins\/seo\/ -->\n<title>Pun\u00ebtori p\u00ebr standardet e mbrojtjes s\u00eb t\u00eb dh\u00ebnave personale t\u00eb EUROJUST n\u00eb Budva - \u0410\u0433\u0435\u043d\u0446\u0438\u0458\u0430 \u0437\u0430 \u0437\u0430\u0448\u0442\u0438\u0442\u0430 \u043d\u0430 \u043b\u0438\u0447\u043d\u0438\u0442\u0435 \u043f\u043e\u0434\u0430\u0442\u043e\u0446\u0438<\/title>\n<meta name=\"robots\" content=\"index, follow, max-snippet:-1, max-image-preview:large, max-video-preview:-1\" \/>\n<link rel=\"canonical\" href=\"https:\/\/azlp.mk\/sq\/workshop-mbi-standardet-e-mbrojtjes-se-te-dhenave-personale-te-europravda-ne-budva\/\" \/>\n<meta property=\"og:locale\" content=\"sq_AL\" \/>\n<meta property=\"og:type\" content=\"article\" \/>\n<meta property=\"og:title\" content=\"Pun\u00ebtori p\u00ebr standardet e mbrojtjes s\u00eb t\u00eb dh\u00ebnave personale t\u00eb EUROJUST n\u00eb Budva - \u0410\u0433\u0435\u043d\u0446\u0438\u0458\u0430 \u0437\u0430 \u0437\u0430\u0448\u0442\u0438\u0442\u0430 \u043d\u0430 \u043b\u0438\u0447\u043d\u0438\u0442\u0435 \u043f\u043e\u0434\u0430\u0442\u043e\u0446\u0438\" \/>\n<meta property=\"og:description\" content=\"M\u00eb dat\u00ebn 7 dhe 8 prill n\u00eb Budva, Mali i [&hellip;]\" \/>\n<meta property=\"og:url\" content=\"https:\/\/azlp.mk\/sq\/workshop-mbi-standardet-e-mbrojtjes-se-te-dhenave-personale-te-europravda-ne-budva\/\" \/>\n<meta property=\"og:site_name\" content=\"\u0410\u0433\u0435\u043d\u0446\u0438\u0458\u0430 \u0437\u0430 \u0437\u0430\u0448\u0442\u0438\u0442\u0430 \u043d\u0430 \u043b\u0438\u0447\u043d\u0438\u0442\u0435 \u043f\u043e\u0434\u0430\u0442\u043e\u0446\u0438\" \/>\n<meta property=\"article:published_time\" content=\"2022-04-11T14:00:30+00:00\" \/>\n<meta property=\"article:modified_time\" content=\"2022-12-14T10:13:43+00:00\" \/>\n<meta property=\"og:image\" content=\"https:\/\/azlp.mk\/wp-content\/uploads\/2022\/09\/budva_3.jpg\" \/>\n\t<meta property=\"og:image:width\" content=\"1200\" \/>\n\t<meta property=\"og:image:height\" content=\"690\" \/>\n\t<meta property=\"og:image:type\" content=\"image\/jpeg\" \/>\n<meta name=\"author\" content=\"admin\" \/>\n<meta name=\"twitter:card\" content=\"summary_large_image\" \/>\n<meta name=\"twitter:label1\" content=\"Written by\" \/>\n\t<meta name=\"twitter:data1\" content=\"admin\" \/>\n\t<meta name=\"twitter:label2\" content=\"Est. reading time\" \/>\n\t<meta name=\"twitter:data2\" content=\"1 minute\" \/>\n<script type=\"application\/ld+json\" class=\"yoast-schema-graph\">{\"@context\":\"https:\/\/schema.org\",\"@graph\":[{\"@type\":\"WebPage\",\"@id\":\"https:\/\/azlp.mk\/sq\/workshop-mbi-standardet-e-mbrojtjes-se-te-dhenave-personale-te-europravda-ne-budva\/\",\"url\":\"https:\/\/azlp.mk\/sq\/workshop-mbi-standardet-e-mbrojtjes-se-te-dhenave-personale-te-europravda-ne-budva\/\",\"name\":\"Pun\u00ebtori p\u00ebr standardet e mbrojtjes s\u00eb t\u00eb dh\u00ebnave personale t\u00eb EUROJUST n\u00eb Budva - \u0410\u0433\u0435\u043d\u0446\u0438\u0458\u0430 \u0437\u0430 \u0437\u0430\u0448\u0442\u0438\u0442\u0430 \u043d\u0430 \u043b\u0438\u0447\u043d\u0438\u0442\u0435 \u043f\u043e\u0434\u0430\u0442\u043e\u0446\u0438\",\"isPartOf\":{\"@id\":\"https:\/\/azlp.mk\/#website\"},\"datePublished\":\"2022-04-11T14:00:30+00:00\",\"dateModified\":\"2022-12-14T10:13:43+00:00\",\"author\":{\"@id\":\"https:\/\/azlp.mk\/#\/schema\/person\/9ea716567edd00a311020cf60d084df5\"},\"breadcrumb\":{\"@id\":\"https:\/\/azlp.mk\/sq\/workshop-mbi-standardet-e-mbrojtjes-se-te-dhenave-personale-te-europravda-ne-budva\/#breadcrumb\"},\"inLanguage\":\"sq-AL\",\"potentialAction\":[{\"@type\":\"ReadAction\",\"target\":[\"https:\/\/azlp.mk\/sq\/workshop-mbi-standardet-e-mbrojtjes-se-te-dhenave-personale-te-europravda-ne-budva\/\"]}]},{\"@type\":\"BreadcrumbList\",\"@id\":\"https:\/\/azlp.mk\/sq\/workshop-mbi-standardet-e-mbrojtjes-se-te-dhenave-personale-te-europravda-ne-budva\/#breadcrumb\",\"itemListElement\":[{\"@type\":\"ListItem\",\"position\":1,\"name\":\"Ballina\",\"item\":\"https:\/\/azlp.mk\/sq\/\"},{\"@type\":\"ListItem\",\"position\":2,\"name\":\"Pun\u00ebtori p\u00ebr standardet e mbrojtjes s\u00eb t\u00eb dh\u00ebnave personale t\u00eb EUROJUST n\u00eb Budva\"}]},{\"@type\":\"WebSite\",\"@id\":\"https:\/\/azlp.mk\/#website\",\"url\":\"https:\/\/azlp.mk\/\",\"name\":\"\u0410\u0433\u0435\u043d\u0446\u0438\u0458\u0430 \u0437\u0430 \u0437\u0430\u0448\u0442\u0438\u0442\u0430 \u043d\u0430 \u043b\u0438\u0447\u043d\u0438\u0442\u0435 \u043f\u043e\u0434\u0430\u0442\u043e\u0446\u0438\",\"description\":\"\",\"potentialAction\":[{\"@type\":\"SearchAction\",\"target\":{\"@type\":\"EntryPoint\",\"urlTemplate\":\"https:\/\/azlp.mk\/?s={search_term_string}\"},\"query-input\":\"required name=search_term_string\"}],\"inLanguage\":\"sq-AL\"},{\"@type\":\"Person\",\"@id\":\"https:\/\/azlp.mk\/#\/schema\/person\/9ea716567edd00a311020cf60d084df5\",\"name\":\"admin\",\"image\":{\"@type\":\"ImageObject\",\"inLanguage\":\"sq-AL\",\"@id\":\"https:\/\/azlp.mk\/#\/schema\/person\/image\/\",\"url\":\"https:\/\/secure.gravatar.com\/avatar\/d7fd94b33a4de95adb8a3b93535db69b?s=96&d=mm&r=g\",\"contentUrl\":\"https:\/\/secure.gravatar.com\/avatar\/d7fd94b33a4de95adb8a3b93535db69b?s=96&d=mm&r=g\",\"caption\":\"admin\"},\"sameAs\":[\"https:\/\/azlp.mk\"],\"url\":\"https:\/\/azlp.mk\/sq\/author\/oliver\/\"}]}<\/script>\n<!-- \/ Yoast SEO plugin. -->","yoast_head_json":{"title":"Pun\u00ebtori p\u00ebr standardet e mbrojtjes s\u00eb t\u00eb dh\u00ebnave personale t\u00eb EUROJUST n\u00eb Budva - \u0410\u0433\u0435\u043d\u0446\u0438\u0458\u0430 \u0437\u0430 \u0437\u0430\u0448\u0442\u0438\u0442\u0430 \u043d\u0430 \u043b\u0438\u0447\u043d\u0438\u0442\u0435 \u043f\u043e\u0434\u0430\u0442\u043e\u0446\u0438","robots":{"index":"index","follow":"follow","max-snippet":"max-snippet:-1","max-image-preview":"max-image-preview:large","max-video-preview":"max-video-preview:-1"},"canonical":"https:\/\/azlp.mk\/sq\/workshop-mbi-standardet-e-mbrojtjes-se-te-dhenave-personale-te-europravda-ne-budva\/","og_locale":"sq_AL","og_type":"article","og_title":"Pun\u00ebtori p\u00ebr standardet e mbrojtjes s\u00eb t\u00eb dh\u00ebnave personale t\u00eb EUROJUST n\u00eb Budva - \u0410\u0433\u0435\u043d\u0446\u0438\u0458\u0430 \u0437\u0430 \u0437\u0430\u0448\u0442\u0438\u0442\u0430 \u043d\u0430 \u043b\u0438\u0447\u043d\u0438\u0442\u0435 \u043f\u043e\u0434\u0430\u0442\u043e\u0446\u0438","og_description":"M\u00eb dat\u00ebn 7 dhe 8 prill n\u00eb Budva, Mali i [&hellip;]","og_url":"https:\/\/azlp.mk\/sq\/workshop-mbi-standardet-e-mbrojtjes-se-te-dhenave-personale-te-europravda-ne-budva\/","og_site_name":"\u0410\u0433\u0435\u043d\u0446\u0438\u0458\u0430 \u0437\u0430 \u0437\u0430\u0448\u0442\u0438\u0442\u0430 \u043d\u0430 \u043b\u0438\u0447\u043d\u0438\u0442\u0435 \u043f\u043e\u0434\u0430\u0442\u043e\u0446\u0438","article_published_time":"2022-04-11T14:00:30+00:00","article_modified_time":"2022-12-14T10:13:43+00:00","og_image":[{"width":1200,"height":690,"url":"https:\/\/azlp.mk\/wp-content\/uploads\/2022\/09\/budva_3.jpg","type":"image\/jpeg"}],"author":"admin","twitter_card":"summary_large_image","twitter_misc":{"Written by":"admin","Est. reading time":"1 minute"},"schema":{"@context":"https:\/\/schema.org","@graph":[{"@type":"WebPage","@id":"https:\/\/azlp.mk\/sq\/workshop-mbi-standardet-e-mbrojtjes-se-te-dhenave-personale-te-europravda-ne-budva\/","url":"https:\/\/azlp.mk\/sq\/workshop-mbi-standardet-e-mbrojtjes-se-te-dhenave-personale-te-europravda-ne-budva\/","name":"Pun\u00ebtori p\u00ebr standardet e mbrojtjes s\u00eb t\u00eb dh\u00ebnave personale t\u00eb EUROJUST n\u00eb Budva - \u0410\u0433\u0435\u043d\u0446\u0438\u0458\u0430 \u0437\u0430 \u0437\u0430\u0448\u0442\u0438\u0442\u0430 \u043d\u0430 \u043b\u0438\u0447\u043d\u0438\u0442\u0435 \u043f\u043e\u0434\u0430\u0442\u043e\u0446\u0438","isPartOf":{"@id":"https:\/\/azlp.mk\/#website"},"datePublished":"2022-04-11T14:00:30+00:00","dateModified":"2022-12-14T10:13:43+00:00","author":{"@id":"https:\/\/azlp.mk\/#\/schema\/person\/9ea716567edd00a311020cf60d084df5"},"breadcrumb":{"@id":"https:\/\/azlp.mk\/sq\/workshop-mbi-standardet-e-mbrojtjes-se-te-dhenave-personale-te-europravda-ne-budva\/#breadcrumb"},"inLanguage":"sq-AL","potentialAction":[{"@type":"ReadAction","target":["https:\/\/azlp.mk\/sq\/workshop-mbi-standardet-e-mbrojtjes-se-te-dhenave-personale-te-europravda-ne-budva\/"]}]},{"@type":"BreadcrumbList","@id":"https:\/\/azlp.mk\/sq\/workshop-mbi-standardet-e-mbrojtjes-se-te-dhenave-personale-te-europravda-ne-budva\/#breadcrumb","itemListElement":[{"@type":"ListItem","position":1,"name":"Ballina","item":"https:\/\/azlp.mk\/sq\/"},{"@type":"ListItem","position":2,"name":"Pun\u00ebtori p\u00ebr standardet e mbrojtjes s\u00eb t\u00eb dh\u00ebnave personale t\u00eb EUROJUST n\u00eb Budva"}]},{"@type":"WebSite","@id":"https:\/\/azlp.mk\/#website","url":"https:\/\/azlp.mk\/","name":"\u0410\u0433\u0435\u043d\u0446\u0438\u0458\u0430 \u0437\u0430 \u0437\u0430\u0448\u0442\u0438\u0442\u0430 \u043d\u0430 \u043b\u0438\u0447\u043d\u0438\u0442\u0435 \u043f\u043e\u0434\u0430\u0442\u043e\u0446\u0438","description":"","potentialAction":[{"@type":"SearchAction","target":{"@type":"EntryPoint","urlTemplate":"https:\/\/azlp.mk\/?s={search_term_string}"},"query-input":"required name=search_term_string"}],"inLanguage":"sq-AL"},{"@type":"Person","@id":"https:\/\/azlp.mk\/#\/schema\/person\/9ea716567edd00a311020cf60d084df5","name":"admin","image":{"@type":"ImageObject","inLanguage":"sq-AL","@id":"https:\/\/azlp.mk\/#\/schema\/person\/image\/","url":"https:\/\/secure.gravatar.com\/avatar\/d7fd94b33a4de95adb8a3b93535db69b?s=96&d=mm&r=g","contentUrl":"https:\/\/secure.gravatar.com\/avatar\/d7fd94b33a4de95adb8a3b93535db69b?s=96&d=mm&r=g","caption":"admin"},"sameAs":["https:\/\/azlp.mk"],"url":"https:\/\/azlp.mk\/sq\/author\/oliver\/"}]}},"_links":{"self":[{"href":"https:\/\/azlp.mk\/sq\/wp-json\/wp\/v2\/posts\/10222"}],"collection":[{"href":"https:\/\/azlp.mk\/sq\/wp-json\/wp\/v2\/posts"}],"about":[{"href":"https:\/\/azlp.mk\/sq\/wp-json\/wp\/v2\/types\/post"}],"author":[{"embeddable":true,"href":"https:\/\/azlp.mk\/sq\/wp-json\/wp\/v2\/users\/1"}],"replies":[{"embeddable":true,"href":"https:\/\/azlp.mk\/sq\/wp-json\/wp\/v2\/comments?post=10222"}],"version-history":[{"count":1,"href":"https:\/\/azlp.mk\/sq\/wp-json\/wp\/v2\/posts\/10222\/revisions"}],"predecessor-version":[{"id":12745,"href":"https:\/\/azlp.mk\/sq\/wp-json\/wp\/v2\/posts\/10222\/revisions\/12745"}],"wp:featuredmedia":[{"embeddable":true,"href":"https:\/\/azlp.mk\/sq\/wp-json\/wp\/v2\/media\/9484"}],"wp:attachment":[{"href":"https:\/\/azlp.mk\/sq\/wp-json\/wp\/v2\/media?parent=10222"}],"wp:term":[{"taxonomy":"category","embeddable":true,"href":"https:\/\/azlp.mk\/sq\/wp-json\/wp\/v2\/categories?post=10222"},{"taxonomy":"post_tag","embeddable":true,"href":"https:\/\/azlp.mk\/sq\/wp-json\/wp\/v2\/tags?post=10222"}],"curies":[{"name":"wp","href":"https:\/\/api.w.org\/{rel}","templated":true}]}}