{"id":10206,"date":"2022-05-20T16:20:21","date_gmt":"2022-05-20T14:20:21","guid":{"rendered":"https:\/\/azlp.mk\/konferenca-nderkombetare-e-te-dhenave-te-hapura-te-dhenat-dhe-kultura-e-hapur\/"},"modified":"2022-12-14T12:04:55","modified_gmt":"2022-12-14T10:04:55","slug":"konferenca-nderkombetare-e-te-dhenave-te-hapura-te-dhenat-dhe-kultura-e-hapur","status":"publish","type":"post","link":"https:\/\/azlp.mk\/sq\/konferenca-nderkombetare-e-te-dhenave-te-hapura-te-dhenat-dhe-kultura-e-hapur\/","title":{"rendered":"Konferenc\u00eb Nd\u00ebrkomb\u00ebtare e t\u00eb Dh\u00ebnave t\u00eb Hapura &#8220;T\u00eb dh\u00ebnat dhe kultura e hapjes&#8221;"},"content":{"rendered":"<p>M\u00eb dat\u00eb\u00a0 19 maj 2022, p\u00ebrfaq\u00ebsues i Agjencis\u00eb p\u00ebr Mbrojtjen e t\u00eb Dh\u00ebnave Personale mori pjes\u00eb n\u00eb konferenc\u00ebn nd\u00ebrkomb\u00ebtare p\u00ebr t\u00eb dh\u00ebnat e hapura\u00a0<em>&#8220;T\u00eb dh\u00ebnat dhe kultura e hapjes<\/em>&#8221; t\u00eb Fondacionit Metamorfosis , e cila u realizua\u00a0 n\u00eb kuad\u00ebr t\u00eb Projektit t\u00eb USAID-it p\u00ebr Pjes\u00ebmarrje Qytetare.<\/p>\n<p>Konferenca u mbajt m\u00eb dat\u00ebn 18-20 maj n\u00eb Shkup dhe p\u00ebrb\u00ebhej nga sesione panelesh, tryeza t\u00eb rrumbullak\u00ebta dhe trajnime ku mor\u00ebn pjes\u00eb p\u00ebrfaq\u00ebsues t\u00eb institucioneve shtet\u00ebrore dhe komunave, praktikant\u00eb n\u00eb fush\u00ebn e t\u00eb dh\u00ebnave t\u00eb hapura, mediave, komunitetit t\u00eb p\u00ebrdoruesve si dhe p\u00ebrfaq\u00ebsues t\u00eb biznesit dhe ekspert\u00eb t\u00eb t\u00eb dh\u00ebnave. nga Maqedonia e Veriut, Ballkani Per\u00ebndimor dhe bota dhe ndan\u00eb mendimet, idet\u00eb, p\u00ebrvojat dhe sfidat e tyre n\u00eb lidhje me zbatimin e aktiviteteve t\u00eb shk\u00ebmbimit t\u00eb t\u00eb dh\u00ebnave.<\/p>\n<p>N\u00eb konferenc\u00eb, p\u00ebrfaq\u00ebsuesja\u00a0 e Agjencis\u00eb foli p\u00ebr t\u00eb drejt\u00ebn e privat\u00ebsis\u00eb kundrejt liris\u00eb s\u00eb shprehjes dhe informimit dhe nevoj\u00ebn e ekuilibrit \u00a0mes k\u00ebtyre dy t\u00eb drejtave.<\/p>\n<p>Q\u00ebllimi i konferenc\u00ebs ishte bashkimi i komunitetit t\u00eb t\u00eb dh\u00ebnave t\u00eb hapura p\u00ebr t\u00eb ndar\u00eb, m\u00ebsuar, planifikuar dhe bashk\u00ebpunuar p\u00ebr t\u00eb ardhmen e t\u00eb dh\u00ebnave t\u00eb hapura, me theks t\u00eb ve\u00e7ant\u00eb n\u00eb situat\u00ebn aktuale n\u00eb vendin ton\u00eb dhe n\u00eb rajonin e Ballkanit Per\u00ebndimor.<\/p>\n","protected":false},"excerpt":{"rendered":"<p>M\u00eb dat\u00eb\u00a0 19 maj 2022, p\u00ebrfaq\u00ebsues i Agjencis\u00eb p\u00ebr Mbrojtjen [&hellip;]<\/p>\n","protected":false},"author":1,"featured_media":9496,"comment_status":"open","ping_status":"open","sticky":false,"template":"","format":"standard","meta":{"footnotes":""},"categories":[80],"tags":[],"yoast_head":"<!-- This site is optimized with the Yoast SEO plugin v19.9 - https:\/\/yoast.com\/wordpress\/plugins\/seo\/ -->\n<title>Konferenc\u00eb Nd\u00ebrkomb\u00ebtare e t\u00eb Dh\u00ebnave t\u00eb Hapura &quot;T\u00eb dh\u00ebnat dhe kultura e hapjes&quot; - \u0410\u0433\u0435\u043d\u0446\u0438\u0458\u0430 \u0437\u0430 \u0437\u0430\u0448\u0442\u0438\u0442\u0430 \u043d\u0430 \u043b\u0438\u0447\u043d\u0438\u0442\u0435 \u043f\u043e\u0434\u0430\u0442\u043e\u0446\u0438<\/title>\n<meta name=\"robots\" content=\"index, follow, max-snippet:-1, max-image-preview:large, max-video-preview:-1\" \/>\n<link rel=\"canonical\" href=\"https:\/\/azlp.mk\/sq\/konferenca-nderkombetare-e-te-dhenave-te-hapura-te-dhenat-dhe-kultura-e-hapur\/\" \/>\n<meta property=\"og:locale\" content=\"sq_AL\" \/>\n<meta property=\"og:type\" content=\"article\" \/>\n<meta property=\"og:title\" content=\"Konferenc\u00eb Nd\u00ebrkomb\u00ebtare e t\u00eb Dh\u00ebnave t\u00eb Hapura &quot;T\u00eb dh\u00ebnat dhe kultura e hapjes&quot; - \u0410\u0433\u0435\u043d\u0446\u0438\u0458\u0430 \u0437\u0430 \u0437\u0430\u0448\u0442\u0438\u0442\u0430 \u043d\u0430 \u043b\u0438\u0447\u043d\u0438\u0442\u0435 \u043f\u043e\u0434\u0430\u0442\u043e\u0446\u0438\" \/>\n<meta property=\"og:description\" content=\"M\u00eb dat\u00eb\u00a0 19 maj 2022, p\u00ebrfaq\u00ebsues i Agjencis\u00eb p\u00ebr Mbrojtjen [&hellip;]\" \/>\n<meta property=\"og:url\" content=\"https:\/\/azlp.mk\/sq\/konferenca-nderkombetare-e-te-dhenave-te-hapura-te-dhenat-dhe-kultura-e-hapur\/\" \/>\n<meta property=\"og:site_name\" content=\"\u0410\u0433\u0435\u043d\u0446\u0438\u0458\u0430 \u0437\u0430 \u0437\u0430\u0448\u0442\u0438\u0442\u0430 \u043d\u0430 \u043b\u0438\u0447\u043d\u0438\u0442\u0435 \u043f\u043e\u0434\u0430\u0442\u043e\u0446\u0438\" \/>\n<meta property=\"article:published_time\" content=\"2022-05-20T14:20:21+00:00\" \/>\n<meta property=\"article:modified_time\" content=\"2022-12-14T10:04:55+00:00\" \/>\n<meta property=\"og:image\" content=\"https:\/\/azlp.mk\/wp-content\/uploads\/2022\/09\/sega.jpg\" \/>\n\t<meta property=\"og:image:width\" content=\"1197\" \/>\n\t<meta property=\"og:image:height\" content=\"898\" \/>\n\t<meta property=\"og:image:type\" content=\"image\/jpeg\" \/>\n<meta name=\"author\" content=\"admin\" \/>\n<meta name=\"twitter:card\" content=\"summary_large_image\" \/>\n<meta name=\"twitter:label1\" content=\"Written by\" \/>\n\t<meta name=\"twitter:data1\" content=\"admin\" \/>\n\t<meta name=\"twitter:label2\" content=\"Est. reading time\" \/>\n\t<meta name=\"twitter:data2\" content=\"1 minute\" \/>\n<script type=\"application\/ld+json\" class=\"yoast-schema-graph\">{\"@context\":\"https:\/\/schema.org\",\"@graph\":[{\"@type\":\"WebPage\",\"@id\":\"https:\/\/azlp.mk\/sq\/konferenca-nderkombetare-e-te-dhenave-te-hapura-te-dhenat-dhe-kultura-e-hapur\/\",\"url\":\"https:\/\/azlp.mk\/sq\/konferenca-nderkombetare-e-te-dhenave-te-hapura-te-dhenat-dhe-kultura-e-hapur\/\",\"name\":\"Konferenc\u00eb Nd\u00ebrkomb\u00ebtare e t\u00eb Dh\u00ebnave t\u00eb Hapura \\\"T\u00eb dh\u00ebnat dhe kultura e hapjes\\\" - \u0410\u0433\u0435\u043d\u0446\u0438\u0458\u0430 \u0437\u0430 \u0437\u0430\u0448\u0442\u0438\u0442\u0430 \u043d\u0430 \u043b\u0438\u0447\u043d\u0438\u0442\u0435 \u043f\u043e\u0434\u0430\u0442\u043e\u0446\u0438\",\"isPartOf\":{\"@id\":\"https:\/\/azlp.mk\/#website\"},\"datePublished\":\"2022-05-20T14:20:21+00:00\",\"dateModified\":\"2022-12-14T10:04:55+00:00\",\"author\":{\"@id\":\"https:\/\/azlp.mk\/#\/schema\/person\/9ea716567edd00a311020cf60d084df5\"},\"breadcrumb\":{\"@id\":\"https:\/\/azlp.mk\/sq\/konferenca-nderkombetare-e-te-dhenave-te-hapura-te-dhenat-dhe-kultura-e-hapur\/#breadcrumb\"},\"inLanguage\":\"sq-AL\",\"potentialAction\":[{\"@type\":\"ReadAction\",\"target\":[\"https:\/\/azlp.mk\/sq\/konferenca-nderkombetare-e-te-dhenave-te-hapura-te-dhenat-dhe-kultura-e-hapur\/\"]}]},{\"@type\":\"BreadcrumbList\",\"@id\":\"https:\/\/azlp.mk\/sq\/konferenca-nderkombetare-e-te-dhenave-te-hapura-te-dhenat-dhe-kultura-e-hapur\/#breadcrumb\",\"itemListElement\":[{\"@type\":\"ListItem\",\"position\":1,\"name\":\"Ballina\",\"item\":\"https:\/\/azlp.mk\/sq\/\"},{\"@type\":\"ListItem\",\"position\":2,\"name\":\"Konferenc\u00eb Nd\u00ebrkomb\u00ebtare e t\u00eb Dh\u00ebnave t\u00eb Hapura &#8220;T\u00eb dh\u00ebnat dhe kultura e hapjes&#8221;\"}]},{\"@type\":\"WebSite\",\"@id\":\"https:\/\/azlp.mk\/#website\",\"url\":\"https:\/\/azlp.mk\/\",\"name\":\"\u0410\u0433\u0435\u043d\u0446\u0438\u0458\u0430 \u0437\u0430 \u0437\u0430\u0448\u0442\u0438\u0442\u0430 \u043d\u0430 \u043b\u0438\u0447\u043d\u0438\u0442\u0435 \u043f\u043e\u0434\u0430\u0442\u043e\u0446\u0438\",\"description\":\"\",\"potentialAction\":[{\"@type\":\"SearchAction\",\"target\":{\"@type\":\"EntryPoint\",\"urlTemplate\":\"https:\/\/azlp.mk\/?s={search_term_string}\"},\"query-input\":\"required name=search_term_string\"}],\"inLanguage\":\"sq-AL\"},{\"@type\":\"Person\",\"@id\":\"https:\/\/azlp.mk\/#\/schema\/person\/9ea716567edd00a311020cf60d084df5\",\"name\":\"admin\",\"image\":{\"@type\":\"ImageObject\",\"inLanguage\":\"sq-AL\",\"@id\":\"https:\/\/azlp.mk\/#\/schema\/person\/image\/\",\"url\":\"https:\/\/secure.gravatar.com\/avatar\/d7fd94b33a4de95adb8a3b93535db69b?s=96&d=mm&r=g\",\"contentUrl\":\"https:\/\/secure.gravatar.com\/avatar\/d7fd94b33a4de95adb8a3b93535db69b?s=96&d=mm&r=g\",\"caption\":\"admin\"},\"sameAs\":[\"https:\/\/azlp.mk\"],\"url\":\"https:\/\/azlp.mk\/sq\/author\/oliver\/\"}]}<\/script>\n<!-- \/ Yoast SEO plugin. -->","yoast_head_json":{"title":"Konferenc\u00eb Nd\u00ebrkomb\u00ebtare e t\u00eb Dh\u00ebnave t\u00eb Hapura \"T\u00eb dh\u00ebnat dhe kultura e hapjes\" - \u0410\u0433\u0435\u043d\u0446\u0438\u0458\u0430 \u0437\u0430 \u0437\u0430\u0448\u0442\u0438\u0442\u0430 \u043d\u0430 \u043b\u0438\u0447\u043d\u0438\u0442\u0435 \u043f\u043e\u0434\u0430\u0442\u043e\u0446\u0438","robots":{"index":"index","follow":"follow","max-snippet":"max-snippet:-1","max-image-preview":"max-image-preview:large","max-video-preview":"max-video-preview:-1"},"canonical":"https:\/\/azlp.mk\/sq\/konferenca-nderkombetare-e-te-dhenave-te-hapura-te-dhenat-dhe-kultura-e-hapur\/","og_locale":"sq_AL","og_type":"article","og_title":"Konferenc\u00eb Nd\u00ebrkomb\u00ebtare e t\u00eb Dh\u00ebnave t\u00eb Hapura \"T\u00eb dh\u00ebnat dhe kultura e hapjes\" - \u0410\u0433\u0435\u043d\u0446\u0438\u0458\u0430 \u0437\u0430 \u0437\u0430\u0448\u0442\u0438\u0442\u0430 \u043d\u0430 \u043b\u0438\u0447\u043d\u0438\u0442\u0435 \u043f\u043e\u0434\u0430\u0442\u043e\u0446\u0438","og_description":"M\u00eb dat\u00eb\u00a0 19 maj 2022, p\u00ebrfaq\u00ebsues i Agjencis\u00eb p\u00ebr Mbrojtjen [&hellip;]","og_url":"https:\/\/azlp.mk\/sq\/konferenca-nderkombetare-e-te-dhenave-te-hapura-te-dhenat-dhe-kultura-e-hapur\/","og_site_name":"\u0410\u0433\u0435\u043d\u0446\u0438\u0458\u0430 \u0437\u0430 \u0437\u0430\u0448\u0442\u0438\u0442\u0430 \u043d\u0430 \u043b\u0438\u0447\u043d\u0438\u0442\u0435 \u043f\u043e\u0434\u0430\u0442\u043e\u0446\u0438","article_published_time":"2022-05-20T14:20:21+00:00","article_modified_time":"2022-12-14T10:04:55+00:00","og_image":[{"width":1197,"height":898,"url":"https:\/\/azlp.mk\/wp-content\/uploads\/2022\/09\/sega.jpg","type":"image\/jpeg"}],"author":"admin","twitter_card":"summary_large_image","twitter_misc":{"Written by":"admin","Est. reading time":"1 minute"},"schema":{"@context":"https:\/\/schema.org","@graph":[{"@type":"WebPage","@id":"https:\/\/azlp.mk\/sq\/konferenca-nderkombetare-e-te-dhenave-te-hapura-te-dhenat-dhe-kultura-e-hapur\/","url":"https:\/\/azlp.mk\/sq\/konferenca-nderkombetare-e-te-dhenave-te-hapura-te-dhenat-dhe-kultura-e-hapur\/","name":"Konferenc\u00eb Nd\u00ebrkomb\u00ebtare e t\u00eb Dh\u00ebnave t\u00eb Hapura \"T\u00eb dh\u00ebnat dhe kultura e hapjes\" - \u0410\u0433\u0435\u043d\u0446\u0438\u0458\u0430 \u0437\u0430 \u0437\u0430\u0448\u0442\u0438\u0442\u0430 \u043d\u0430 \u043b\u0438\u0447\u043d\u0438\u0442\u0435 \u043f\u043e\u0434\u0430\u0442\u043e\u0446\u0438","isPartOf":{"@id":"https:\/\/azlp.mk\/#website"},"datePublished":"2022-05-20T14:20:21+00:00","dateModified":"2022-12-14T10:04:55+00:00","author":{"@id":"https:\/\/azlp.mk\/#\/schema\/person\/9ea716567edd00a311020cf60d084df5"},"breadcrumb":{"@id":"https:\/\/azlp.mk\/sq\/konferenca-nderkombetare-e-te-dhenave-te-hapura-te-dhenat-dhe-kultura-e-hapur\/#breadcrumb"},"inLanguage":"sq-AL","potentialAction":[{"@type":"ReadAction","target":["https:\/\/azlp.mk\/sq\/konferenca-nderkombetare-e-te-dhenave-te-hapura-te-dhenat-dhe-kultura-e-hapur\/"]}]},{"@type":"BreadcrumbList","@id":"https:\/\/azlp.mk\/sq\/konferenca-nderkombetare-e-te-dhenave-te-hapura-te-dhenat-dhe-kultura-e-hapur\/#breadcrumb","itemListElement":[{"@type":"ListItem","position":1,"name":"Ballina","item":"https:\/\/azlp.mk\/sq\/"},{"@type":"ListItem","position":2,"name":"Konferenc\u00eb Nd\u00ebrkomb\u00ebtare e t\u00eb Dh\u00ebnave t\u00eb Hapura &#8220;T\u00eb dh\u00ebnat dhe kultura e hapjes&#8221;"}]},{"@type":"WebSite","@id":"https:\/\/azlp.mk\/#website","url":"https:\/\/azlp.mk\/","name":"\u0410\u0433\u0435\u043d\u0446\u0438\u0458\u0430 \u0437\u0430 \u0437\u0430\u0448\u0442\u0438\u0442\u0430 \u043d\u0430 \u043b\u0438\u0447\u043d\u0438\u0442\u0435 \u043f\u043e\u0434\u0430\u0442\u043e\u0446\u0438","description":"","potentialAction":[{"@type":"SearchAction","target":{"@type":"EntryPoint","urlTemplate":"https:\/\/azlp.mk\/?s={search_term_string}"},"query-input":"required name=search_term_string"}],"inLanguage":"sq-AL"},{"@type":"Person","@id":"https:\/\/azlp.mk\/#\/schema\/person\/9ea716567edd00a311020cf60d084df5","name":"admin","image":{"@type":"ImageObject","inLanguage":"sq-AL","@id":"https:\/\/azlp.mk\/#\/schema\/person\/image\/","url":"https:\/\/secure.gravatar.com\/avatar\/d7fd94b33a4de95adb8a3b93535db69b?s=96&d=mm&r=g","contentUrl":"https:\/\/secure.gravatar.com\/avatar\/d7fd94b33a4de95adb8a3b93535db69b?s=96&d=mm&r=g","caption":"admin"},"sameAs":["https:\/\/azlp.mk"],"url":"https:\/\/azlp.mk\/sq\/author\/oliver\/"}]}},"_links":{"self":[{"href":"https:\/\/azlp.mk\/sq\/wp-json\/wp\/v2\/posts\/10206"}],"collection":[{"href":"https:\/\/azlp.mk\/sq\/wp-json\/wp\/v2\/posts"}],"about":[{"href":"https:\/\/azlp.mk\/sq\/wp-json\/wp\/v2\/types\/post"}],"author":[{"embeddable":true,"href":"https:\/\/azlp.mk\/sq\/wp-json\/wp\/v2\/users\/1"}],"replies":[{"embeddable":true,"href":"https:\/\/azlp.mk\/sq\/wp-json\/wp\/v2\/comments?post=10206"}],"version-history":[{"count":1,"href":"https:\/\/azlp.mk\/sq\/wp-json\/wp\/v2\/posts\/10206\/revisions"}],"predecessor-version":[{"id":12733,"href":"https:\/\/azlp.mk\/sq\/wp-json\/wp\/v2\/posts\/10206\/revisions\/12733"}],"wp:featuredmedia":[{"embeddable":true,"href":"https:\/\/azlp.mk\/sq\/wp-json\/wp\/v2\/media\/9496"}],"wp:attachment":[{"href":"https:\/\/azlp.mk\/sq\/wp-json\/wp\/v2\/media?parent=10206"}],"wp:term":[{"taxonomy":"category","embeddable":true,"href":"https:\/\/azlp.mk\/sq\/wp-json\/wp\/v2\/categories?post=10206"},{"taxonomy":"post_tag","embeddable":true,"href":"https:\/\/azlp.mk\/sq\/wp-json\/wp\/v2\/tags?post=10206"}],"curies":[{"name":"wp","href":"https:\/\/api.w.org\/{rel}","templated":true}]}}