{"id":10205,"date":"2022-05-23T19:12:34","date_gmt":"2022-05-23T17:12:34","guid":{"rendered":"https:\/\/azlp.mk\/konferenca-e-30-te-e-mbikeqyresve-evropiane-per-mbrojtjen-e-te-dhenave-personale\/"},"modified":"2022-12-14T12:03:33","modified_gmt":"2022-12-14T10:03:33","slug":"konferenca-e-30-te-e-mbikeqyresve-evropiane-per-mbrojtjen-e-te-dhenave-personale","status":"publish","type":"post","link":"https:\/\/azlp.mk\/sq\/konferenca-e-30-te-e-mbikeqyresve-evropiane-per-mbrojtjen-e-te-dhenave-personale\/","title":{"rendered":"Konferenca e 30-t\u00eb e Supervizor\u00ebve evropian p\u00ebr mbrojtjen e t\u00eb dh\u00ebnave personale"},"content":{"rendered":"<p>P\u00ebrfaq\u00ebsues t\u00eb Agjencis\u00eb p\u00ebr Mbrojtjen e t\u00eb Dh\u00ebnave Personale mor\u00ebn pjes\u00eb n\u00eb Konferenc\u00ebn e 30-t\u00eb t\u00eb organeve mbik\u00ebqyr\u00ebse evropiane (Konferenca Pranverore) m\u00eb dat\u00ebn 19-20 maj 2022 n\u00eb Cavtat, Republika e Kroacis\u00eb.<\/p>\n<p>Organet mbik\u00ebqyr\u00ebse p\u00ebr mbrojtjen e t\u00eb dh\u00ebnave personale, an\u00ebtar\u00eb t\u00eb Konferenc\u00ebs, miratuan Rezolut\u00ebn p\u00ebr nevoj\u00ebn e ratifikimit t\u00eb shpejt\u00eb t\u00eb \u201cKonvent\u00ebs 108+\u201d. Rezoluta u b\u00ebn thirrje qeverive t\u00eb vendeve an\u00ebtare t\u00eb K\u00ebshillit t\u00eb Evrop\u00ebs, qeverive t\u00eb vendeve t\u00eb treta dhe Bashkimit Evropian q\u00eb t\u00eb p\u00ebrshpejtojn\u00eb procesin e n\u00ebnshkrimit dhe ratifikimit t\u00eb Konvent\u00ebs 108+. Konventa p\u00ebr mbrojtjen e individ\u00ebve n\u00eb lidhje me p\u00ebrpunimin automatik t\u00eb t\u00eb dh\u00ebnave personale \u00ebsht\u00eb e vetmja marr\u00ebveshje shum\u00ebpal\u00ebshe ligj\u00ebrisht e detyrueshme n\u00eb nivel nd\u00ebrkomb\u00ebtar p\u00ebr mbrojtjen e t\u00eb dh\u00ebnave personale. Konventa u ndryshua n\u00eb maj 2018 p\u00ebrmes protokollit t\u00eb ndryshuar q\u00eb duhet t\u00eb hyj\u00eb n\u00eb fuqi n\u00eb vitin 2023.<\/p>\n<p>N\u00eb konferenc\u00eb u miratua edhe Rezolut\u00eb q\u00eb do t\u00eb siguroj\u00eb pun\u00ebn e m\u00ebtutjeshme t\u00eb Konferenc\u00ebs Pranverore, gjegj\u00ebsisht e nj\u00ebjta garanton se Konferenca mund t\u00eb vazhdoj\u00eb t\u00eb organizohet me sukses p\u00ebr t\u00eb gjitha \u00e7\u00ebshtjet e r\u00ebnd\u00ebsishme n\u00eb interes t\u00eb autoriteteve evropiane\u00a0 t\u00eb mbrojtjes s\u00eb t\u00eb dh\u00ebnave personale.<\/p>\n<p>Konferenca \u00ebsht\u00eb mund\u00ebsi p\u00ebr supervizor\u00ebt \u00a0e \u00a040 vendeve \u00a0evropiane p\u00ebr t\u00eb diskutuar dhe shk\u00ebmbyer p\u00ebrvojat mbi problemet me t\u00eb cilat p\u00ebrballen, praktikat dhe strategjit\u00eb m\u00eb t\u00eb mira p\u00ebr avancimin e fush\u00ebs s\u00eb mbrojtjes t\u00eb t\u00eb dh\u00ebnave personale n\u00eb Evrop\u00eb p\u00ebrmes paneleve dhe diskutimeve nga ekspert\u00ebt m\u00eb eminent\u00eb n\u00eb fush\u00ebn e mbrojtjes t\u00eb \u00a0t\u00eb dh\u00ebnave.<\/p>\n<p>N\u00eb konferenc\u00eb, p\u00ebrfaq\u00ebsuesja e Agjencis\u00eb p\u00ebr Mbrojtjen e t\u00eb Dh\u00ebnave Personale ndau p\u00ebrvojat dhe praktikat e mira me koleg\u00eb t\u00eb vendeve t\u00eb \u00a0tjera evropiane p\u00ebr zbatimin e projekteve t\u00eb p\u00ebrbashk\u00ebta evropiane q\u00eb synojn\u00eb ndihm\u00ebn reciproke dhe forcimin e bashk\u00ebpunimit nd\u00ebrmjet organeve mbik\u00ebqyr\u00ebse p\u00ebr mbrojtjen e t\u00eb dh\u00ebnave personale.<\/p>\n<p>Konferenca Pranverore \u00ebsht\u00eb konferenc\u00eb e mbyllur p\u00ebr an\u00ebtar\u00ebt dhe v\u00ebzhguesit dhe p\u00ebrb\u00ebhet nga 62 organe mbik\u00ebqyr\u00ebse nacionale dhe rajonale p\u00ebr mbrojtjen e t\u00eb dh\u00ebnave personale, Komisioni Evropian, Parlamenti Evropian, Agjencia p\u00ebr t\u00eb drejtat themelore t\u00eb njeriut t\u00eb Bashkimit Evropian, Europol, Eurojust dhe K\u00ebshilli i Evrop\u00ebs. .<\/p>\n<p>N\u00eb konferenc\u00ebn\u00a0 pranverore t\u00eb k\u00ebtij viti, si v\u00ebzhgues \u00a0u pranuan K\u00ebshilli Evropian p\u00ebr mbrojtjen e t\u00eb dh\u00ebnave personale dhe Agjencia Evropiane\u00a0 Hap\u00ebsinore \u00a0dhe si an\u00ebtare Zyra e Komisionerit p\u00ebr mbrojtjen e t\u00eb dh\u00ebnave personale t\u00eb Saksonis\u00eb s\u00eb poshtme \u00a0.<\/p>\n<p>M\u00eb shum\u00eb informacione rreth konferenc\u00ebs mund t\u00eb gjeni n\u00eb lidhjen n\u00eb vijim:\u00a0<a href=\"https:\/\/springconference2022.hr\/\">https:\/\/springconference2022.hr<\/a>.<\/p>\n","protected":false},"excerpt":{"rendered":"<p>P\u00ebrfaq\u00ebsues t\u00eb Agjencis\u00eb p\u00ebr Mbrojtjen e t\u00eb Dh\u00ebnave Personale mor\u00ebn [&hellip;]<\/p>\n","protected":false},"author":1,"featured_media":9495,"comment_status":"closed","ping_status":"closed","sticky":false,"template":"","format":"standard","meta":{"footnotes":""},"categories":[80],"tags":[],"yoast_head":"<!-- This site is optimized with the Yoast SEO plugin v19.9 - https:\/\/yoast.com\/wordpress\/plugins\/seo\/ -->\n<title>Konferenca e 30-t\u00eb e Supervizor\u00ebve evropian p\u00ebr mbrojtjen e t\u00eb dh\u00ebnave personale - \u0410\u0433\u0435\u043d\u0446\u0438\u0458\u0430 \u0437\u0430 \u0437\u0430\u0448\u0442\u0438\u0442\u0430 \u043d\u0430 \u043b\u0438\u0447\u043d\u0438\u0442\u0435 \u043f\u043e\u0434\u0430\u0442\u043e\u0446\u0438<\/title>\n<meta name=\"robots\" content=\"index, follow, max-snippet:-1, max-image-preview:large, max-video-preview:-1\" \/>\n<link rel=\"canonical\" href=\"https:\/\/azlp.mk\/sq\/konferenca-e-30-te-e-mbikeqyresve-evropiane-per-mbrojtjen-e-te-dhenave-personale\/\" \/>\n<meta property=\"og:locale\" content=\"sq_AL\" \/>\n<meta property=\"og:type\" content=\"article\" \/>\n<meta property=\"og:title\" content=\"Konferenca e 30-t\u00eb e Supervizor\u00ebve evropian p\u00ebr mbrojtjen e t\u00eb dh\u00ebnave personale - \u0410\u0433\u0435\u043d\u0446\u0438\u0458\u0430 \u0437\u0430 \u0437\u0430\u0448\u0442\u0438\u0442\u0430 \u043d\u0430 \u043b\u0438\u0447\u043d\u0438\u0442\u0435 \u043f\u043e\u0434\u0430\u0442\u043e\u0446\u0438\" \/>\n<meta property=\"og:description\" content=\"P\u00ebrfaq\u00ebsues t\u00eb Agjencis\u00eb p\u00ebr Mbrojtjen e t\u00eb Dh\u00ebnave Personale mor\u00ebn [&hellip;]\" \/>\n<meta property=\"og:url\" content=\"https:\/\/azlp.mk\/sq\/konferenca-e-30-te-e-mbikeqyresve-evropiane-per-mbrojtjen-e-te-dhenave-personale\/\" \/>\n<meta property=\"og:site_name\" content=\"\u0410\u0433\u0435\u043d\u0446\u0438\u0458\u0430 \u0437\u0430 \u0437\u0430\u0448\u0442\u0438\u0442\u0430 \u043d\u0430 \u043b\u0438\u0447\u043d\u0438\u0442\u0435 \u043f\u043e\u0434\u0430\u0442\u043e\u0446\u0438\" \/>\n<meta property=\"article:published_time\" content=\"2022-05-23T17:12:34+00:00\" \/>\n<meta property=\"article:modified_time\" content=\"2022-12-14T10:03:33+00:00\" \/>\n<meta property=\"og:image\" content=\"https:\/\/azlp.mk\/wp-content\/uploads\/2022\/09\/1-scaled.jpg\" \/>\n\t<meta property=\"og:image:width\" content=\"2560\" \/>\n\t<meta property=\"og:image:height\" content=\"1183\" \/>\n\t<meta property=\"og:image:type\" content=\"image\/jpeg\" \/>\n<meta name=\"author\" content=\"admin\" \/>\n<meta name=\"twitter:card\" content=\"summary_large_image\" \/>\n<meta name=\"twitter:label1\" content=\"Written by\" \/>\n\t<meta name=\"twitter:data1\" content=\"admin\" \/>\n\t<meta name=\"twitter:label2\" content=\"Est. reading time\" \/>\n\t<meta name=\"twitter:data2\" content=\"2 minutes\" \/>\n<script type=\"application\/ld+json\" class=\"yoast-schema-graph\">{\"@context\":\"https:\/\/schema.org\",\"@graph\":[{\"@type\":\"WebPage\",\"@id\":\"https:\/\/azlp.mk\/sq\/konferenca-e-30-te-e-mbikeqyresve-evropiane-per-mbrojtjen-e-te-dhenave-personale\/\",\"url\":\"https:\/\/azlp.mk\/sq\/konferenca-e-30-te-e-mbikeqyresve-evropiane-per-mbrojtjen-e-te-dhenave-personale\/\",\"name\":\"Konferenca e 30-t\u00eb e Supervizor\u00ebve evropian p\u00ebr mbrojtjen e t\u00eb dh\u00ebnave personale - \u0410\u0433\u0435\u043d\u0446\u0438\u0458\u0430 \u0437\u0430 \u0437\u0430\u0448\u0442\u0438\u0442\u0430 \u043d\u0430 \u043b\u0438\u0447\u043d\u0438\u0442\u0435 \u043f\u043e\u0434\u0430\u0442\u043e\u0446\u0438\",\"isPartOf\":{\"@id\":\"https:\/\/azlp.mk\/#website\"},\"datePublished\":\"2022-05-23T17:12:34+00:00\",\"dateModified\":\"2022-12-14T10:03:33+00:00\",\"author\":{\"@id\":\"https:\/\/azlp.mk\/#\/schema\/person\/9ea716567edd00a311020cf60d084df5\"},\"breadcrumb\":{\"@id\":\"https:\/\/azlp.mk\/sq\/konferenca-e-30-te-e-mbikeqyresve-evropiane-per-mbrojtjen-e-te-dhenave-personale\/#breadcrumb\"},\"inLanguage\":\"sq-AL\",\"potentialAction\":[{\"@type\":\"ReadAction\",\"target\":[\"https:\/\/azlp.mk\/sq\/konferenca-e-30-te-e-mbikeqyresve-evropiane-per-mbrojtjen-e-te-dhenave-personale\/\"]}]},{\"@type\":\"BreadcrumbList\",\"@id\":\"https:\/\/azlp.mk\/sq\/konferenca-e-30-te-e-mbikeqyresve-evropiane-per-mbrojtjen-e-te-dhenave-personale\/#breadcrumb\",\"itemListElement\":[{\"@type\":\"ListItem\",\"position\":1,\"name\":\"Ballina\",\"item\":\"https:\/\/azlp.mk\/sq\/\"},{\"@type\":\"ListItem\",\"position\":2,\"name\":\"Konferenca e 30-t\u00eb e Supervizor\u00ebve evropian p\u00ebr mbrojtjen e t\u00eb dh\u00ebnave personale\"}]},{\"@type\":\"WebSite\",\"@id\":\"https:\/\/azlp.mk\/#website\",\"url\":\"https:\/\/azlp.mk\/\",\"name\":\"\u0410\u0433\u0435\u043d\u0446\u0438\u0458\u0430 \u0437\u0430 \u0437\u0430\u0448\u0442\u0438\u0442\u0430 \u043d\u0430 \u043b\u0438\u0447\u043d\u0438\u0442\u0435 \u043f\u043e\u0434\u0430\u0442\u043e\u0446\u0438\",\"description\":\"\",\"potentialAction\":[{\"@type\":\"SearchAction\",\"target\":{\"@type\":\"EntryPoint\",\"urlTemplate\":\"https:\/\/azlp.mk\/?s={search_term_string}\"},\"query-input\":\"required name=search_term_string\"}],\"inLanguage\":\"sq-AL\"},{\"@type\":\"Person\",\"@id\":\"https:\/\/azlp.mk\/#\/schema\/person\/9ea716567edd00a311020cf60d084df5\",\"name\":\"admin\",\"image\":{\"@type\":\"ImageObject\",\"inLanguage\":\"sq-AL\",\"@id\":\"https:\/\/azlp.mk\/#\/schema\/person\/image\/\",\"url\":\"https:\/\/secure.gravatar.com\/avatar\/d7fd94b33a4de95adb8a3b93535db69b?s=96&d=mm&r=g\",\"contentUrl\":\"https:\/\/secure.gravatar.com\/avatar\/d7fd94b33a4de95adb8a3b93535db69b?s=96&d=mm&r=g\",\"caption\":\"admin\"},\"sameAs\":[\"https:\/\/azlp.mk\"],\"url\":\"https:\/\/azlp.mk\/sq\/author\/oliver\/\"}]}<\/script>\n<!-- \/ Yoast SEO plugin. -->","yoast_head_json":{"title":"Konferenca e 30-t\u00eb e Supervizor\u00ebve evropian p\u00ebr mbrojtjen e t\u00eb dh\u00ebnave personale - \u0410\u0433\u0435\u043d\u0446\u0438\u0458\u0430 \u0437\u0430 \u0437\u0430\u0448\u0442\u0438\u0442\u0430 \u043d\u0430 \u043b\u0438\u0447\u043d\u0438\u0442\u0435 \u043f\u043e\u0434\u0430\u0442\u043e\u0446\u0438","robots":{"index":"index","follow":"follow","max-snippet":"max-snippet:-1","max-image-preview":"max-image-preview:large","max-video-preview":"max-video-preview:-1"},"canonical":"https:\/\/azlp.mk\/sq\/konferenca-e-30-te-e-mbikeqyresve-evropiane-per-mbrojtjen-e-te-dhenave-personale\/","og_locale":"sq_AL","og_type":"article","og_title":"Konferenca e 30-t\u00eb e Supervizor\u00ebve evropian p\u00ebr mbrojtjen e t\u00eb dh\u00ebnave personale - \u0410\u0433\u0435\u043d\u0446\u0438\u0458\u0430 \u0437\u0430 \u0437\u0430\u0448\u0442\u0438\u0442\u0430 \u043d\u0430 \u043b\u0438\u0447\u043d\u0438\u0442\u0435 \u043f\u043e\u0434\u0430\u0442\u043e\u0446\u0438","og_description":"P\u00ebrfaq\u00ebsues t\u00eb Agjencis\u00eb p\u00ebr Mbrojtjen e t\u00eb Dh\u00ebnave Personale mor\u00ebn [&hellip;]","og_url":"https:\/\/azlp.mk\/sq\/konferenca-e-30-te-e-mbikeqyresve-evropiane-per-mbrojtjen-e-te-dhenave-personale\/","og_site_name":"\u0410\u0433\u0435\u043d\u0446\u0438\u0458\u0430 \u0437\u0430 \u0437\u0430\u0448\u0442\u0438\u0442\u0430 \u043d\u0430 \u043b\u0438\u0447\u043d\u0438\u0442\u0435 \u043f\u043e\u0434\u0430\u0442\u043e\u0446\u0438","article_published_time":"2022-05-23T17:12:34+00:00","article_modified_time":"2022-12-14T10:03:33+00:00","og_image":[{"width":2560,"height":1183,"url":"https:\/\/azlp.mk\/wp-content\/uploads\/2022\/09\/1-scaled.jpg","type":"image\/jpeg"}],"author":"admin","twitter_card":"summary_large_image","twitter_misc":{"Written by":"admin","Est. reading time":"2 minutes"},"schema":{"@context":"https:\/\/schema.org","@graph":[{"@type":"WebPage","@id":"https:\/\/azlp.mk\/sq\/konferenca-e-30-te-e-mbikeqyresve-evropiane-per-mbrojtjen-e-te-dhenave-personale\/","url":"https:\/\/azlp.mk\/sq\/konferenca-e-30-te-e-mbikeqyresve-evropiane-per-mbrojtjen-e-te-dhenave-personale\/","name":"Konferenca e 30-t\u00eb e Supervizor\u00ebve evropian p\u00ebr mbrojtjen e t\u00eb dh\u00ebnave personale - \u0410\u0433\u0435\u043d\u0446\u0438\u0458\u0430 \u0437\u0430 \u0437\u0430\u0448\u0442\u0438\u0442\u0430 \u043d\u0430 \u043b\u0438\u0447\u043d\u0438\u0442\u0435 \u043f\u043e\u0434\u0430\u0442\u043e\u0446\u0438","isPartOf":{"@id":"https:\/\/azlp.mk\/#website"},"datePublished":"2022-05-23T17:12:34+00:00","dateModified":"2022-12-14T10:03:33+00:00","author":{"@id":"https:\/\/azlp.mk\/#\/schema\/person\/9ea716567edd00a311020cf60d084df5"},"breadcrumb":{"@id":"https:\/\/azlp.mk\/sq\/konferenca-e-30-te-e-mbikeqyresve-evropiane-per-mbrojtjen-e-te-dhenave-personale\/#breadcrumb"},"inLanguage":"sq-AL","potentialAction":[{"@type":"ReadAction","target":["https:\/\/azlp.mk\/sq\/konferenca-e-30-te-e-mbikeqyresve-evropiane-per-mbrojtjen-e-te-dhenave-personale\/"]}]},{"@type":"BreadcrumbList","@id":"https:\/\/azlp.mk\/sq\/konferenca-e-30-te-e-mbikeqyresve-evropiane-per-mbrojtjen-e-te-dhenave-personale\/#breadcrumb","itemListElement":[{"@type":"ListItem","position":1,"name":"Ballina","item":"https:\/\/azlp.mk\/sq\/"},{"@type":"ListItem","position":2,"name":"Konferenca e 30-t\u00eb e Supervizor\u00ebve evropian p\u00ebr mbrojtjen e t\u00eb dh\u00ebnave personale"}]},{"@type":"WebSite","@id":"https:\/\/azlp.mk\/#website","url":"https:\/\/azlp.mk\/","name":"\u0410\u0433\u0435\u043d\u0446\u0438\u0458\u0430 \u0437\u0430 \u0437\u0430\u0448\u0442\u0438\u0442\u0430 \u043d\u0430 \u043b\u0438\u0447\u043d\u0438\u0442\u0435 \u043f\u043e\u0434\u0430\u0442\u043e\u0446\u0438","description":"","potentialAction":[{"@type":"SearchAction","target":{"@type":"EntryPoint","urlTemplate":"https:\/\/azlp.mk\/?s={search_term_string}"},"query-input":"required name=search_term_string"}],"inLanguage":"sq-AL"},{"@type":"Person","@id":"https:\/\/azlp.mk\/#\/schema\/person\/9ea716567edd00a311020cf60d084df5","name":"admin","image":{"@type":"ImageObject","inLanguage":"sq-AL","@id":"https:\/\/azlp.mk\/#\/schema\/person\/image\/","url":"https:\/\/secure.gravatar.com\/avatar\/d7fd94b33a4de95adb8a3b93535db69b?s=96&d=mm&r=g","contentUrl":"https:\/\/secure.gravatar.com\/avatar\/d7fd94b33a4de95adb8a3b93535db69b?s=96&d=mm&r=g","caption":"admin"},"sameAs":["https:\/\/azlp.mk"],"url":"https:\/\/azlp.mk\/sq\/author\/oliver\/"}]}},"_links":{"self":[{"href":"https:\/\/azlp.mk\/sq\/wp-json\/wp\/v2\/posts\/10205"}],"collection":[{"href":"https:\/\/azlp.mk\/sq\/wp-json\/wp\/v2\/posts"}],"about":[{"href":"https:\/\/azlp.mk\/sq\/wp-json\/wp\/v2\/types\/post"}],"author":[{"embeddable":true,"href":"https:\/\/azlp.mk\/sq\/wp-json\/wp\/v2\/users\/1"}],"replies":[{"embeddable":true,"href":"https:\/\/azlp.mk\/sq\/wp-json\/wp\/v2\/comments?post=10205"}],"version-history":[{"count":1,"href":"https:\/\/azlp.mk\/sq\/wp-json\/wp\/v2\/posts\/10205\/revisions"}],"predecessor-version":[{"id":12732,"href":"https:\/\/azlp.mk\/sq\/wp-json\/wp\/v2\/posts\/10205\/revisions\/12732"}],"wp:featuredmedia":[{"embeddable":true,"href":"https:\/\/azlp.mk\/sq\/wp-json\/wp\/v2\/media\/9495"}],"wp:attachment":[{"href":"https:\/\/azlp.mk\/sq\/wp-json\/wp\/v2\/media?parent=10205"}],"wp:term":[{"taxonomy":"category","embeddable":true,"href":"https:\/\/azlp.mk\/sq\/wp-json\/wp\/v2\/categories?post=10205"},{"taxonomy":"post_tag","embeddable":true,"href":"https:\/\/azlp.mk\/sq\/wp-json\/wp\/v2\/tags?post=10205"}],"curies":[{"name":"wp","href":"https:\/\/api.w.org\/{rel}","templated":true}]}}