{"id":10200,"date":"2022-07-01T12:47:04","date_gmt":"2022-07-01T10:47:04","guid":{"rendered":"https:\/\/azlp.mk\/konference-rajonale-per-mbrojtjen-e-te-dhenave-personale-ne-prishtine-republika-e-kosoves\/"},"modified":"2022-12-14T11:57:27","modified_gmt":"2022-12-14T09:57:27","slug":"konference-rajonale-per-mbrojtjen-e-te-dhenave-personale-ne-prishtine-republika-e-kosoves","status":"publish","type":"post","link":"https:\/\/azlp.mk\/sq\/konference-rajonale-per-mbrojtjen-e-te-dhenave-personale-ne-prishtine-republika-e-kosoves\/","title":{"rendered":"Konferenca Rajonale p\u00ebr Mbrojtjen e t\u00eb Dh\u00ebnave Personale n\u00eb Prishtin\u00eb"},"content":{"rendered":"<p>M\u00eb dat\u00eb 28 dhe 29 qershor 2022, p\u00ebrfaq\u00ebsues t\u00eb Agjencis\u00eb p\u00ebr Mbrojtjen e t\u00eb Dh\u00ebnave Personale mor\u00ebn pjes\u00eb n\u00eb Konferenc\u00ebn rajonale p\u00ebr mbrojtjen e t\u00eb dh\u00ebnave personale n\u00eb Prishtin\u00eb, urganizuar nga Agjencia p\u00ebr Informim dhe Privat\u00ebsi e Republik\u00ebs s\u00eb Kosov\u00ebs.<\/p>\n<p>N\u00eb Konferenc\u00ebn Rajonale p\u00ebr mbrojtjen e t\u00eb dh\u00ebnave personalemor\u00ebn pjes\u00eb p\u00ebrfaq\u00ebsues te organeve p\u00ebrkat\u00ebse t\u00eb Kosov\u00ebs, Maqedonis\u00eb s\u00eb Veriut,\u00a0 Shqip\u00ebris\u00eb dhe Malit t\u00eb Zi.<\/p>\n<p>Q\u00ebllimi i Konferenc\u00ebs\u00a0 ishte shk\u00ebmbimi i p\u00ebrvojave m\u00eb t\u00eb mira n\u00eb fush\u00ebn e mbrojtjes s\u00eb t\u00eb dh\u00ebnave personale, shpalosja e sfidave t\u00eb p\u00ebrbashk\u00ebta n\u00eb k\u00ebt\u00eb fush\u00eb, si dhe thellimi i bashk\u00ebveprimit nd\u00ebrinstitucional dhe u diskutuan p\u00ebrgjegj\u00ebsit\u00eb, t\u00eb drejtat dhe sfidat lidhur me mbrojtjen e t\u00eb dh\u00ebnave personale n\u00eb sektor\u00ebt e siguris\u00eb, sh\u00ebndet\u00ebsis\u00eb, telekomunikimit, si dhe arsimit.<\/p>\n","protected":false},"excerpt":{"rendered":"<p>M\u00eb dat\u00eb 28 dhe 29 qershor 2022, p\u00ebrfaq\u00ebsues t\u00eb Agjencis\u00eb [&hellip;]<\/p>\n","protected":false},"author":1,"featured_media":9491,"comment_status":"open","ping_status":"open","sticky":false,"template":"","format":"standard","meta":{"footnotes":""},"categories":[80],"tags":[],"yoast_head":"<!-- This site is optimized with the Yoast SEO plugin v19.9 - https:\/\/yoast.com\/wordpress\/plugins\/seo\/ -->\n<title>Konferenca Rajonale p\u00ebr Mbrojtjen e t\u00eb Dh\u00ebnave Personale n\u00eb Prishtin\u00eb - \u0410\u0433\u0435\u043d\u0446\u0438\u0458\u0430 \u0437\u0430 \u0437\u0430\u0448\u0442\u0438\u0442\u0430 \u043d\u0430 \u043b\u0438\u0447\u043d\u0438\u0442\u0435 \u043f\u043e\u0434\u0430\u0442\u043e\u0446\u0438<\/title>\n<meta name=\"robots\" content=\"index, follow, max-snippet:-1, max-image-preview:large, max-video-preview:-1\" \/>\n<link rel=\"canonical\" href=\"https:\/\/azlp.mk\/sq\/konference-rajonale-per-mbrojtjen-e-te-dhenave-personale-ne-prishtine-republika-e-kosoves\/\" \/>\n<meta property=\"og:locale\" content=\"sq_AL\" \/>\n<meta property=\"og:type\" content=\"article\" \/>\n<meta property=\"og:title\" content=\"Konferenca Rajonale p\u00ebr Mbrojtjen e t\u00eb Dh\u00ebnave Personale n\u00eb Prishtin\u00eb - \u0410\u0433\u0435\u043d\u0446\u0438\u0458\u0430 \u0437\u0430 \u0437\u0430\u0448\u0442\u0438\u0442\u0430 \u043d\u0430 \u043b\u0438\u0447\u043d\u0438\u0442\u0435 \u043f\u043e\u0434\u0430\u0442\u043e\u0446\u0438\" \/>\n<meta property=\"og:description\" content=\"M\u00eb dat\u00eb 28 dhe 29 qershor 2022, p\u00ebrfaq\u00ebsues t\u00eb Agjencis\u00eb [&hellip;]\" \/>\n<meta property=\"og:url\" content=\"https:\/\/azlp.mk\/sq\/konference-rajonale-per-mbrojtjen-e-te-dhenave-personale-ne-prishtine-republika-e-kosoves\/\" \/>\n<meta property=\"og:site_name\" content=\"\u0410\u0433\u0435\u043d\u0446\u0438\u0458\u0430 \u0437\u0430 \u0437\u0430\u0448\u0442\u0438\u0442\u0430 \u043d\u0430 \u043b\u0438\u0447\u043d\u0438\u0442\u0435 \u043f\u043e\u0434\u0430\u0442\u043e\u0446\u0438\" \/>\n<meta property=\"article:published_time\" content=\"2022-07-01T10:47:04+00:00\" \/>\n<meta property=\"article:modified_time\" content=\"2022-12-14T09:57:27+00:00\" \/>\n<meta property=\"og:image\" content=\"https:\/\/azlp.mk\/wp-content\/uploads\/2022\/09\/img_1656926819847.jpg\" \/>\n\t<meta property=\"og:image:width\" content=\"1080\" \/>\n\t<meta property=\"og:image:height\" content=\"720\" \/>\n\t<meta property=\"og:image:type\" content=\"image\/jpeg\" \/>\n<meta name=\"author\" content=\"admin\" \/>\n<meta name=\"twitter:card\" content=\"summary_large_image\" \/>\n<meta name=\"twitter:label1\" content=\"Written by\" \/>\n\t<meta name=\"twitter:data1\" content=\"admin\" \/>\n\t<meta name=\"twitter:label2\" content=\"Est. reading time\" \/>\n\t<meta name=\"twitter:data2\" content=\"1 minute\" \/>\n<script type=\"application\/ld+json\" class=\"yoast-schema-graph\">{\"@context\":\"https:\/\/schema.org\",\"@graph\":[{\"@type\":\"WebPage\",\"@id\":\"https:\/\/azlp.mk\/sq\/konference-rajonale-per-mbrojtjen-e-te-dhenave-personale-ne-prishtine-republika-e-kosoves\/\",\"url\":\"https:\/\/azlp.mk\/sq\/konference-rajonale-per-mbrojtjen-e-te-dhenave-personale-ne-prishtine-republika-e-kosoves\/\",\"name\":\"Konferenca Rajonale p\u00ebr Mbrojtjen e t\u00eb Dh\u00ebnave Personale n\u00eb Prishtin\u00eb - \u0410\u0433\u0435\u043d\u0446\u0438\u0458\u0430 \u0437\u0430 \u0437\u0430\u0448\u0442\u0438\u0442\u0430 \u043d\u0430 \u043b\u0438\u0447\u043d\u0438\u0442\u0435 \u043f\u043e\u0434\u0430\u0442\u043e\u0446\u0438\",\"isPartOf\":{\"@id\":\"https:\/\/azlp.mk\/#website\"},\"datePublished\":\"2022-07-01T10:47:04+00:00\",\"dateModified\":\"2022-12-14T09:57:27+00:00\",\"author\":{\"@id\":\"https:\/\/azlp.mk\/#\/schema\/person\/9ea716567edd00a311020cf60d084df5\"},\"breadcrumb\":{\"@id\":\"https:\/\/azlp.mk\/sq\/konference-rajonale-per-mbrojtjen-e-te-dhenave-personale-ne-prishtine-republika-e-kosoves\/#breadcrumb\"},\"inLanguage\":\"sq-AL\",\"potentialAction\":[{\"@type\":\"ReadAction\",\"target\":[\"https:\/\/azlp.mk\/sq\/konference-rajonale-per-mbrojtjen-e-te-dhenave-personale-ne-prishtine-republika-e-kosoves\/\"]}]},{\"@type\":\"BreadcrumbList\",\"@id\":\"https:\/\/azlp.mk\/sq\/konference-rajonale-per-mbrojtjen-e-te-dhenave-personale-ne-prishtine-republika-e-kosoves\/#breadcrumb\",\"itemListElement\":[{\"@type\":\"ListItem\",\"position\":1,\"name\":\"Ballina\",\"item\":\"https:\/\/azlp.mk\/sq\/\"},{\"@type\":\"ListItem\",\"position\":2,\"name\":\"Konferenca Rajonale p\u00ebr Mbrojtjen e t\u00eb Dh\u00ebnave Personale n\u00eb Prishtin\u00eb\"}]},{\"@type\":\"WebSite\",\"@id\":\"https:\/\/azlp.mk\/#website\",\"url\":\"https:\/\/azlp.mk\/\",\"name\":\"\u0410\u0433\u0435\u043d\u0446\u0438\u0458\u0430 \u0437\u0430 \u0437\u0430\u0448\u0442\u0438\u0442\u0430 \u043d\u0430 \u043b\u0438\u0447\u043d\u0438\u0442\u0435 \u043f\u043e\u0434\u0430\u0442\u043e\u0446\u0438\",\"description\":\"\",\"potentialAction\":[{\"@type\":\"SearchAction\",\"target\":{\"@type\":\"EntryPoint\",\"urlTemplate\":\"https:\/\/azlp.mk\/?s={search_term_string}\"},\"query-input\":\"required name=search_term_string\"}],\"inLanguage\":\"sq-AL\"},{\"@type\":\"Person\",\"@id\":\"https:\/\/azlp.mk\/#\/schema\/person\/9ea716567edd00a311020cf60d084df5\",\"name\":\"admin\",\"image\":{\"@type\":\"ImageObject\",\"inLanguage\":\"sq-AL\",\"@id\":\"https:\/\/azlp.mk\/#\/schema\/person\/image\/\",\"url\":\"https:\/\/secure.gravatar.com\/avatar\/d7fd94b33a4de95adb8a3b93535db69b?s=96&d=mm&r=g\",\"contentUrl\":\"https:\/\/secure.gravatar.com\/avatar\/d7fd94b33a4de95adb8a3b93535db69b?s=96&d=mm&r=g\",\"caption\":\"admin\"},\"sameAs\":[\"https:\/\/azlp.mk\"],\"url\":\"https:\/\/azlp.mk\/sq\/author\/oliver\/\"}]}<\/script>\n<!-- \/ Yoast SEO plugin. -->","yoast_head_json":{"title":"Konferenca Rajonale p\u00ebr Mbrojtjen e t\u00eb Dh\u00ebnave Personale n\u00eb Prishtin\u00eb - \u0410\u0433\u0435\u043d\u0446\u0438\u0458\u0430 \u0437\u0430 \u0437\u0430\u0448\u0442\u0438\u0442\u0430 \u043d\u0430 \u043b\u0438\u0447\u043d\u0438\u0442\u0435 \u043f\u043e\u0434\u0430\u0442\u043e\u0446\u0438","robots":{"index":"index","follow":"follow","max-snippet":"max-snippet:-1","max-image-preview":"max-image-preview:large","max-video-preview":"max-video-preview:-1"},"canonical":"https:\/\/azlp.mk\/sq\/konference-rajonale-per-mbrojtjen-e-te-dhenave-personale-ne-prishtine-republika-e-kosoves\/","og_locale":"sq_AL","og_type":"article","og_title":"Konferenca Rajonale p\u00ebr Mbrojtjen e t\u00eb Dh\u00ebnave Personale n\u00eb Prishtin\u00eb - \u0410\u0433\u0435\u043d\u0446\u0438\u0458\u0430 \u0437\u0430 \u0437\u0430\u0448\u0442\u0438\u0442\u0430 \u043d\u0430 \u043b\u0438\u0447\u043d\u0438\u0442\u0435 \u043f\u043e\u0434\u0430\u0442\u043e\u0446\u0438","og_description":"M\u00eb dat\u00eb 28 dhe 29 qershor 2022, p\u00ebrfaq\u00ebsues t\u00eb Agjencis\u00eb [&hellip;]","og_url":"https:\/\/azlp.mk\/sq\/konference-rajonale-per-mbrojtjen-e-te-dhenave-personale-ne-prishtine-republika-e-kosoves\/","og_site_name":"\u0410\u0433\u0435\u043d\u0446\u0438\u0458\u0430 \u0437\u0430 \u0437\u0430\u0448\u0442\u0438\u0442\u0430 \u043d\u0430 \u043b\u0438\u0447\u043d\u0438\u0442\u0435 \u043f\u043e\u0434\u0430\u0442\u043e\u0446\u0438","article_published_time":"2022-07-01T10:47:04+00:00","article_modified_time":"2022-12-14T09:57:27+00:00","og_image":[{"width":1080,"height":720,"url":"https:\/\/azlp.mk\/wp-content\/uploads\/2022\/09\/img_1656926819847.jpg","type":"image\/jpeg"}],"author":"admin","twitter_card":"summary_large_image","twitter_misc":{"Written by":"admin","Est. reading time":"1 minute"},"schema":{"@context":"https:\/\/schema.org","@graph":[{"@type":"WebPage","@id":"https:\/\/azlp.mk\/sq\/konference-rajonale-per-mbrojtjen-e-te-dhenave-personale-ne-prishtine-republika-e-kosoves\/","url":"https:\/\/azlp.mk\/sq\/konference-rajonale-per-mbrojtjen-e-te-dhenave-personale-ne-prishtine-republika-e-kosoves\/","name":"Konferenca Rajonale p\u00ebr Mbrojtjen e t\u00eb Dh\u00ebnave Personale n\u00eb Prishtin\u00eb - \u0410\u0433\u0435\u043d\u0446\u0438\u0458\u0430 \u0437\u0430 \u0437\u0430\u0448\u0442\u0438\u0442\u0430 \u043d\u0430 \u043b\u0438\u0447\u043d\u0438\u0442\u0435 \u043f\u043e\u0434\u0430\u0442\u043e\u0446\u0438","isPartOf":{"@id":"https:\/\/azlp.mk\/#website"},"datePublished":"2022-07-01T10:47:04+00:00","dateModified":"2022-12-14T09:57:27+00:00","author":{"@id":"https:\/\/azlp.mk\/#\/schema\/person\/9ea716567edd00a311020cf60d084df5"},"breadcrumb":{"@id":"https:\/\/azlp.mk\/sq\/konference-rajonale-per-mbrojtjen-e-te-dhenave-personale-ne-prishtine-republika-e-kosoves\/#breadcrumb"},"inLanguage":"sq-AL","potentialAction":[{"@type":"ReadAction","target":["https:\/\/azlp.mk\/sq\/konference-rajonale-per-mbrojtjen-e-te-dhenave-personale-ne-prishtine-republika-e-kosoves\/"]}]},{"@type":"BreadcrumbList","@id":"https:\/\/azlp.mk\/sq\/konference-rajonale-per-mbrojtjen-e-te-dhenave-personale-ne-prishtine-republika-e-kosoves\/#breadcrumb","itemListElement":[{"@type":"ListItem","position":1,"name":"Ballina","item":"https:\/\/azlp.mk\/sq\/"},{"@type":"ListItem","position":2,"name":"Konferenca Rajonale p\u00ebr Mbrojtjen e t\u00eb Dh\u00ebnave Personale n\u00eb Prishtin\u00eb"}]},{"@type":"WebSite","@id":"https:\/\/azlp.mk\/#website","url":"https:\/\/azlp.mk\/","name":"\u0410\u0433\u0435\u043d\u0446\u0438\u0458\u0430 \u0437\u0430 \u0437\u0430\u0448\u0442\u0438\u0442\u0430 \u043d\u0430 \u043b\u0438\u0447\u043d\u0438\u0442\u0435 \u043f\u043e\u0434\u0430\u0442\u043e\u0446\u0438","description":"","potentialAction":[{"@type":"SearchAction","target":{"@type":"EntryPoint","urlTemplate":"https:\/\/azlp.mk\/?s={search_term_string}"},"query-input":"required name=search_term_string"}],"inLanguage":"sq-AL"},{"@type":"Person","@id":"https:\/\/azlp.mk\/#\/schema\/person\/9ea716567edd00a311020cf60d084df5","name":"admin","image":{"@type":"ImageObject","inLanguage":"sq-AL","@id":"https:\/\/azlp.mk\/#\/schema\/person\/image\/","url":"https:\/\/secure.gravatar.com\/avatar\/d7fd94b33a4de95adb8a3b93535db69b?s=96&d=mm&r=g","contentUrl":"https:\/\/secure.gravatar.com\/avatar\/d7fd94b33a4de95adb8a3b93535db69b?s=96&d=mm&r=g","caption":"admin"},"sameAs":["https:\/\/azlp.mk"],"url":"https:\/\/azlp.mk\/sq\/author\/oliver\/"}]}},"_links":{"self":[{"href":"https:\/\/azlp.mk\/sq\/wp-json\/wp\/v2\/posts\/10200"}],"collection":[{"href":"https:\/\/azlp.mk\/sq\/wp-json\/wp\/v2\/posts"}],"about":[{"href":"https:\/\/azlp.mk\/sq\/wp-json\/wp\/v2\/types\/post"}],"author":[{"embeddable":true,"href":"https:\/\/azlp.mk\/sq\/wp-json\/wp\/v2\/users\/1"}],"replies":[{"embeddable":true,"href":"https:\/\/azlp.mk\/sq\/wp-json\/wp\/v2\/comments?post=10200"}],"version-history":[{"count":1,"href":"https:\/\/azlp.mk\/sq\/wp-json\/wp\/v2\/posts\/10200\/revisions"}],"predecessor-version":[{"id":12725,"href":"https:\/\/azlp.mk\/sq\/wp-json\/wp\/v2\/posts\/10200\/revisions\/12725"}],"wp:featuredmedia":[{"embeddable":true,"href":"https:\/\/azlp.mk\/sq\/wp-json\/wp\/v2\/media\/9491"}],"wp:attachment":[{"href":"https:\/\/azlp.mk\/sq\/wp-json\/wp\/v2\/media?parent=10200"}],"wp:term":[{"taxonomy":"category","embeddable":true,"href":"https:\/\/azlp.mk\/sq\/wp-json\/wp\/v2\/categories?post=10200"},{"taxonomy":"post_tag","embeddable":true,"href":"https:\/\/azlp.mk\/sq\/wp-json\/wp\/v2\/tags?post=10200"}],"curies":[{"name":"wp","href":"https:\/\/api.w.org\/{rel}","templated":true}]}}